{"id":18433,"date":"2018-06-15T10:32:50","date_gmt":"2018-06-15T14:32:50","guid":{"rendered":"http:\/\/blogdalucianaoliveira.com.br\/blog\/?p=18433"},"modified":"2018-06-15T10:36:34","modified_gmt":"2018-06-15T14:36:34","slug":"comunidade-busca-apoio-para-o-52%cb%9a-festival-cultural-de-nazare","status":"publish","type":"post","link":"http:\/\/blogdalucianaoliveira.com.br\/blog\/2018\/06\/15\/comunidade-busca-apoio-para-o-52%cb%9a-festival-cultural-de-nazare\/","title":{"rendered":"COMUNIDADE BUSCA APOIO PARA O 52\u02da FESTIVAL CULTURAL DE NAZAR\u00c9"},"content":{"rendered":"<p>&nbsp;<\/p>\n<p><img data-recalc-dims=\"1\" loading=\"lazy\" decoding=\"async\" data-attachment-id=\"18437\" data-permalink=\"http:\/\/blogdalucianaoliveira.com.br\/blog\/2018\/06\/15\/comunidade-busca-apoio-para-o-52%cb%9a-festival-cultural-de-nazare\/lindo-3\/\" data-orig-file=\"https:\/\/i0.wp.com\/blogdalucianaoliveira.com.br\/blog\/wp-content\/uploads\/2018\/06\/lindo.jpg?fit=720%2C480\" data-orig-size=\"720,480\" data-comments-opened=\"0\" data-image-meta=\"{&quot;aperture&quot;:&quot;0&quot;,&quot;credit&quot;:&quot;&quot;,&quot;camera&quot;:&quot;&quot;,&quot;caption&quot;:&quot;&quot;,&quot;created_timestamp&quot;:&quot;0&quot;,&quot;copyright&quot;:&quot;&quot;,&quot;focal_length&quot;:&quot;0&quot;,&quot;iso&quot;:&quot;0&quot;,&quot;shutter_speed&quot;:&quot;0&quot;,&quot;title&quot;:&quot;&quot;,&quot;orientation&quot;:&quot;0&quot;}\" data-image-title=\"lindo\" data-image-description=\"\" data-image-caption=\"\" data-medium-file=\"https:\/\/i0.wp.com\/blogdalucianaoliveira.com.br\/blog\/wp-content\/uploads\/2018\/06\/lindo.jpg?fit=300%2C200\" data-large-file=\"https:\/\/i0.wp.com\/blogdalucianaoliveira.com.br\/blog\/wp-content\/uploads\/2018\/06\/lindo.jpg?fit=600%2C400\" class=\"alignnone size-full wp-image-18437\" src=\"https:\/\/i0.wp.com\/blogdalucianaoliveira.com.br\/blog\/wp-content\/uploads\/2018\/06\/lindo.jpg?resize=600%2C400\" alt=\"lindo\" width=\"600\" height=\"400\" srcset=\"https:\/\/i0.wp.com\/blogdalucianaoliveira.com.br\/blog\/wp-content\/uploads\/2018\/06\/lindo.jpg?w=720 720w, https:\/\/i0.wp.com\/blogdalucianaoliveira.com.br\/blog\/wp-content\/uploads\/2018\/06\/lindo.jpg?resize=300%2C200 300w, https:\/\/i0.wp.com\/blogdalucianaoliveira.com.br\/blog\/wp-content\/uploads\/2018\/06\/lindo.jpg?resize=450%2C300 450w\" sizes=\"auto, (max-width: 600px) 100vw, 600px\" \/><\/p>\n<p>Ser\u00e1 nos dias 20 e 21 de julho o evento de artes Integradas que se constitui como um dos mais densos em cultura popular do estado.<\/p>\n<p>Idealizado pelo saudoso professor Manoel Maciel Nunes e mantido por seus familiares junto com a comunidade local, o Festival Cultura de Nazar\u00e9 exalta ritmos e personagens folcl\u00f3ricos presentes na cultura ribeirinha.<!--more--><\/p>\n<p>O grande arraial tem a tradi\u00e7\u00e3o \u00a0do boi-bumb\u00e1 Curumim, quadrilha, apresenta\u00e7\u00f5es de Seringand\u00f4 e Carimb\u00f3, show musical com o grupo Minhas Ra\u00edzes e com a Velha Guarda de Nazar\u00e9, comidas t\u00edpicas, passeios tur\u00edsticos e v\u00e1rias atividades de lazer.<\/p>\n<p>Para chegar ao distrito basta escolher uma das embarca\u00e7\u00f5es que partem do Porto do Cai N\u2019\u00c1gua em Porto Velho na noite anterior \u00e0 festa. H\u00e1 op\u00e7\u00e3o de pacotes que incluem a viagem e a pousada pelo contato: 9242-6262.<\/p>\n<p><img data-recalc-dims=\"1\" loading=\"lazy\" decoding=\"async\" data-attachment-id=\"18436\" data-permalink=\"http:\/\/blogdalucianaoliveira.com.br\/blog\/2018\/06\/15\/comunidade-busca-apoio-para-o-52%cb%9a-festival-cultural-de-nazare\/mazr\/\" data-orig-file=\"https:\/\/i0.wp.com\/blogdalucianaoliveira.com.br\/blog\/wp-content\/uploads\/2018\/06\/mazr.jpg?fit=960%2C604\" data-orig-size=\"960,604\" data-comments-opened=\"0\" data-image-meta=\"{&quot;aperture&quot;:&quot;0&quot;,&quot;credit&quot;:&quot;&quot;,&quot;camera&quot;:&quot;&quot;,&quot;caption&quot;:&quot;&quot;,&quot;created_timestamp&quot;:&quot;0&quot;,&quot;copyright&quot;:&quot;&quot;,&quot;focal_length&quot;:&quot;0&quot;,&quot;iso&quot;:&quot;0&quot;,&quot;shutter_speed&quot;:&quot;0&quot;,&quot;title&quot;:&quot;&quot;,&quot;orientation&quot;:&quot;0&quot;}\" data-image-title=\"mazr\" data-image-description=\"\" data-image-caption=\"\" data-medium-file=\"https:\/\/i0.wp.com\/blogdalucianaoliveira.com.br\/blog\/wp-content\/uploads\/2018\/06\/mazr.jpg?fit=300%2C189\" data-large-file=\"https:\/\/i0.wp.com\/blogdalucianaoliveira.com.br\/blog\/wp-content\/uploads\/2018\/06\/mazr.jpg?fit=600%2C378\" class=\"alignnone size-full wp-image-18436\" src=\"https:\/\/i0.wp.com\/blogdalucianaoliveira.com.br\/blog\/wp-content\/uploads\/2018\/06\/mazr.jpg?resize=600%2C378\" alt=\"mazr\" width=\"600\" height=\"378\" srcset=\"https:\/\/i0.wp.com\/blogdalucianaoliveira.com.br\/blog\/wp-content\/uploads\/2018\/06\/mazr.jpg?w=960 960w, https:\/\/i0.wp.com\/blogdalucianaoliveira.com.br\/blog\/wp-content\/uploads\/2018\/06\/mazr.jpg?resize=300%2C189 300w, https:\/\/i0.wp.com\/blogdalucianaoliveira.com.br\/blog\/wp-content\/uploads\/2018\/06\/mazr.jpg?resize=768%2C483 768w, https:\/\/i0.wp.com\/blogdalucianaoliveira.com.br\/blog\/wp-content\/uploads\/2018\/06\/mazr.jpg?resize=477%2C300 477w\" sizes=\"auto, (max-width: 600px) 100vw, 600px\" \/><\/p>\n<p>\u00c9 uma festa que atrai gente da capital e de v\u00e1rios distritos vizinhos e sua for\u00e7a est\u00e1 no compromisso de manter a heran\u00e7a.<\/p>\n<p>Com custo log\u00edstico e estrutural alto, a comunidade pede apoio de quem valoriza a cultura popular.<\/p>\n<p>Quem quiser se tornar um apoiador deve telefonar para o mesmo n\u00famero (acima) onde s\u00e3o feitas as reservas de pacote.<\/p>\n<p><img data-recalc-dims=\"1\" loading=\"lazy\" decoding=\"async\" data-attachment-id=\"18435\" data-permalink=\"http:\/\/blogdalucianaoliveira.com.br\/blog\/2018\/06\/15\/comunidade-busca-apoio-para-o-52%cb%9a-festival-cultural-de-nazare\/cami\/\" data-orig-file=\"https:\/\/i0.wp.com\/blogdalucianaoliveira.com.br\/blog\/wp-content\/uploads\/2018\/06\/cami.jpg?fit=640%2C960\" data-orig-size=\"640,960\" data-comments-opened=\"0\" data-image-meta=\"{&quot;aperture&quot;:&quot;0&quot;,&quot;credit&quot;:&quot;&quot;,&quot;camera&quot;:&quot;&quot;,&quot;caption&quot;:&quot;&quot;,&quot;created_timestamp&quot;:&quot;0&quot;,&quot;copyright&quot;:&quot;&quot;,&quot;focal_length&quot;:&quot;0&quot;,&quot;iso&quot;:&quot;0&quot;,&quot;shutter_speed&quot;:&quot;0&quot;,&quot;title&quot;:&quot;&quot;,&quot;orientation&quot;:&quot;0&quot;}\" data-image-title=\"cami\" data-image-description=\"\" data-image-caption=\"\" data-medium-file=\"https:\/\/i0.wp.com\/blogdalucianaoliveira.com.br\/blog\/wp-content\/uploads\/2018\/06\/cami.jpg?fit=200%2C300\" data-large-file=\"https:\/\/i0.wp.com\/blogdalucianaoliveira.com.br\/blog\/wp-content\/uploads\/2018\/06\/cami.jpg?fit=600%2C900\" class=\"alignnone size-full wp-image-18435\" src=\"https:\/\/i0.wp.com\/blogdalucianaoliveira.com.br\/blog\/wp-content\/uploads\/2018\/06\/cami.jpg?resize=600%2C900\" alt=\"cami\" width=\"600\" height=\"900\" srcset=\"https:\/\/i0.wp.com\/blogdalucianaoliveira.com.br\/blog\/wp-content\/uploads\/2018\/06\/cami.jpg?w=640 640w, https:\/\/i0.wp.com\/blogdalucianaoliveira.com.br\/blog\/wp-content\/uploads\/2018\/06\/cami.jpg?resize=200%2C300 200w\" sizes=\"auto, (max-width: 600px) 100vw, 600px\" \/><\/p>\n<p>\u00c9 poss\u00edvel ajudar com a compra de camisetas do evento ou atrav\u00e9s da &#8216;vakinha online&#8217; atrav\u00e9s do link: <a href=\"https:\/\/www.vakinha.com.br\/vaquinha\/festival-cultural-de-nazare-2018\/contribua\">https:\/\/www.vakinha.com.br\/vaquinha\/festival-cultural-de-nazare-2018\/contribua<\/a><\/p>\n<p>&nbsp;<\/p>\n<p>Entre as caracter\u00edsticas marcantes do festival est\u00e3o a produ\u00e7\u00e3o artesanal de alegorias, indument\u00e1rias e instrumentos a partir do reaproveitamento de material da natureza descarta naturalmente.<\/p>\n<p>A estimativa de p\u00fablico gira em torno de 1200 pessoas em cada dia, o seja, mais que o dobro da popula\u00e7\u00e3o da comunidade.<\/p>\n<p>&nbsp;<\/p>\n<p>&nbsp;<br \/>\nVeja como foi o Festival em 2017:<\/p>\n<p><iframe loading=\"lazy\" src=\"https:\/\/www.facebook.com\/plugins\/video.php?href=https%3A%2F%2Fwww.facebook.com%2Fluciana.oliveira.75457%2Fvideos%2F1504296072979624%2F&#038;show_text=0&#038;width=560\" width=\"560\" height=\"315\" style=\"border:none;overflow:hidden\" scrolling=\"no\" frameborder=\"0\" allowTransparency=\"true\" allowFullScreen=\"true\"><\/iframe><\/p>\n","protected":false},"excerpt":{"rendered":"<p>&nbsp; Ser\u00e1 nos dias 20 e 21 de julho o evento de artes Integradas que se constitui como um dos mais densos em cultura popular do estado. Idealizado pelo saudoso professor Manoel Maciel Nunes e mantido por seus familiares junto com a comunidade local, o Festival Cultura de Nazar\u00e9 exalta ritmos e personagens folcl\u00f3ricos presentes&#8230;<a class=\"more-link\" href=\"http:\/\/blogdalucianaoliveira.com.br\/blog\/2018\/06\/15\/comunidade-busca-apoio-para-o-52%cb%9a-festival-cultural-de-nazare\/\">Continue a leitura <span class=\"meta-nav\">&raquo;<\/span><\/a><\/p>\n","protected":false},"author":1,"featured_media":0,"comment_status":"closed","ping_status":"open","sticky":false,"template":"","format":"standard","meta":{"_exactmetrics_skip_tracking":false,"_exactmetrics_sitenote_active":false,"_exactmetrics_sitenote_note":"","_exactmetrics_sitenote_category":0,"jetpack_post_was_ever_published":false,"_jetpack_newsletter_access":"","_jetpack_dont_email_post_to_subs":false,"_jetpack_newsletter_tier_id":0,"_jetpack_memberships_contains_paywalled_content":false,"_jetpack_memberships_contains_paid_content":false,"footnotes":"","jetpack_publicize_message":"","jetpack_publicize_feature_enabled":true,"jetpack_social_post_already_shared":true,"jetpack_social_options":{"image_generator_settings":{"template":"highway","enabled":false},"version":2}},"categories":[1],"tags":[],"class_list":["post-18433","post","type-post","status-publish","format-standard","hentry","category-notas"],"jetpack_publicize_connections":[],"jetpack_sharing_enabled":true,"jetpack_featured_media_url":"","jetpack_shortlink":"https:\/\/wp.me\/p7wKYW-4Nj","jetpack-related-posts":[],"_links":{"self":[{"href":"http:\/\/blogdalucianaoliveira.com.br\/blog\/wp-json\/wp\/v2\/posts\/18433","targetHints":{"allow":["GET"]}}],"collection":[{"href":"http:\/\/blogdalucianaoliveira.com.br\/blog\/wp-json\/wp\/v2\/posts"}],"about":[{"href":"http:\/\/blogdalucianaoliveira.com.br\/blog\/wp-json\/wp\/v2\/types\/post"}],"author":[{"embeddable":true,"href":"http:\/\/blogdalucianaoliveira.com.br\/blog\/wp-json\/wp\/v2\/users\/1"}],"replies":[{"embeddable":true,"href":"http:\/\/blogdalucianaoliveira.com.br\/blog\/wp-json\/wp\/v2\/comments?post=18433"}],"version-history":[{"count":5,"href":"http:\/\/blogdalucianaoliveira.com.br\/blog\/wp-json\/wp\/v2\/posts\/18433\/revisions"}],"predecessor-version":[{"id":18442,"href":"http:\/\/blogdalucianaoliveira.com.br\/blog\/wp-json\/wp\/v2\/posts\/18433\/revisions\/18442"}],"wp:attachment":[{"href":"http:\/\/blogdalucianaoliveira.com.br\/blog\/wp-json\/wp\/v2\/media?parent=18433"}],"wp:term":[{"taxonomy":"category","embeddable":true,"href":"http:\/\/blogdalucianaoliveira.com.br\/blog\/wp-json\/wp\/v2\/categories?post=18433"},{"taxonomy":"post_tag","embeddable":true,"href":"http:\/\/blogdalucianaoliveira.com.br\/blog\/wp-json\/wp\/v2\/tags?post=18433"}],"curies":[{"name":"wp","href":"https:\/\/api.w.org\/{rel}","templated":true}]}}