{"id":18451,"date":"2018-06-17T09:28:59","date_gmt":"2018-06-17T13:28:59","guid":{"rendered":"http:\/\/blogdalucianaoliveira.com.br\/blog\/?p=18451"},"modified":"2018-06-17T09:30:44","modified_gmt":"2018-06-17T13:30:44","slug":"aquarteladas","status":"publish","type":"post","link":"http:\/\/blogdalucianaoliveira.com.br\/blog\/2018\/06\/17\/aquarteladas\/","title":{"rendered":"Aquarteladas"},"content":{"rendered":"<div class=\"jetpack-video-wrapper\"><span class=\"embed-youtube\" style=\"text-align:center; display: block;\"><iframe loading=\"lazy\" class=\"youtube-player\" width=\"600\" height=\"338\" src=\"https:\/\/www.youtube.com\/embed\/9S1mNrRVG-?version=3&#038;rel=1&#038;showsearch=0&#038;showinfo=1&#038;iv_load_policy=1&#038;fs=1&#038;hl=pt-BR&#038;autohide=2&#038;wmode=transparent\" allowfullscreen=\"true\" style=\"border:0;\" sandbox=\"allow-scripts allow-same-origin allow-popups allow-presentation allow-popups-to-escape-sandbox\"><\/iframe><\/span><\/div>\n<p>A ag\u00eancia de jornalismo independente Amaz\u00f4nia Real  lan\u00e7ou nesta sexta-feira (15) na plataforma do Youtube o document\u00e1rio \u201cAquarteladas\u201d, produzido pelo projeto \u201cOlhando por dentro da Floresta Amaz\u00f4nia\u201d. Sob a \u00f3tica das mulheres da Comunidade de Remanescentes Quilombolas do Forte Pr\u00edncipe da Beira, o filme conta a hist\u00f3ria e a opini\u00e3o delas sobre o conflito territorial com o Ex\u00e9rcito brasileiro, que ocorre h\u00e1 mais de 14 anos, em Rond\u00f4nia. <!--more--><\/p>\n<p>No filme, as mulheres de remanescentes quilombolas denunciam que sofrem restri\u00e7\u00f5es dos militares no direito de ir e vir, para fazer as ro\u00e7as, pescar e nas atividades do extrativismo vegetal. <\/p>\n<p>No elenco de \u201cAquarteladas\u201d a jornalista Maria Fernanda Ribeiro e a fot\u00f3grafa Marcela Bonfim, que assinam a dire\u00e7\u00e3o do document\u00e1rio, entrevistaram as lideran\u00e7as Camila da Paz, Caroline de Azevedo Gomes, Dilce Gomes Neri, Edilaine Barros Fernandes, La\u00eds Miriam dos Santos, Maria do Nascimento Rodrigues, Raimunda D\u2019Alvez Santos e Walderez Dias. O document\u00e1rio contou com a edi\u00e7\u00e3o de Carlos Maga e a mixagem de som de Pedro Rom\u00e3o. Maria Fernanda assina ainda as reportagens e o roteiro. Marcela fez as fotografias e as imagens e v\u00eddeos. <\/p>\n<p>O document\u00e1rio \u201cAquarteladas\u201d faz parte do projeto \u201cOlhando por dentro da Floresta Amaz\u00f4nica\u201d, que tem o objetivo de contribuir para o entendimento sobre os impactos ambientais e as viola\u00e7\u00f5es de direitos humanos que enfrentam os povos da Amaz\u00f4nia, sobretudo as popula\u00e7\u00f5es ind\u00edgenas, quilombolas, extrativistas e ribeirinhas que t\u00eam pouco visibilidade na m\u00eddia nacional. A iniciativa conta com a parceria da organiza\u00e7\u00e3o InfoAmaz\u00f4nia e recebe o financiamento da Alian\u00e7a pelo Clima e Uso da Terra \u2013 CLUA. <\/p>\n<p>Acessem o link: https:\/\/youtu.be\/9S1mNrRVG-c<\/p>\n","protected":false},"excerpt":{"rendered":"<p>A ag\u00eancia de jornalismo independente Amaz\u00f4nia Real lan\u00e7ou nesta sexta-feira (15) na plataforma do Youtube o document\u00e1rio \u201cAquarteladas\u201d, produzido pelo projeto \u201cOlhando por dentro da Floresta Amaz\u00f4nia\u201d. Sob a \u00f3tica das mulheres da Comunidade de Remanescentes Quilombolas do Forte Pr\u00edncipe da Beira, o filme conta a hist\u00f3ria e a opini\u00e3o delas sobre o conflito territorial&#8230;<a class=\"more-link\" href=\"http:\/\/blogdalucianaoliveira.com.br\/blog\/2018\/06\/17\/aquarteladas\/\">Continue a leitura <span class=\"meta-nav\">&raquo;<\/span><\/a><\/p>\n","protected":false},"author":1,"featured_media":0,"comment_status":"closed","ping_status":"open","sticky":false,"template":"","format":"standard","meta":{"_exactmetrics_skip_tracking":false,"_exactmetrics_sitenote_active":false,"_exactmetrics_sitenote_note":"","_exactmetrics_sitenote_category":0,"jetpack_post_was_ever_published":false,"_jetpack_newsletter_access":"","_jetpack_dont_email_post_to_subs":false,"_jetpack_newsletter_tier_id":0,"_jetpack_memberships_contains_paywalled_content":false,"_jetpack_memberships_contains_paid_content":false,"footnotes":"","jetpack_publicize_message":"","jetpack_publicize_feature_enabled":true,"jetpack_social_post_already_shared":true,"jetpack_social_options":{"image_generator_settings":{"template":"highway","enabled":false},"version":2}},"categories":[1],"tags":[],"class_list":["post-18451","post","type-post","status-publish","format-standard","hentry","category-notas"],"jetpack_publicize_connections":[],"jetpack_sharing_enabled":true,"jetpack_featured_media_url":"","jetpack_shortlink":"https:\/\/wp.me\/p7wKYW-4NB","jetpack-related-posts":[],"_links":{"self":[{"href":"http:\/\/blogdalucianaoliveira.com.br\/blog\/wp-json\/wp\/v2\/posts\/18451","targetHints":{"allow":["GET"]}}],"collection":[{"href":"http:\/\/blogdalucianaoliveira.com.br\/blog\/wp-json\/wp\/v2\/posts"}],"about":[{"href":"http:\/\/blogdalucianaoliveira.com.br\/blog\/wp-json\/wp\/v2\/types\/post"}],"author":[{"embeddable":true,"href":"http:\/\/blogdalucianaoliveira.com.br\/blog\/wp-json\/wp\/v2\/users\/1"}],"replies":[{"embeddable":true,"href":"http:\/\/blogdalucianaoliveira.com.br\/blog\/wp-json\/wp\/v2\/comments?post=18451"}],"version-history":[{"count":3,"href":"http:\/\/blogdalucianaoliveira.com.br\/blog\/wp-json\/wp\/v2\/posts\/18451\/revisions"}],"predecessor-version":[{"id":18454,"href":"http:\/\/blogdalucianaoliveira.com.br\/blog\/wp-json\/wp\/v2\/posts\/18451\/revisions\/18454"}],"wp:attachment":[{"href":"http:\/\/blogdalucianaoliveira.com.br\/blog\/wp-json\/wp\/v2\/media?parent=18451"}],"wp:term":[{"taxonomy":"category","embeddable":true,"href":"http:\/\/blogdalucianaoliveira.com.br\/blog\/wp-json\/wp\/v2\/categories?post=18451"},{"taxonomy":"post_tag","embeddable":true,"href":"http:\/\/blogdalucianaoliveira.com.br\/blog\/wp-json\/wp\/v2\/tags?post=18451"}],"curies":[{"name":"wp","href":"https:\/\/api.w.org\/{rel}","templated":true}]}}