{"id":18456,"date":"2018-06-18T11:08:01","date_gmt":"2018-06-18T15:08:01","guid":{"rendered":"http:\/\/blogdalucianaoliveira.com.br\/blog\/?p=18456"},"modified":"2018-06-18T12:41:46","modified_gmt":"2018-06-18T16:41:46","slug":"o-realismo-fantastico-que-a-midia-estimula-para-criar-um-heroi-na-copa","status":"publish","type":"post","link":"http:\/\/blogdalucianaoliveira.com.br\/blog\/2018\/06\/18\/o-realismo-fantastico-que-a-midia-estimula-para-criar-um-heroi-na-copa\/","title":{"rendered":"O realismo fant\u00e1stico que a m\u00eddia estimula para criar um her\u00f3i na Copa"},"content":{"rendered":"<p><img data-recalc-dims=\"1\" loading=\"lazy\" decoding=\"async\" data-attachment-id=\"18457\" data-permalink=\"http:\/\/blogdalucianaoliveira.com.br\/blog\/2018\/06\/18\/o-realismo-fantastico-que-a-midia-estimula-para-criar-um-heroi-na-copa\/macuuna\/\" data-orig-file=\"https:\/\/i0.wp.com\/blogdalucianaoliveira.com.br\/blog\/wp-content\/uploads\/2018\/06\/macuuna.jpg?fit=768%2C432\" data-orig-size=\"768,432\" data-comments-opened=\"0\" data-image-meta=\"{&quot;aperture&quot;:&quot;0&quot;,&quot;credit&quot;:&quot;&quot;,&quot;camera&quot;:&quot;&quot;,&quot;caption&quot;:&quot;&quot;,&quot;created_timestamp&quot;:&quot;0&quot;,&quot;copyright&quot;:&quot;&quot;,&quot;focal_length&quot;:&quot;0&quot;,&quot;iso&quot;:&quot;0&quot;,&quot;shutter_speed&quot;:&quot;0&quot;,&quot;title&quot;:&quot;&quot;,&quot;orientation&quot;:&quot;0&quot;}\" data-image-title=\"macuuna\" data-image-description=\"\" data-image-caption=\"\" data-medium-file=\"https:\/\/i0.wp.com\/blogdalucianaoliveira.com.br\/blog\/wp-content\/uploads\/2018\/06\/macuuna.jpg?fit=300%2C169\" data-large-file=\"https:\/\/i0.wp.com\/blogdalucianaoliveira.com.br\/blog\/wp-content\/uploads\/2018\/06\/macuuna.jpg?fit=600%2C338\" src=\"https:\/\/i0.wp.com\/blogdalucianaoliveira.com.br\/blog\/wp-content\/uploads\/2018\/06\/macuuna.jpg?resize=600%2C338\" alt=\"macuuna\" width=\"600\" height=\"338\" class=\"alignnone size-full wp-image-18457\" srcset=\"https:\/\/i0.wp.com\/blogdalucianaoliveira.com.br\/blog\/wp-content\/uploads\/2018\/06\/macuuna.jpg?w=768 768w, https:\/\/i0.wp.com\/blogdalucianaoliveira.com.br\/blog\/wp-content\/uploads\/2018\/06\/macuuna.jpg?resize=300%2C169 300w, https:\/\/i0.wp.com\/blogdalucianaoliveira.com.br\/blog\/wp-content\/uploads\/2018\/06\/macuuna.jpg?resize=533%2C300 533w\" sizes=\"auto, (max-width: 600px) 100vw, 600px\" \/><\/p>\n<p>O primeiro jogo do Brasil na Copa \u00e9 o assunto mais importante nas redes sociais.<br \/>\nA arbitragem desonesta e a aus\u00eancia de brilho da estrela mais valiosa da sele\u00e7\u00e3o brasileira resumem as discuss\u00f5es.<br \/>\nNa pulseirinha de croch\u00ea e na maquiagem em verde e amarelo na mocinha \u00e0 minha frente, amplio o foco para entender o que realmente o brasileiro espera a cada mundial.<\/p>\n<p>O nome de Neymar na maioria das camisas de torcidas, revela que n\u00e3o \u00e9 a excel\u00eancia da arte do futebol brasileiro e menos ainda o que o jogador pode inspirar como exemplo de cidad\u00e3o e ser humano. Perdi as contas de memes ridicularizando o cabelo loiro que o jogador que \u00e9 negro resolveu usar. A que serve tal cr\u00edtica, n\u00e3o fa\u00e7o a menor ideia. \u00c9 s\u00f3 o cabelo que ele quis usar nesta Copa. Outra grande estrela, Ronaldo, chamado Fenomeno\u2019, j\u00e1 moldou um tri\u00e2ngulo na careca.<\/p>\n<p>O que me espanta \u00e9 a vontade do povo e o esfor\u00e7o da m\u00eddia para construir um her\u00f3i, mesmo que seu car\u00e1ter seja menos importante que seu cabelo.<\/p>\n<p><img data-recalc-dims=\"1\" loading=\"lazy\" decoding=\"async\" data-attachment-id=\"18463\" data-permalink=\"http:\/\/blogdalucianaoliveira.com.br\/blog\/2018\/06\/18\/o-realismo-fantastico-que-a-midia-estimula-para-criar-um-heroi-na-copa\/usa\/\" data-orig-file=\"https:\/\/i0.wp.com\/blogdalucianaoliveira.com.br\/blog\/wp-content\/uploads\/2018\/06\/usa.jpg?fit=287%2C176\" data-orig-size=\"287,176\" data-comments-opened=\"0\" data-image-meta=\"{&quot;aperture&quot;:&quot;0&quot;,&quot;credit&quot;:&quot;&quot;,&quot;camera&quot;:&quot;&quot;,&quot;caption&quot;:&quot;&quot;,&quot;created_timestamp&quot;:&quot;0&quot;,&quot;copyright&quot;:&quot;&quot;,&quot;focal_length&quot;:&quot;0&quot;,&quot;iso&quot;:&quot;0&quot;,&quot;shutter_speed&quot;:&quot;0&quot;,&quot;title&quot;:&quot;&quot;,&quot;orientation&quot;:&quot;0&quot;}\" data-image-title=\"usa\" data-image-description=\"\" data-image-caption=\"\" data-medium-file=\"https:\/\/i0.wp.com\/blogdalucianaoliveira.com.br\/blog\/wp-content\/uploads\/2018\/06\/usa.jpg?fit=287%2C176\" data-large-file=\"https:\/\/i0.wp.com\/blogdalucianaoliveira.com.br\/blog\/wp-content\/uploads\/2018\/06\/usa.jpg?fit=287%2C176\" src=\"https:\/\/i0.wp.com\/blogdalucianaoliveira.com.br\/blog\/wp-content\/uploads\/2018\/06\/usa.jpg?resize=287%2C176\" alt=\"usa\" width=\"287\" height=\"176\" class=\"alignnone size-full wp-image-18463\" \/><\/p>\n<p>Nosso &#8216;her\u00f3i&#8217; se envolveu em um monumental caso de sonega\u00e7\u00e3o de impostos? E da\u00ed? Que se dane!<br \/>\nNeymar \u00e9 bom de bola, s\u00f3 isso.<br \/>\nMas, no futebol, no universo art\u00edstico, na pol\u00edtica, o Brasil est\u00e1 repleto de realismo fant\u00e1stico e her\u00f3is sem car\u00e1ter, como Macuna\u00edma, do M\u00e1rio de Andrade.<\/p>\n<p>N\u00e3o importa o que fa\u00e7am (ou n\u00e3o fa\u00e7am), s\u00e3o adorados.<br \/>\n&#8220;Fiquei branco, fiquei lindo!&#8221;, \u00e9 o que diz o personagem fant\u00e1stico ao tomar banho de \u00e1gua da brancura, que muda sua cor da pele e cabelos, mas n\u00e3o seu car\u00e1ter.<\/p>\n<p>Essa n\u00e3o \u00e9 uma cr\u00edtica ao Neymar, mas a todos que sonham com um her\u00f3i nos campos, nos palcos e nos palanques.<br \/>\nN\u00e3o \u00e9 contra quem \u00e9 lan\u00e7ado ao realismo fant\u00e1stico com um empurr\u00e3o da grande m\u00eddia, mas contra quem se lan\u00e7a.<\/p>\n<p>No futebol, na arte ou na pol\u00edtica.<\/p>\n","protected":false},"excerpt":{"rendered":"<p>O primeiro jogo do Brasil na Copa \u00e9 o assunto mais importante nas redes sociais. A arbitragem desonesta e a aus\u00eancia de brilho da estrela mais valiosa da sele\u00e7\u00e3o brasileira resumem as discuss\u00f5es. Na pulseirinha de croch\u00ea e na maquiagem em verde e amarelo na mocinha \u00e0 minha frente, amplio o foco para entender o&#8230;<a class=\"more-link\" href=\"http:\/\/blogdalucianaoliveira.com.br\/blog\/2018\/06\/18\/o-realismo-fantastico-que-a-midia-estimula-para-criar-um-heroi-na-copa\/\">Continue a leitura <span class=\"meta-nav\">&raquo;<\/span><\/a><\/p>\n","protected":false},"author":1,"featured_media":0,"comment_status":"closed","ping_status":"open","sticky":false,"template":"","format":"standard","meta":{"_exactmetrics_skip_tracking":false,"_exactmetrics_sitenote_active":false,"_exactmetrics_sitenote_note":"","_exactmetrics_sitenote_category":0,"jetpack_post_was_ever_published":false,"_jetpack_newsletter_access":"","_jetpack_dont_email_post_to_subs":false,"_jetpack_newsletter_tier_id":0,"_jetpack_memberships_contains_paywalled_content":false,"_jetpack_memberships_contains_paid_content":false,"footnotes":"","jetpack_publicize_message":"","jetpack_publicize_feature_enabled":true,"jetpack_social_post_already_shared":true,"jetpack_social_options":{"image_generator_settings":{"template":"highway","enabled":false},"version":2}},"categories":[1],"tags":[],"class_list":["post-18456","post","type-post","status-publish","format-standard","hentry","category-notas"],"jetpack_publicize_connections":[],"jetpack_sharing_enabled":true,"jetpack_featured_media_url":"","jetpack_shortlink":"https:\/\/wp.me\/p7wKYW-4NG","jetpack-related-posts":[],"_links":{"self":[{"href":"http:\/\/blogdalucianaoliveira.com.br\/blog\/wp-json\/wp\/v2\/posts\/18456","targetHints":{"allow":["GET"]}}],"collection":[{"href":"http:\/\/blogdalucianaoliveira.com.br\/blog\/wp-json\/wp\/v2\/posts"}],"about":[{"href":"http:\/\/blogdalucianaoliveira.com.br\/blog\/wp-json\/wp\/v2\/types\/post"}],"author":[{"embeddable":true,"href":"http:\/\/blogdalucianaoliveira.com.br\/blog\/wp-json\/wp\/v2\/users\/1"}],"replies":[{"embeddable":true,"href":"http:\/\/blogdalucianaoliveira.com.br\/blog\/wp-json\/wp\/v2\/comments?post=18456"}],"version-history":[{"count":8,"href":"http:\/\/blogdalucianaoliveira.com.br\/blog\/wp-json\/wp\/v2\/posts\/18456\/revisions"}],"predecessor-version":[{"id":18469,"href":"http:\/\/blogdalucianaoliveira.com.br\/blog\/wp-json\/wp\/v2\/posts\/18456\/revisions\/18469"}],"wp:attachment":[{"href":"http:\/\/blogdalucianaoliveira.com.br\/blog\/wp-json\/wp\/v2\/media?parent=18456"}],"wp:term":[{"taxonomy":"category","embeddable":true,"href":"http:\/\/blogdalucianaoliveira.com.br\/blog\/wp-json\/wp\/v2\/categories?post=18456"},{"taxonomy":"post_tag","embeddable":true,"href":"http:\/\/blogdalucianaoliveira.com.br\/blog\/wp-json\/wp\/v2\/tags?post=18456"}],"curies":[{"name":"wp","href":"https:\/\/api.w.org\/{rel}","templated":true}]}}