{"id":18460,"date":"2018-06-18T11:12:43","date_gmt":"2018-06-18T15:12:43","guid":{"rendered":"http:\/\/blogdalucianaoliveira.com.br\/blog\/?p=18460"},"modified":"2018-06-18T11:12:43","modified_gmt":"2018-06-18T15:12:43","slug":"cortes-de-949-em-programas-sociais-feitos-por-temer-abreviam-futuro-dos-brasileiros","status":"publish","type":"post","link":"http:\/\/blogdalucianaoliveira.com.br\/blog\/2018\/06\/18\/cortes-de-949-em-programas-sociais-feitos-por-temer-abreviam-futuro-dos-brasileiros\/","title":{"rendered":"Cortes de 94,9% em programas sociais feitos por Temer abreviam futuro dos brasileiros"},"content":{"rendered":"<p><img data-recalc-dims=\"1\" loading=\"lazy\" decoding=\"async\" data-attachment-id=\"18461\" data-permalink=\"http:\/\/blogdalucianaoliveira.com.br\/blog\/2018\/06\/18\/cortes-de-949-em-programas-sociais-feitos-por-temer-abreviam-futuro-dos-brasileiros\/paraa\/\" data-orig-file=\"https:\/\/i0.wp.com\/blogdalucianaoliveira.com.br\/blog\/wp-content\/uploads\/2018\/06\/paraa.jpg?fit=640%2C428\" data-orig-size=\"640,428\" data-comments-opened=\"0\" data-image-meta=\"{&quot;aperture&quot;:&quot;0&quot;,&quot;credit&quot;:&quot;&quot;,&quot;camera&quot;:&quot;&quot;,&quot;caption&quot;:&quot;&quot;,&quot;created_timestamp&quot;:&quot;0&quot;,&quot;copyright&quot;:&quot;&quot;,&quot;focal_length&quot;:&quot;0&quot;,&quot;iso&quot;:&quot;0&quot;,&quot;shutter_speed&quot;:&quot;0&quot;,&quot;title&quot;:&quot;&quot;,&quot;orientation&quot;:&quot;0&quot;}\" data-image-title=\"paraa\" data-image-description=\"\" data-image-caption=\"\" data-medium-file=\"https:\/\/i0.wp.com\/blogdalucianaoliveira.com.br\/blog\/wp-content\/uploads\/2018\/06\/paraa.jpg?fit=300%2C201\" data-large-file=\"https:\/\/i0.wp.com\/blogdalucianaoliveira.com.br\/blog\/wp-content\/uploads\/2018\/06\/paraa.jpg?fit=600%2C401\" src=\"https:\/\/i0.wp.com\/blogdalucianaoliveira.com.br\/blog\/wp-content\/uploads\/2018\/06\/paraa.jpg?resize=600%2C401\" alt=\"paraa\" width=\"600\" height=\"401\" class=\"alignnone size-full wp-image-18461\" srcset=\"https:\/\/i0.wp.com\/blogdalucianaoliveira.com.br\/blog\/wp-content\/uploads\/2018\/06\/paraa.jpg?w=640 640w, https:\/\/i0.wp.com\/blogdalucianaoliveira.com.br\/blog\/wp-content\/uploads\/2018\/06\/paraa.jpg?resize=300%2C201 300w, https:\/\/i0.wp.com\/blogdalucianaoliveira.com.br\/blog\/wp-content\/uploads\/2018\/06\/paraa.jpg?resize=449%2C300 449w\" sizes=\"auto, (max-width: 600px) 100vw, 600px\" \/><\/p>\n<p>Gilvanete Costa, de 28 anos, piauiense que hoje mora em Luzi\u00e2nia, cidade do entorno de Bras\u00edlia, teve sua vida influenciada pelos programas sociais criados pelo governo de Luiz In\u00e1cio Lula da Silva (PT). Sua m\u00e3e, dona Dejanira Santos Costa, que trabalhava na ro\u00e7a, foi benefici\u00e1ria do programa Bolsa Fam\u00edlia no pequeno munic\u00edpio de Manoel Em\u00eddio (PI), a 450 km de dist\u00e2ncia de Teresina, capital do Estado.<!--more--><\/p>\n<p>Com o benef\u00edcio, criou Gilvanete e seus quatro irm\u00e3os, e com o arroz e feij\u00e3o garantidos, p\u00f4de dedicar seus esfor\u00e7os \u00e0 educa\u00e7\u00e3o dos filhos.<\/p>\n<p>&#8220;Eu lembro que teve dias dela deixar de comprar alimento para comprar material escolar. Embora n\u00e3o tivesse em sua \u00e9poca acesso \u00e0 educa\u00e7\u00e3o, dona Dejanira sabia que o estudo \u00e9 uma das portas para mudar realidade social das pessoas&#8221;, conta Gilvanete.<\/p>\n<p>Anos depois, em 2013, a m\u00e3e de Gilvanete foi uma das principais apoiadoras para ela tentar acessar o ensino superior por meio do Fundo de Financiamento Estudantil, o Fies. &#8220;Na \u00e9poca foi muito, muito f\u00e1cil, acho que est\u00e1vamos em outros tempos. N\u00e3o estava como hoje, a quest\u00e3o pol\u00edtica estava mais controlada e nossos direitos estavam garantidos. Foi uma oportunidade que eu tive e que jamais conseguiria arcar com isso, pagar&#8221;, lembra. <\/p>\n<p>Foi por meio do programa de bolsas que ela conseguiu se formar em jornalismo pela Pontif\u00edcia Universidade Cat\u00f3lica (PUC) de Bras\u00edlia no final do ano passado. A jornalista acredita ser um exemplo da necessidade dos programas sociais. &#8220;S\u00e3o programas que vieram realmente para dar mais dignidade para a gente que n\u00e3o tem acesso ao m\u00ednimo&#8221;, ressalta Gilvanete.<\/p>\n<p>A maior vit\u00f3ria para ela \u00e9 a casa conquistada por meio do Minha Casa Minha Vida, em 2014. O programa mudou a realidade social da jornalista. &#8220;Gra\u00e7as a esse programa eu consegui realizar o sonho da casa pr\u00f3pria e ter o meu canto pr\u00f3prio. Sem os incentivos do governo eu jamais conseguiria&#8221;, conta.<\/p>\n<p>A exemplo de Gilvanete, muitos brasileiros tiveram e ainda t\u00eam suas vidas transformadas pelos programas sociais. No entanto, todos os projetos citados pela jornalista hoje sofrem desmontes por parte do governo golpista.<\/p>\n<p>Menos moradias<\/p>\n<p>O Minha Casa Minha Vida, por exemplo, saiu de um or\u00e7amento de R$ 23,55 bilh\u00f5es em 2015 para R$ 8,40 bilh\u00f5es em 2016. Estavam previstos apenas R$ 3,69 bilh\u00f5es em 2017, e se projeta um investimento de R$ 1,2 bilh\u00e3o neste ano, ou seja, uma queda brusca de 94,9% em rela\u00e7\u00e3o ao valor de 2015. N\u00e3o s\u00e3o apenas os cortes impulsionados por Michel Temer (MDB) que influenciam o acesso ao programa. As regras tamb\u00e9m est\u00e3o sofrendo mudan\u00e7as. <\/p>\n<p>O Minha Casa Minha Vida foi implementado em 2009, e de l\u00e1 pra c\u00e1 j\u00e1 fechou contratos para 4 milh\u00f5es de unidades habitacionais, com investimento total de mais de R$ 270 bilh\u00f5es, de acordo com o Minist\u00e9rio das Cidades. O n\u00famero de im\u00f3veis j\u00e1 entregues \u00e9 de 2,3 milh\u00f5es.<\/p>\n<p>No campo, a mudan\u00e7a das regras de acesso ao Minha Casa Minha Vida Rural t\u00eam afastado a efetividade do programa social para os agricultores.<\/p>\n<p>Sonia Maria da Costa, da cidade Francisco Santos, tamb\u00e9m do Piau\u00ed, conta que foram muitas noites dormindo no ch\u00e3o at\u00e9 sua casa sair em 2012. Ela, que faz parte tamb\u00e9m da coordena\u00e7\u00e3o do Movimento dos Pequenos Agricultores (MPA), denuncia que a nova modalidade em vigor depois do golpe est\u00e1 prejudicando o acesso das fam\u00edlias.<\/p>\n<p>&#8220;Praticamente elas nunca ser\u00e3o beneficiadas porque nem o pai pode doar terra para o filho, porque antes era at\u00e9 terceiro grau, o av\u00f4 poderia doar para neta, o sogro para nora ou genro, e agora n\u00e3o. Se voc\u00ea n\u00e3o tiver a terra no seu nome, voc\u00ea n\u00e3o consegue acessar o programa&#8221;, lamenta.<\/p>\n<p>Menos educa\u00e7\u00e3o superior<\/p>\n<p>Mudan\u00e7as tamb\u00e9m chegaram no Programa Universidade para Todos (Prouni), lan\u00e7ado em em 2004. Eduardo Mauro de Carvalho, psic\u00f3logo, foi um dos benefici\u00e1rios das bolsas parciais. Depois de quatro anos tentando passar no vestibular numa universidade p\u00fablica, ele ingressou na Universidade Bandeirantes em 2005, se formando em 2010. Hoje, profissional ligado ao Sistema \u00danico de Sa\u00fade (SUS), afirma o peso positivo do Prouni em sua forma\u00e7\u00e3o.<\/p>\n<p>&#8220;Foi gra\u00e7as ao Prouni que eu tive a oportunidade de ingressar no ensino superior e ter o desenvolvimento que eu tenho hoje. Na \u00e9poca, Eduardo acertou 97% da prova do Exame Nacional do Ensino M\u00e9dio (Enem), ficou em terceiro lugar e conseguiu uma mensalidade de R$ 200 que cabia em sua bolso&#8221;, conta.<\/p>\n<p>Mais recentemente, em 2015, a jovem Deborah Monteiro passou no processo seletivo e iniciou o curso de Letras na PUC de S\u00e3o Paulo. &#8220;O Prouni acabou beneficiando muito das pessoas que como eu n\u00e3o teriam a menor condi\u00e7\u00e3o de entrar, acessar uma universidade e de fato continuar nessa universidade. As pessoas nem prestavam [o vestibular]. Ent\u00e3o voc\u00ea tinha todo um imagin\u00e1rio de que aquilo n\u00e3o era para n\u00f3s da periferia&#8221;.  <\/p>\n<p>Hoje, a professora da rede p\u00fablica relembra como foi a primeira da sua fam\u00edlia a se formar, gra\u00e7as ao Prouni. Depois de uma vida escolar na rede p\u00fablica, a menina negra da periferia se inscreveu sem tanta convic\u00e7\u00e3o na real possibilidade de ingressar na universidade com o curso 100% pago. D\u00e9bora conta que sempre teve em mente que o programa \u00e9 fruto da luta da classe trabalhadora e lamenta os desmontes sofridos hoje.<\/p>\n<p>Em 2015, apesar do aumento no n\u00famero total de bolsas do Prouni, houve uma queda no n\u00famero de bolsistas integrais (para estudantes com renda de at\u00e9 1,5 sal\u00e1rio m\u00ednimo), embora tenha havido expans\u00e3o no n\u00famero de bolsas parciais (para estudantes com renda de at\u00e9 3 sal\u00e1rios m\u00ednimos). <\/p>\n<p>Em 2016, com Temer, houve um corte de 80 mil bolsas integrais oferecidas pelo programa na tentativa de diminuir os gastos p\u00fablicos. O Prouni j\u00e1 atendeu, desde sua cria\u00e7\u00e3o at\u00e9 o processo seletivo do segundo semestre de 2016, mais de 1,9 milh\u00e3o de estudantes, sendo 70% com bolsas integrais.<\/p>\n<p>O corte nas bolsas integrais e a crise financeira fez os n\u00fameros de estudantes que abandonaram a gradua\u00e7\u00e3o subir. Segundo dados da Pesquisa Nacional por Amostra de Domic\u00edlios (Pnad) Cont\u00ednua, do IBGE, mais de 170 mil brasileiros, com idades de 19 a 25 anos, abandonaram a gradua\u00e7\u00e3o no ano de 2017.<\/p>\n<p>Entre 2013 e 2016, a m\u00e9dia de desist\u00eancia de alunos era de 5% ao ano. Em 2017, esse n\u00famero passou para 7,38%. Esse aumento pode ser justificado pelo aumento do desemprego e a redu\u00e7\u00e3o da oferta de financiamento estudantil j\u00e1 que houve tamb\u00e9m redu\u00e7\u00e3o no Fies. Com a sa\u00edda de Dilma Rousseff (PT) e a entrada de Michel Temer na presid\u00eancia, o programa sofreu nova redu\u00e7\u00e3o de vagas no segundo semestre de 2016 e em 2017. <\/p>\n<p>O governo Temer parece n\u00e3o ter convic\u00e7\u00e3o ou crit\u00e9rio para os cortes que faz. Em fevereiro de 2017,  o ent\u00e3o ministro da Educa\u00e7\u00e3o, Mendon\u00e7a Filho, anunciou redu\u00e7\u00e3o de 29% nos investimentos Fies. O teto global de financiamento por curso saiu do R$ 42 mil para R$ 30 mil por semestre. Agora, em 2018, depois de sofrer press\u00e3o dos setores privados de educa\u00e7\u00e3o, o MEC voltou atr\u00e1s, colocando novamente o valor para R$ 42 mil.<\/p>\n<p>Edi\u00e7\u00e3o: Diego Sartorato<\/p>\n","protected":false},"excerpt":{"rendered":"<p>Gilvanete Costa, de 28 anos, piauiense que hoje mora em Luzi\u00e2nia, cidade do entorno de Bras\u00edlia, teve sua vida influenciada pelos programas sociais criados pelo governo de Luiz In\u00e1cio Lula da Silva (PT). Sua m\u00e3e, dona Dejanira Santos Costa, que trabalhava na ro\u00e7a, foi benefici\u00e1ria do programa Bolsa Fam\u00edlia no pequeno munic\u00edpio de Manoel Em\u00eddio&#8230;<a class=\"more-link\" href=\"http:\/\/blogdalucianaoliveira.com.br\/blog\/2018\/06\/18\/cortes-de-949-em-programas-sociais-feitos-por-temer-abreviam-futuro-dos-brasileiros\/\">Continue a leitura <span class=\"meta-nav\">&raquo;<\/span><\/a><\/p>\n","protected":false},"author":1,"featured_media":0,"comment_status":"closed","ping_status":"open","sticky":false,"template":"","format":"standard","meta":{"_exactmetrics_skip_tracking":false,"_exactmetrics_sitenote_active":false,"_exactmetrics_sitenote_note":"","_exactmetrics_sitenote_category":0,"jetpack_post_was_ever_published":false,"_jetpack_newsletter_access":"","_jetpack_dont_email_post_to_subs":false,"_jetpack_newsletter_tier_id":0,"_jetpack_memberships_contains_paywalled_content":false,"_jetpack_memberships_contains_paid_content":false,"footnotes":"","jetpack_publicize_message":"","jetpack_publicize_feature_enabled":true,"jetpack_social_post_already_shared":true,"jetpack_social_options":{"image_generator_settings":{"template":"highway","enabled":false},"version":2}},"categories":[1],"tags":[],"class_list":["post-18460","post","type-post","status-publish","format-standard","hentry","category-notas"],"jetpack_publicize_connections":[],"jetpack_sharing_enabled":true,"jetpack_featured_media_url":"","jetpack_shortlink":"https:\/\/wp.me\/p7wKYW-4NK","jetpack-related-posts":[],"_links":{"self":[{"href":"http:\/\/blogdalucianaoliveira.com.br\/blog\/wp-json\/wp\/v2\/posts\/18460","targetHints":{"allow":["GET"]}}],"collection":[{"href":"http:\/\/blogdalucianaoliveira.com.br\/blog\/wp-json\/wp\/v2\/posts"}],"about":[{"href":"http:\/\/blogdalucianaoliveira.com.br\/blog\/wp-json\/wp\/v2\/types\/post"}],"author":[{"embeddable":true,"href":"http:\/\/blogdalucianaoliveira.com.br\/blog\/wp-json\/wp\/v2\/users\/1"}],"replies":[{"embeddable":true,"href":"http:\/\/blogdalucianaoliveira.com.br\/blog\/wp-json\/wp\/v2\/comments?post=18460"}],"version-history":[{"count":1,"href":"http:\/\/blogdalucianaoliveira.com.br\/blog\/wp-json\/wp\/v2\/posts\/18460\/revisions"}],"predecessor-version":[{"id":18462,"href":"http:\/\/blogdalucianaoliveira.com.br\/blog\/wp-json\/wp\/v2\/posts\/18460\/revisions\/18462"}],"wp:attachment":[{"href":"http:\/\/blogdalucianaoliveira.com.br\/blog\/wp-json\/wp\/v2\/media?parent=18460"}],"wp:term":[{"taxonomy":"category","embeddable":true,"href":"http:\/\/blogdalucianaoliveira.com.br\/blog\/wp-json\/wp\/v2\/categories?post=18460"},{"taxonomy":"post_tag","embeddable":true,"href":"http:\/\/blogdalucianaoliveira.com.br\/blog\/wp-json\/wp\/v2\/tags?post=18460"}],"curies":[{"name":"wp","href":"https:\/\/api.w.org\/{rel}","templated":true}]}}