{"id":18470,"date":"2018-06-18T17:45:23","date_gmt":"2018-06-18T21:45:23","guid":{"rendered":"http:\/\/blogdalucianaoliveira.com.br\/blog\/?p=18470"},"modified":"2018-06-18T17:45:23","modified_gmt":"2018-06-18T21:45:23","slug":"venda-da-caixa-economica-vai-prejudicar-financiamento-da-casa-propria-a-baixo-custo","status":"publish","type":"post","link":"http:\/\/blogdalucianaoliveira.com.br\/blog\/2018\/06\/18\/venda-da-caixa-economica-vai-prejudicar-financiamento-da-casa-propria-a-baixo-custo\/","title":{"rendered":"Venda da Caixa Econ\u00f4mica vai prejudicar financiamento da casa pr\u00f3pria a baixo custo"},"content":{"rendered":"<p><img data-recalc-dims=\"1\" loading=\"lazy\" decoding=\"async\" data-attachment-id=\"18471\" data-permalink=\"http:\/\/blogdalucianaoliveira.com.br\/blog\/2018\/06\/18\/venda-da-caixa-economica-vai-prejudicar-financiamento-da-casa-propria-a-baixo-custo\/cef\/\" data-orig-file=\"https:\/\/i0.wp.com\/blogdalucianaoliveira.com.br\/blog\/wp-content\/uploads\/2018\/06\/cef.jpg?fit=640%2C468\" data-orig-size=\"640,468\" data-comments-opened=\"0\" data-image-meta=\"{&quot;aperture&quot;:&quot;0&quot;,&quot;credit&quot;:&quot;&quot;,&quot;camera&quot;:&quot;&quot;,&quot;caption&quot;:&quot;&quot;,&quot;created_timestamp&quot;:&quot;0&quot;,&quot;copyright&quot;:&quot;&quot;,&quot;focal_length&quot;:&quot;0&quot;,&quot;iso&quot;:&quot;0&quot;,&quot;shutter_speed&quot;:&quot;0&quot;,&quot;title&quot;:&quot;&quot;,&quot;orientation&quot;:&quot;0&quot;}\" data-image-title=\"cef\" data-image-description=\"\" data-image-caption=\"\" data-medium-file=\"https:\/\/i0.wp.com\/blogdalucianaoliveira.com.br\/blog\/wp-content\/uploads\/2018\/06\/cef.jpg?fit=300%2C219\" data-large-file=\"https:\/\/i0.wp.com\/blogdalucianaoliveira.com.br\/blog\/wp-content\/uploads\/2018\/06\/cef.jpg?fit=600%2C439\" src=\"https:\/\/i0.wp.com\/blogdalucianaoliveira.com.br\/blog\/wp-content\/uploads\/2018\/06\/cef.jpg?resize=600%2C439\" alt=\"cef\" width=\"600\" height=\"439\" class=\"alignnone size-full wp-image-18471\" srcset=\"https:\/\/i0.wp.com\/blogdalucianaoliveira.com.br\/blog\/wp-content\/uploads\/2018\/06\/cef.jpg?w=640 640w, https:\/\/i0.wp.com\/blogdalucianaoliveira.com.br\/blog\/wp-content\/uploads\/2018\/06\/cef.jpg?resize=300%2C219 300w, https:\/\/i0.wp.com\/blogdalucianaoliveira.com.br\/blog\/wp-content\/uploads\/2018\/06\/cef.jpg?resize=410%2C300 410w\" sizes=\"auto, (max-width: 600px) 100vw, 600px\" \/><\/p>\n<p>Criada h\u00e1 157 anos, empresa \u00e9 um dos alvos atuais da equipe econ\u00f4mica de Michel Temer (MDB)<!--more--><\/p>\n<p>Cristiane Sampaio<br \/>\nBrasil de Fato | Bras\u00edlia (DF)<\/p>\n<p>Criada h\u00e1 157 anos, a Caixa Econ\u00f4mica Federal (CEF) \u00e9 um dos atuais alvos da equipe econ\u00f4mica das for\u00e7as golpistas que integram o governo de Michel Temer (MDB).<\/p>\n<p>Ap\u00f3s an\u00fancio recente do ex-ministro da Fazenda e pr\u00e9-candidato a presidente Henrique Meirelles (MDB) de que o banco est\u00e1 sendo preparado para a privatiza\u00e7\u00e3o, durante sabatina com jornalistas no \u00faltimo dia 6, especialistas e trabalhadores manifestam preocupa\u00e7\u00e3o com a iniciativa do governo.<\/p>\n<p>O economista Roberto Piscitelli, professor da Faculdade de Economia da Universidade de Bras\u00edlia (UnB), destaca que a venda do banco tende a provocar um efeito em cadeia em diferentes \u00e1reas.<\/p>\n<p>&#8220;Abrir m\u00e3o disso, privatizar a Caixa, significa que o governo vai ser um mero regulador, se tanto for, das a\u00e7\u00f5es realizadas pelo mercado dentro de uma \u00f3tica privatista, portanto, adeus aos programas sociais&#8221;, alerta.<\/p>\n<p>Entre outras coisas, a CEF \u00e9 respons\u00e1vel pela gest\u00e3o do Fundo de Garantia do Tempo de Servi\u00e7o (FGTS), pelo seguro-desemprego e tem papel importante no financiamento de programas sociais federais, como o Fies, o Minha Casa Minha Vida e o Bolsa Fam\u00edlia, que atende a 13 milh\u00f5es de pessoas em todo pa\u00eds.<\/p>\n<p>Piscitelli ressalta que o banco cumpre um papel social ao financiar habita\u00e7\u00f5es de baixo custo, pol\u00edtica que n\u00e3o est\u00e1 no escopo de atua\u00e7\u00e3o da rede privada.<\/p>\n<p>Mercado viciado<\/p>\n<p>O professor aponta ainda que a privatiza\u00e7\u00e3o traz como perspectiva o aumento da concentra\u00e7\u00e3o banc\u00e1ria no pa\u00eds. Um relat\u00f3rio apresentado este m\u00eas pelo Banco Central mostra que o Brasil tem um dos mercados mais concentrados do mundo, com 82% dos ativos controlados pelos cinco maiores bancos \u2013 CEF, Banco do Brasil, Ita\u00fa, Bradesco e Santander. O levantamento se baseia em dados de 2016.  <\/p>\n<p>Segundo Piscitelli, a venda da Caixa tende a deixar o mercado imobili\u00e1rio brasileiro mais vulner\u00e1vel \u00e0s pol\u00edticas de lucro da rede privada.<\/p>\n<p>&#8220;Consequentemente, [vai gerar] maior dificuldade de acesso ao cr\u00e9dito e ao licenciamento de cr\u00e9dito mais barato pra setores priorit\u00e1rios ou segmentos com menos prote\u00e7\u00e3o social&#8221;, diz.<\/p>\n<p>Nos \u00faltimos dois anos, ap\u00f3s o golpe de 2016, a pol\u00edtica atual da CEF j\u00e1 vem caminhado em outro sentido. Segundo dados do Banco Central, entre 25 de maio e 1\u00ba de junho deste ano, a Caixa registrou a taxa de juros mais alta (2,02%) para cr\u00e9dito pessoal consignado no comparativo com os outros quatro maiores bancos do pa\u00eds.   <\/p>\n<p>A ex-presidenta da empresa Maria Fernanda Coelho destaca que os demais bancos p\u00fablicos t\u00eam apresentado comportamento semelhante. Maior rigidez na renegocia\u00e7\u00e3o de d\u00edvidas e tarifas acima da infla\u00e7\u00e3o est\u00e3o entre os destaques. Na avalia\u00e7\u00e3o da ex-dirigente, a pol\u00edtica inverte o papel dos bancos p\u00fablicos na economia.  <\/p>\n<p>&#8220;Em vez de terem uma atua\u00e7\u00e3o antic\u00edclica, [eles] est\u00e3o tendo uma atua\u00e7\u00e3o pr\u00f3-c\u00edclica, ou seja, aprofundam a crise&#8221;, ressalta.<\/p>\n<p>Pior para os trabalhadores<\/p>\n<p>A presidenta da Confedera\u00e7\u00e3o Nacional dos Trabalhadores do Ramo Financeiro (Contraf-CUT), Juvandia Moreira Leite, acrescenta que o projeto de privatiza\u00e7\u00e3o tem prejudicado tamb\u00e9m os funcion\u00e1rios dos bancos p\u00fablicos e o servi\u00e7o prestado \u00e0 popula\u00e7\u00e3o.<\/p>\n<p>Dados do Banco Central apontam que, entre dezembro de 2015 e abril deste ano, o Banco do Brasil e a CEF, juntos, fecharam ao todo 693 ag\u00eancias pelo pa\u00eds. Al\u00e9m disso, o n\u00famero de empregados caiu 11% no per\u00edodo, por meio de Programas de Demiss\u00e3o Volunt\u00e1ria (PDV) e outras medidas.  <\/p>\n<p>&#8220;Esse desmonte todo afeta a sociedade de maneira geral e os trabalhadores, em particular, por conta do medo da privatiza\u00e7\u00e3o, do receio de perder os empregos, da sobrecarga de trabalho. Tem ag\u00eancia onde eles n\u00e3o conseguem sequer sair pra almo\u00e7ar&#8221;, protesta Juvandia .<\/p>\n<p>Edi\u00e7\u00e3o: Diego Sartorato<\/p>\n","protected":false},"excerpt":{"rendered":"<p>Criada h\u00e1 157 anos, empresa \u00e9 um dos alvos atuais da equipe econ\u00f4mica de Michel Temer (MDB)<\/p>\n","protected":false},"author":1,"featured_media":0,"comment_status":"closed","ping_status":"open","sticky":false,"template":"","format":"standard","meta":{"_exactmetrics_skip_tracking":false,"_exactmetrics_sitenote_active":false,"_exactmetrics_sitenote_note":"","_exactmetrics_sitenote_category":0,"jetpack_post_was_ever_published":false,"_jetpack_newsletter_access":"","_jetpack_dont_email_post_to_subs":false,"_jetpack_newsletter_tier_id":0,"_jetpack_memberships_contains_paywalled_content":false,"_jetpack_memberships_contains_paid_content":false,"footnotes":"","jetpack_publicize_message":"","jetpack_publicize_feature_enabled":true,"jetpack_social_post_already_shared":true,"jetpack_social_options":{"image_generator_settings":{"template":"highway","enabled":false},"version":2}},"categories":[1],"tags":[],"class_list":["post-18470","post","type-post","status-publish","format-standard","hentry","category-notas"],"jetpack_publicize_connections":[],"jetpack_sharing_enabled":true,"jetpack_featured_media_url":"","jetpack_shortlink":"https:\/\/wp.me\/p7wKYW-4NU","jetpack-related-posts":[],"_links":{"self":[{"href":"http:\/\/blogdalucianaoliveira.com.br\/blog\/wp-json\/wp\/v2\/posts\/18470","targetHints":{"allow":["GET"]}}],"collection":[{"href":"http:\/\/blogdalucianaoliveira.com.br\/blog\/wp-json\/wp\/v2\/posts"}],"about":[{"href":"http:\/\/blogdalucianaoliveira.com.br\/blog\/wp-json\/wp\/v2\/types\/post"}],"author":[{"embeddable":true,"href":"http:\/\/blogdalucianaoliveira.com.br\/blog\/wp-json\/wp\/v2\/users\/1"}],"replies":[{"embeddable":true,"href":"http:\/\/blogdalucianaoliveira.com.br\/blog\/wp-json\/wp\/v2\/comments?post=18470"}],"version-history":[{"count":1,"href":"http:\/\/blogdalucianaoliveira.com.br\/blog\/wp-json\/wp\/v2\/posts\/18470\/revisions"}],"predecessor-version":[{"id":18472,"href":"http:\/\/blogdalucianaoliveira.com.br\/blog\/wp-json\/wp\/v2\/posts\/18470\/revisions\/18472"}],"wp:attachment":[{"href":"http:\/\/blogdalucianaoliveira.com.br\/blog\/wp-json\/wp\/v2\/media?parent=18470"}],"wp:term":[{"taxonomy":"category","embeddable":true,"href":"http:\/\/blogdalucianaoliveira.com.br\/blog\/wp-json\/wp\/v2\/categories?post=18470"},{"taxonomy":"post_tag","embeddable":true,"href":"http:\/\/blogdalucianaoliveira.com.br\/blog\/wp-json\/wp\/v2\/tags?post=18470"}],"curies":[{"name":"wp","href":"https:\/\/api.w.org\/{rel}","templated":true}]}}