{"id":1848,"date":"2016-06-22T13:38:16","date_gmt":"2016-06-22T17:38:16","guid":{"rendered":"http:\/\/blogdalucianaoliveira.com.br\/blog\/?p=1848"},"modified":"2016-06-22T13:40:00","modified_gmt":"2016-06-22T17:40:00","slug":"quem-insistir-em-imitar-bolsonaro-pode-se","status":"publish","type":"post","link":"http:\/\/blogdalucianaoliveira.com.br\/blog\/2016\/06\/22\/quem-insistir-em-imitar-bolsonaro-pode-se\/","title":{"rendered":"Quem insistir em imitar Bolsonaro pode se&#8230;"},"content":{"rendered":"<p><img data-recalc-dims=\"1\" loading=\"lazy\" decoding=\"async\" data-attachment-id=\"1849\" data-permalink=\"http:\/\/blogdalucianaoliveira.com.br\/blog\/2016\/06\/22\/quem-insistir-em-imitar-bolsonaro-pode-se\/image-400\/\" data-orig-file=\"https:\/\/i0.wp.com\/blogdalucianaoliveira.com.br\/blog\/wp-content\/uploads\/2016\/06\/image-93.jpeg?fit=2048%2C1224\" data-orig-size=\"2048,1224\" data-comments-opened=\"0\" data-image-meta=\"{&quot;aperture&quot;:&quot;0&quot;,&quot;credit&quot;:&quot;&quot;,&quot;camera&quot;:&quot;&quot;,&quot;caption&quot;:&quot;&quot;,&quot;created_timestamp&quot;:&quot;0&quot;,&quot;copyright&quot;:&quot;&quot;,&quot;focal_length&quot;:&quot;0&quot;,&quot;iso&quot;:&quot;0&quot;,&quot;shutter_speed&quot;:&quot;0&quot;,&quot;title&quot;:&quot;&quot;,&quot;orientation&quot;:&quot;1&quot;}\" data-image-title=\"image\" data-image-description=\"\" data-image-caption=\"\" data-medium-file=\"https:\/\/i0.wp.com\/blogdalucianaoliveira.com.br\/blog\/wp-content\/uploads\/2016\/06\/image-93.jpeg?fit=300%2C179\" data-large-file=\"https:\/\/i0.wp.com\/blogdalucianaoliveira.com.br\/blog\/wp-content\/uploads\/2016\/06\/image-93.jpeg?fit=600%2C359\" src=\"https:\/\/i0.wp.com\/blogdalucianaoliveira.com.br\/blog\/wp-content\/uploads\/2016\/06\/image-93.jpeg?resize=600%2C359\" alt=\"image\" width=\"600\" height=\"359\" class=\"alignnone size-full wp-image-1849\" srcset=\"https:\/\/i0.wp.com\/blogdalucianaoliveira.com.br\/blog\/wp-content\/uploads\/2016\/06\/image-93.jpeg?w=2048 2048w, https:\/\/i0.wp.com\/blogdalucianaoliveira.com.br\/blog\/wp-content\/uploads\/2016\/06\/image-93.jpeg?resize=300%2C179 300w, https:\/\/i0.wp.com\/blogdalucianaoliveira.com.br\/blog\/wp-content\/uploads\/2016\/06\/image-93.jpeg?resize=768%2C459 768w, https:\/\/i0.wp.com\/blogdalucianaoliveira.com.br\/blog\/wp-content\/uploads\/2016\/06\/image-93.jpeg?resize=1024%2C612 1024w, https:\/\/i0.wp.com\/blogdalucianaoliveira.com.br\/blog\/wp-content\/uploads\/2016\/06\/image-93.jpeg?resize=502%2C300 502w, https:\/\/i0.wp.com\/blogdalucianaoliveira.com.br\/blog\/wp-content\/uploads\/2016\/06\/image-93.jpeg?w=1200 1200w, https:\/\/i0.wp.com\/blogdalucianaoliveira.com.br\/blog\/wp-content\/uploads\/2016\/06\/image-93.jpeg?w=1800 1800w\" sizes=\"auto, (max-width: 600px) 100vw, 600px\" \/><\/p>\n<p>P\u00e2nico nas redes sociais: Se \u201cBolsomito\u201d n\u00e3o \u00e9 invulner\u00e1vel, n\u00f3s tamb\u00e9m n\u00e3o?<\/p>\n<p>Por Leonardo Sakamoto<\/p>\n<p>Muita gente n\u00e3o se deu conta do impacto da decis\u00e3o do Supremo Tribunal Federal que aceitou, nesta ter\u00e7a (21), den\u00fancia de incita\u00e7\u00e3o ao crime de estupro e transformou o deputado federal Jair Bolsonaro (PSC-RJ) em r\u00e9u em uma a\u00e7\u00e3o penal.<!--more--><\/p>\n<p>Bolsonaro havia declarado, no Congresso Nacional, que n\u00e3o estupraria a deputada Maria do Ros\u00e1rio porque ela \u201cn\u00e3o merece&#8221;, repetindo o conte\u00fado em uma entrevista.<\/p>\n<p>Segundo os ministros que avaliaram a den\u00fancia, apresentada pela Procuradoria Geral da Rep\u00fablica, Bolsonaro n\u00e3o estava respaldado por imunidade parlamentar porque o ocorrido n\u00e3o teve rela\u00e7\u00e3o com o exerc\u00edcio de seu mandato. Segundo o relator Luiz Fux, a mensagem que ele proferiu significa que h\u00e1 mulheres em posi\u00e7\u00e3o de merecimento de estupro. \u201cA viol\u00eancia sexual \u00e9 um processo consciente de intimida\u00e7\u00e3o pelo qual as mulheres s\u00e3o mantidas em estado de medo.&#8221;<\/p>\n<p>Independentemente do desfecho do caso, essa decis\u00e3o \u00e9 emblem\u00e1tica. Os ministros do STF deixaram claro que ningu\u00e9m pode usar sua liberdade de express\u00e3o para atacar os direitos fundamentais de outros grupos e pessoas. Isso \u00e9 \u00f3bvio, mas vinha sendo ignorado de forma sistem\u00e1tica neste clima de polariza\u00e7\u00e3o pol\u00edtica que vivemos.<\/p>\n<p>Bolsonaro \u00e9 considerado um exemplo por muita gente \u2013 incluindo parte significativa da elite brasileira que o prefere como presidente da Rep\u00fablica em compara\u00e7\u00e3o a outros candidatos de acordo com pesquisas eleitorais. E o seu comportamento \u2013 de rolo compressor verbal sobre a dignidade de minorias em direitos \u2013 tem certamente inspirado muitas pessoas a fazerem o mesmo com a certeza de que nada aconteceria com eles. At\u00e9 porque nada acontecia com seu l\u00edder.<\/p>\n<p>Agora, aterrorizados, muitos de seus seguidores passaram o dia protestando contra a decis\u00e3o do STF nas redes sociais. Afinal de contas, se \u201cbolsomito&#8221; n\u00e3o \u00e9 imortal, imbat\u00edvel e invulner\u00e1vel, podendo ser punido pela Justi\u00e7a caso incite viol\u00eancia sem se preocupar com as consequ\u00eancias, o ex\u00e9rcito digital que o segue (e consegue ser mais violento que seu l\u00edder) tamb\u00e9m pode.<\/p>\n<p>Muita gente na internet confunde opini\u00e3o com discurso de \u00f3dio. \u00c9 um erro bem comum quando n\u00e3o se est\u00e1 acostumado \u00e0s regras do debate p\u00fablico de ideias. O anonimato traz aquela sensa\u00e7\u00e3o quentinha de seguran\u00e7a e, por conta disso, n\u00e3o raro, as pessoas extrapolam. Sentem-se livres de puni\u00e7\u00e3o pelos seus atos. Afinal de contas, na rede \u00e9 menos simples (mas n\u00e3o imposs\u00edvel) identificar quem falou ou fez a abobrinha.<\/p>\n<p>Vamos por partes: o direito ao livre exerc\u00edcio de pensamento e o direito \u00e0 liberdade de express\u00e3o s\u00e3o garantidos pela Constitui\u00e7\u00e3o e pelos tratados internacionais que o pa\u00eds assinou. Vale explicar, contudo, para quem n\u00e3o \u00e9 familiarizado com leis e normas, que a liberdade de express\u00e3o n\u00e3o \u00e9 um direito fundamental absoluto. Porque n\u00e3o h\u00e1 direitos fundamentais absolutos. Nem o direito \u00e0 vida \u00e9. Prova disso \u00e9 o direito \u00e0 leg\u00edtima defesa.<\/p>\n<p>Pois a partir do momento em que algu\u00e9m abusa de sua liberdade de express\u00e3o, indo al\u00e9m de expor a sua opini\u00e3o, espalhando o \u00f3dio e incitando \u00e0 viol\u00eancia, isso pode trazer consequ\u00eancias mais graves \u00e0 vida de outras pessoas.<\/p>\n<p>Pessoas como Bolsonaro dizem que n\u00e3o incitam a viol\u00eancia. Sabemos que n\u00e3o \u00e9 a m\u00e3o delas que segura a faca ou o rev\u00f3lver, mas \u00e9 a sobreposi\u00e7\u00e3o de seus discursos ao longo do tempo que distorce o mundo e torna banais o ato de esfaquear, atirar e atacar. Ou, melhor dizendo, \u201cnecess\u00e1rios&#8221;, quase um pedido do c\u00e9u. S\u00e3o pessoas como ele que cozinham lentamente a intoler\u00e2ncia, que depois ser\u00e1 consumida pelos malucos que fazem o servi\u00e7o sujo.<\/p>\n<p>A liberdade de express\u00e3o, contudo, n\u00e3o admite censura pr\u00e9via. Ou seja, apesar de alguns ju\u00edzes n\u00e3o entenderem isso e darem senten\u00e7as aqui e ali para calar de antem\u00e3o biografias, reportagens, propagandas, movimentos sociais, a lei garante que as pessoas n\u00e3o sejam proibidas de dizer o que pensam. E foi isso o que aconteceu. Bolsonaro quis falar, Bolsonaro falou.<\/p>\n<p>Entretanto, as pessoas s\u00e3o sim respons\u00e1veis pelo impacto que a divulga\u00e7\u00e3o de suas opini\u00f5es causa. Como foi o caso de dirigir a um grupo espec\u00edfico (mulheres) um sentimento de \u00f3dio. E toda pessoa que emitir um discurso de \u00f3dio est\u00e1 sujeita a sofrer as consequ\u00eancias: pagar uma indeniza\u00e7\u00e3o, ir para a cadeia, perder o emprego, tornar-se ineleg\u00edvel na pr\u00f3xima elei\u00e7\u00e3o. Afinal, o exerc\u00edcio das liberdades pressup\u00f5e responsabilidade. Quem n\u00e3o consegue conviver com isso, n\u00e3o deveria nem fazer parte do debate p\u00fablico, recolhendo-se junto com sua raiva e \u00f3dio ao seu cantinho.<\/p>\n<p>Por fim, a responsabilidade por uma declara\u00e7\u00e3o \u00e9 diretamente proporcional ao poder de difus\u00e3o dessa mensagem. Quanto mais p\u00fablica a figura, mais respons\u00e1vel ela deve ser.<\/p>\n<p>O problema, portanto, n\u00e3o \u00e9 ter opini\u00e3o. Muito menos declar\u00e1-la. E sim como voc\u00ea faz isso. De forma respeitosa ou agressiva? Privilegiando o di\u00e1logo de diferentes e buscando uma conviv\u00eancia pac\u00edfica, ou conclamando as pessoas para desrespeitar ainda mais aqueles vistos como diferentes por medo ou desconhecimento? Como disse Paulo Freire, todos somos guiados por ideologias. A diferen\u00e7a \u00e9 se sua ideologia \u00e9 inclusiva ou excludente.<\/p>\n<p>Voc\u00eas acham que as pessoas que ficam indignadas com as declara\u00e7\u00f5es de Bolsonaro s\u00e3o uma min\u00fascula minoria da popula\u00e7\u00e3o? Desconfio que n\u00e3o. Uma grande parte acha gra\u00e7a no que ele fala ou mesmo concordou com ele, tal como a plateia riu quando Alexandre Frota contou uma narrativa de viol\u00eancia sexual em um programa de TV.<\/p>\n<p>A decis\u00e3o do Supremo, portanto, \u00e9 civilizat\u00f3ria. N\u00e3o apenas para Bolsonaro, mas para aquilo que encaramos no espelho diariamente.<\/p>\n","protected":false},"excerpt":{"rendered":"<p>P\u00e2nico nas redes sociais: Se \u201cBolsomito\u201d n\u00e3o \u00e9 invulner\u00e1vel, n\u00f3s tamb\u00e9m n\u00e3o? Por Leonardo Sakamoto Muita gente n\u00e3o se deu conta do impacto da decis\u00e3o do Supremo Tribunal Federal que aceitou, nesta ter\u00e7a (21), den\u00fancia de incita\u00e7\u00e3o ao crime de estupro e transformou o deputado federal Jair Bolsonaro (PSC-RJ) em r\u00e9u em uma a\u00e7\u00e3o penal.<\/p>\n","protected":false},"author":1,"featured_media":0,"comment_status":"closed","ping_status":"open","sticky":false,"template":"","format":"standard","meta":{"_exactmetrics_skip_tracking":false,"_exactmetrics_sitenote_active":false,"_exactmetrics_sitenote_note":"","_exactmetrics_sitenote_category":0,"jetpack_post_was_ever_published":false,"_jetpack_newsletter_access":"","_jetpack_dont_email_post_to_subs":false,"_jetpack_newsletter_tier_id":0,"_jetpack_memberships_contains_paywalled_content":false,"_jetpack_memberships_contains_paid_content":false,"footnotes":"","jetpack_publicize_message":"","jetpack_publicize_feature_enabled":true,"jetpack_social_post_already_shared":true,"jetpack_social_options":{"image_generator_settings":{"template":"highway","enabled":false},"version":2}},"categories":[1],"tags":[],"class_list":["post-1848","post","type-post","status-publish","format-standard","hentry","category-notas"],"jetpack_publicize_connections":[],"jetpack_sharing_enabled":true,"jetpack_featured_media_url":"","jetpack_shortlink":"https:\/\/wp.me\/p7wKYW-tO","jetpack-related-posts":[],"_links":{"self":[{"href":"http:\/\/blogdalucianaoliveira.com.br\/blog\/wp-json\/wp\/v2\/posts\/1848","targetHints":{"allow":["GET"]}}],"collection":[{"href":"http:\/\/blogdalucianaoliveira.com.br\/blog\/wp-json\/wp\/v2\/posts"}],"about":[{"href":"http:\/\/blogdalucianaoliveira.com.br\/blog\/wp-json\/wp\/v2\/types\/post"}],"author":[{"embeddable":true,"href":"http:\/\/blogdalucianaoliveira.com.br\/blog\/wp-json\/wp\/v2\/users\/1"}],"replies":[{"embeddable":true,"href":"http:\/\/blogdalucianaoliveira.com.br\/blog\/wp-json\/wp\/v2\/comments?post=1848"}],"version-history":[{"count":2,"href":"http:\/\/blogdalucianaoliveira.com.br\/blog\/wp-json\/wp\/v2\/posts\/1848\/revisions"}],"predecessor-version":[{"id":1851,"href":"http:\/\/blogdalucianaoliveira.com.br\/blog\/wp-json\/wp\/v2\/posts\/1848\/revisions\/1851"}],"wp:attachment":[{"href":"http:\/\/blogdalucianaoliveira.com.br\/blog\/wp-json\/wp\/v2\/media?parent=1848"}],"wp:term":[{"taxonomy":"category","embeddable":true,"href":"http:\/\/blogdalucianaoliveira.com.br\/blog\/wp-json\/wp\/v2\/categories?post=1848"},{"taxonomy":"post_tag","embeddable":true,"href":"http:\/\/blogdalucianaoliveira.com.br\/blog\/wp-json\/wp\/v2\/tags?post=1848"}],"curies":[{"name":"wp","href":"https:\/\/api.w.org\/{rel}","templated":true}]}}