{"id":18484,"date":"2018-06-20T09:49:32","date_gmt":"2018-06-20T13:49:32","guid":{"rendered":"http:\/\/blogdalucianaoliveira.com.br\/blog\/?p=18484"},"modified":"2018-06-20T09:49:32","modified_gmt":"2018-06-20T13:49:32","slug":"stf-determina-que-senador-ivo-cassol-cumpra-pena-de-imediato","status":"publish","type":"post","link":"http:\/\/blogdalucianaoliveira.com.br\/blog\/2018\/06\/20\/stf-determina-que-senador-ivo-cassol-cumpra-pena-de-imediato\/","title":{"rendered":"STF determina que senador Ivo Cassol cumpra pena de imediato"},"content":{"rendered":"<p><img data-recalc-dims=\"1\" loading=\"lazy\" decoding=\"async\" data-attachment-id=\"18488\" data-permalink=\"http:\/\/blogdalucianaoliveira.com.br\/blog\/2018\/06\/20\/stf-determina-que-senador-ivo-cassol-cumpra-pena-de-imediato\/ctha\/\" data-orig-file=\"https:\/\/i0.wp.com\/blogdalucianaoliveira.com.br\/blog\/wp-content\/uploads\/2018\/06\/ctha.jpg?fit=1200%2C800\" data-orig-size=\"1200,800\" data-comments-opened=\"0\" data-image-meta=\"{&quot;aperture&quot;:&quot;0&quot;,&quot;credit&quot;:&quot;&quot;,&quot;camera&quot;:&quot;&quot;,&quot;caption&quot;:&quot;&quot;,&quot;created_timestamp&quot;:&quot;0&quot;,&quot;copyright&quot;:&quot;&quot;,&quot;focal_length&quot;:&quot;0&quot;,&quot;iso&quot;:&quot;0&quot;,&quot;shutter_speed&quot;:&quot;0&quot;,&quot;title&quot;:&quot;&quot;,&quot;orientation&quot;:&quot;0&quot;}\" data-image-title=\"ctha\" data-image-description=\"\" data-image-caption=\"\" data-medium-file=\"https:\/\/i0.wp.com\/blogdalucianaoliveira.com.br\/blog\/wp-content\/uploads\/2018\/06\/ctha.jpg?fit=300%2C200\" data-large-file=\"https:\/\/i0.wp.com\/blogdalucianaoliveira.com.br\/blog\/wp-content\/uploads\/2018\/06\/ctha.jpg?fit=600%2C400\" class=\"alignnone size-full wp-image-18488\" src=\"https:\/\/i0.wp.com\/blogdalucianaoliveira.com.br\/blog\/wp-content\/uploads\/2018\/06\/ctha.jpg?resize=600%2C400\" alt=\"ctha\" width=\"600\" height=\"400\" srcset=\"https:\/\/i0.wp.com\/blogdalucianaoliveira.com.br\/blog\/wp-content\/uploads\/2018\/06\/ctha.jpg?w=1200 1200w, https:\/\/i0.wp.com\/blogdalucianaoliveira.com.br\/blog\/wp-content\/uploads\/2018\/06\/ctha.jpg?resize=300%2C200 300w, https:\/\/i0.wp.com\/blogdalucianaoliveira.com.br\/blog\/wp-content\/uploads\/2018\/06\/ctha.jpg?resize=768%2C512 768w, https:\/\/i0.wp.com\/blogdalucianaoliveira.com.br\/blog\/wp-content\/uploads\/2018\/06\/ctha.jpg?resize=1024%2C683 1024w, https:\/\/i0.wp.com\/blogdalucianaoliveira.com.br\/blog\/wp-content\/uploads\/2018\/06\/ctha.jpg?resize=450%2C300 450w\" sizes=\"auto, (max-width: 600px) 100vw, 600px\" \/><\/p>\n<p>Ag\u00eancia Brasil &#8211; Ap\u00f3s sete anos de tramita\u00e7\u00e3o, o plen\u00e1rio do Supremo Tribunal Federal (STF) decidiu hoje (20) que a a\u00e7\u00e3o penal contra o senador Ivo Cassol (PP-PR) est\u00e1 definitivamente encerrada, selando a condena\u00e7\u00e3o do pol\u00edtico por fraude em licita\u00e7\u00e3o. Com isso, foi determinado o cumprimento imediato da pena de 4 anos em regime aberto.<!--more--><\/p>\n<p>O Supremo condenou o parlamentar, com base no voto da relatora C\u00e1rmen L\u00facia, em 2013. Na ocasi\u00e3o, ele se tornou o primeiro senador a ser condenado pela Justi\u00e7a desde a Constitui\u00e7\u00e3o de 1988. A aplica\u00e7\u00e3o da pena, entretanto, foi sendo postergada devido \u00e0 demora em julgar o recurso de Cassol.<\/p>\n<p>Em dezembro do ano passado, o plen\u00e1rio acatou um dos recursos do senador e reduziu sua pena de 4 anos e 8 meses em regime semiaberto para 4 anos em regime aberto, mais o pagamento de multa. A pena, entretanto, foi convertida em presta\u00e7\u00e3o de servi\u00e7os comunit\u00e1rios, o que significa que ele n\u00e3o ser\u00e1 preso. O tipo de servi\u00e7o a ser prestado ainda n\u00e3o foi definido.<\/p>\n<p>Cassol e mais dois r\u00e9us \u2013 Salom\u00e3o da Silveira e Erodi Matt \u2013 foram condenados pelo crime de fraude em licita\u00e7\u00e3o por fatos ocorridos na \u00e9poca em que ele era prefeito de Rolim de Moura, em Rond\u00f4nia, entre 1998 e 2002. Segundo den\u00fancia do Minist\u00e9rio P\u00fablico, o esquema criminoso consistia no fracionamento ilegal de licita\u00e7\u00e3o em obras e servi\u00e7os.<\/p>\n<p>&nbsp;<\/p>\n","protected":false},"excerpt":{"rendered":"<p>Ag\u00eancia Brasil &#8211; Ap\u00f3s sete anos de tramita\u00e7\u00e3o, o plen\u00e1rio do Supremo Tribunal Federal (STF) decidiu hoje (20) que a a\u00e7\u00e3o penal contra o senador Ivo Cassol (PP-PR) est\u00e1 definitivamente encerrada, selando a condena\u00e7\u00e3o do pol\u00edtico por fraude em licita\u00e7\u00e3o. Com isso, foi determinado o cumprimento imediato da pena de 4 anos em regime aberto.<\/p>\n","protected":false},"author":1,"featured_media":0,"comment_status":"closed","ping_status":"open","sticky":false,"template":"","format":"standard","meta":{"_exactmetrics_skip_tracking":false,"_exactmetrics_sitenote_active":false,"_exactmetrics_sitenote_note":"","_exactmetrics_sitenote_category":0,"jetpack_post_was_ever_published":false,"_jetpack_newsletter_access":"","_jetpack_dont_email_post_to_subs":false,"_jetpack_newsletter_tier_id":0,"_jetpack_memberships_contains_paywalled_content":false,"_jetpack_memberships_contains_paid_content":false,"footnotes":"","jetpack_publicize_message":"","jetpack_publicize_feature_enabled":true,"jetpack_social_post_already_shared":true,"jetpack_social_options":{"image_generator_settings":{"template":"highway","enabled":false},"version":2}},"categories":[1],"tags":[],"class_list":["post-18484","post","type-post","status-publish","format-standard","hentry","category-notas"],"jetpack_publicize_connections":[],"jetpack_sharing_enabled":true,"jetpack_featured_media_url":"","jetpack_shortlink":"https:\/\/wp.me\/p7wKYW-4O8","jetpack-related-posts":[],"_links":{"self":[{"href":"http:\/\/blogdalucianaoliveira.com.br\/blog\/wp-json\/wp\/v2\/posts\/18484","targetHints":{"allow":["GET"]}}],"collection":[{"href":"http:\/\/blogdalucianaoliveira.com.br\/blog\/wp-json\/wp\/v2\/posts"}],"about":[{"href":"http:\/\/blogdalucianaoliveira.com.br\/blog\/wp-json\/wp\/v2\/types\/post"}],"author":[{"embeddable":true,"href":"http:\/\/blogdalucianaoliveira.com.br\/blog\/wp-json\/wp\/v2\/users\/1"}],"replies":[{"embeddable":true,"href":"http:\/\/blogdalucianaoliveira.com.br\/blog\/wp-json\/wp\/v2\/comments?post=18484"}],"version-history":[{"count":2,"href":"http:\/\/blogdalucianaoliveira.com.br\/blog\/wp-json\/wp\/v2\/posts\/18484\/revisions"}],"predecessor-version":[{"id":18489,"href":"http:\/\/blogdalucianaoliveira.com.br\/blog\/wp-json\/wp\/v2\/posts\/18484\/revisions\/18489"}],"wp:attachment":[{"href":"http:\/\/blogdalucianaoliveira.com.br\/blog\/wp-json\/wp\/v2\/media?parent=18484"}],"wp:term":[{"taxonomy":"category","embeddable":true,"href":"http:\/\/blogdalucianaoliveira.com.br\/blog\/wp-json\/wp\/v2\/categories?post=18484"},{"taxonomy":"post_tag","embeddable":true,"href":"http:\/\/blogdalucianaoliveira.com.br\/blog\/wp-json\/wp\/v2\/tags?post=18484"}],"curies":[{"name":"wp","href":"https:\/\/api.w.org\/{rel}","templated":true}]}}