{"id":18496,"date":"2018-06-20T19:34:52","date_gmt":"2018-06-20T23:34:52","guid":{"rendered":"http:\/\/blogdalucianaoliveira.com.br\/blog\/?p=18496"},"modified":"2018-06-20T19:34:52","modified_gmt":"2018-06-20T23:34:52","slug":"mpf-e-mpro-recomendam-suspensao-do-direito-de-uso-do-rio-madeira-pela-hidreletrica-de-santo-antonio","status":"publish","type":"post","link":"http:\/\/blogdalucianaoliveira.com.br\/blog\/2018\/06\/20\/mpf-e-mpro-recomendam-suspensao-do-direito-de-uso-do-rio-madeira-pela-hidreletrica-de-santo-antonio\/","title":{"rendered":"MPF e MPRO recomendam suspens\u00e3o do direito de uso do rio Madeira pela Hidrel\u00e9trica de Santo Ant\u00f4nio"},"content":{"rendered":"<p><img data-recalc-dims=\"1\" loading=\"lazy\" decoding=\"async\" data-attachment-id=\"18497\" data-permalink=\"http:\/\/blogdalucianaoliveira.com.br\/blog\/2018\/06\/20\/mpf-e-mpro-recomendam-suspensao-do-direito-de-uso-do-rio-madeira-pela-hidreletrica-de-santo-antonio\/485d5404-5e49-40e3-838a-41fb0db39d5e\/\" data-orig-file=\"https:\/\/i0.wp.com\/blogdalucianaoliveira.com.br\/blog\/wp-content\/uploads\/2018\/06\/485D5404-5E49-40E3-838A-41FB0DB39D5E.jpeg?fit=400%2C266\" data-orig-size=\"400,266\" data-comments-opened=\"0\" data-image-meta=\"{&quot;aperture&quot;:&quot;0&quot;,&quot;credit&quot;:&quot;&quot;,&quot;camera&quot;:&quot;&quot;,&quot;caption&quot;:&quot;&quot;,&quot;created_timestamp&quot;:&quot;0&quot;,&quot;copyright&quot;:&quot;&quot;,&quot;focal_length&quot;:&quot;0&quot;,&quot;iso&quot;:&quot;0&quot;,&quot;shutter_speed&quot;:&quot;0&quot;,&quot;title&quot;:&quot;&quot;,&quot;orientation&quot;:&quot;0&quot;}\" data-image-title=\"485D5404-5E49-40E3-838A-41FB0DB39D5E\" data-image-description=\"\" data-image-caption=\"\" data-medium-file=\"https:\/\/i0.wp.com\/blogdalucianaoliveira.com.br\/blog\/wp-content\/uploads\/2018\/06\/485D5404-5E49-40E3-838A-41FB0DB39D5E.jpeg?fit=300%2C200\" data-large-file=\"https:\/\/i0.wp.com\/blogdalucianaoliveira.com.br\/blog\/wp-content\/uploads\/2018\/06\/485D5404-5E49-40E3-838A-41FB0DB39D5E.jpeg?fit=400%2C266\" class=\"alignnone size-full wp-image-18497\" src=\"https:\/\/i0.wp.com\/blogdalucianaoliveira.com.br\/blog\/wp-content\/uploads\/2018\/06\/485D5404-5E49-40E3-838A-41FB0DB39D5E.jpeg?resize=400%2C266\" alt=\"485D5404-5E49-40E3-838A-41FB0DB39D5E\" width=\"400\" height=\"266\" srcset=\"https:\/\/i0.wp.com\/blogdalucianaoliveira.com.br\/blog\/wp-content\/uploads\/2018\/06\/485D5404-5E49-40E3-838A-41FB0DB39D5E.jpeg?w=400 400w, https:\/\/i0.wp.com\/blogdalucianaoliveira.com.br\/blog\/wp-content\/uploads\/2018\/06\/485D5404-5E49-40E3-838A-41FB0DB39D5E.jpeg?resize=300%2C200 300w\" sizes=\"auto, (max-width: 400px) 100vw, 400px\" \/><\/p>\n<p>Recomenda\u00e7\u00e3o foi expedida para a Ag\u00eancia Nacional de \u00c1guas porque a Santo Ant\u00f4nio Energia n\u00e3o indenizou a popula\u00e7\u00e3o afetada pelos impactos da barragem da hidrel\u00e9trica<!--more--><\/p>\n<p>Santo Ant\u00f4nio Energia (SAE) &#8211;  concession\u00e1ria respons\u00e1vel pela Usina Hidrel\u00e9trica de Santo Ant\u00f4nio, em Rond\u00f4nia &#8211; n\u00e3o cumpriu as determina\u00e7\u00f5es da Ag\u00eancia Nacional de \u00c1guas (ANA) para pagamento das indeniza\u00e7\u00f5es das \u00e1reas afetadas pela barragem da hidrel\u00e9trica. Por esta raz\u00e3o, o Minist\u00e9rio P\u00fablico Federal (MPF) e o Estadual (MPRO) recomendaram que a ANA suspenda a outorga de direito de uso dos recursos h\u00eddricos concedida \u00e0 SAE.<\/p>\n<p>Na recomenda\u00e7\u00e3o, consta que moradores de Jacy-Paran\u00e1 reclamaram ao Minist\u00e9rio P\u00fablico que a concession\u00e1ria avaliou abaixo do pre\u00e7o de mercado as terras e benfeitorias que devem ser indenizadas. Segundo os moradores, as propostas de indeniza\u00e7\u00e3o s\u00e3o apresentadas pela SAE de forma \u201cfechada\u201d, unilateral e sem di\u00e1logo, desconsiderando contrapropostas.<\/p>\n<p>Um perito do MPF emitiu um parecer t\u00e9cnico que indica poss\u00edveis falhas na metodologia de levantamento de valores realizados pela SAE. O MPF est\u00e1 em fase de elabora\u00e7\u00e3o de um estudo mais completo, com visita \u00e0s \u00e1reas para an\u00e1lise do caderno de pre\u00e7os e de propostas de indeniza\u00e7\u00e3o. Esse laudo pericial tem previs\u00e3o de conclus\u00e3o at\u00e9 o fim de junho, mas j\u00e1 se observou que as propostas da SAE aos afetados que desenvolvem atividades comerciais n\u00e3o trazem a indeniza\u00e7\u00e3o pelo \u201cfundo de com\u00e9rcio\u201d, ou seja, n\u00e3o consta indeniza\u00e7\u00e3o pela atividade comercial.<\/p>\n<p>Na recomenda\u00e7\u00e3o, MPF e MPRO enfatizam que a aquisi\u00e7\u00e3o de terras e benfeitorias para a execu\u00e7\u00e3o de obras de infraestrutura consideradas de utilidade p\u00fablica devem respeitar as normas t\u00e9cnicas e procedimentos legais, para permitir a justa indeniza\u00e7\u00e3o aos propriet\u00e1rios das \u00e1reas afetadas. No caso da Hidrel\u00e9trica de Santo Ant\u00f4nio, as \u00e1reas afetadas ser\u00e3o desapropriadas para formarem a \u00e1rea de prote\u00e7\u00e3o estabelecida pela Ag\u00eancia Nacional de \u00c1guas.<\/p>\n<p>A ANA tem prazo de 10 dias \u00fateis para informar se vai acatar a recomenda\u00e7\u00e3o. Caso n\u00e3o acate, o Minist\u00e9rio P\u00fablico poder\u00e1 adotar outras provid\u00eancias. C\u00f3pias da recomenda\u00e7\u00e3o foram enviadas ao Ibama, ao governo de Rond\u00f4nia, \u00e0 Assembleia Legislativa, \u00e0 prefeitura de Porto Velho e \u00e0 C\u00e2mara de Vereadores.<\/p>\n<p>Assessoria de Comunica\u00e7\u00e3o Social<br \/>\nMinist\u00e9rio P\u00fablico Federal em Rond\u00f4nia<br \/>\nFones: (69) 3216-0511 \/ 98431-9761<br \/>\nEmail: prro-ascom@mpf.mp.br<br \/>\nwww.mpf.mp.br\/ro<br \/>\nTwitter@MPF_RO<\/p>\n","protected":false},"excerpt":{"rendered":"<p>Recomenda\u00e7\u00e3o foi expedida para a Ag\u00eancia Nacional de \u00c1guas porque a Santo Ant\u00f4nio Energia n\u00e3o indenizou a popula\u00e7\u00e3o afetada pelos impactos da barragem da hidrel\u00e9trica<\/p>\n","protected":false},"author":1,"featured_media":0,"comment_status":"closed","ping_status":"open","sticky":false,"template":"","format":"standard","meta":{"_exactmetrics_skip_tracking":false,"_exactmetrics_sitenote_active":false,"_exactmetrics_sitenote_note":"","_exactmetrics_sitenote_category":0,"jetpack_post_was_ever_published":false,"_jetpack_newsletter_access":"","_jetpack_dont_email_post_to_subs":false,"_jetpack_newsletter_tier_id":0,"_jetpack_memberships_contains_paywalled_content":false,"_jetpack_memberships_contains_paid_content":false,"footnotes":"","jetpack_publicize_message":"","jetpack_publicize_feature_enabled":true,"jetpack_social_post_already_shared":true,"jetpack_social_options":{"image_generator_settings":{"template":"highway","enabled":false},"version":2}},"categories":[1],"tags":[],"class_list":["post-18496","post","type-post","status-publish","format-standard","hentry","category-notas"],"jetpack_publicize_connections":[],"jetpack_sharing_enabled":true,"jetpack_featured_media_url":"","jetpack_shortlink":"https:\/\/wp.me\/p7wKYW-4Ok","jetpack-related-posts":[],"_links":{"self":[{"href":"http:\/\/blogdalucianaoliveira.com.br\/blog\/wp-json\/wp\/v2\/posts\/18496","targetHints":{"allow":["GET"]}}],"collection":[{"href":"http:\/\/blogdalucianaoliveira.com.br\/blog\/wp-json\/wp\/v2\/posts"}],"about":[{"href":"http:\/\/blogdalucianaoliveira.com.br\/blog\/wp-json\/wp\/v2\/types\/post"}],"author":[{"embeddable":true,"href":"http:\/\/blogdalucianaoliveira.com.br\/blog\/wp-json\/wp\/v2\/users\/1"}],"replies":[{"embeddable":true,"href":"http:\/\/blogdalucianaoliveira.com.br\/blog\/wp-json\/wp\/v2\/comments?post=18496"}],"version-history":[{"count":1,"href":"http:\/\/blogdalucianaoliveira.com.br\/blog\/wp-json\/wp\/v2\/posts\/18496\/revisions"}],"predecessor-version":[{"id":18498,"href":"http:\/\/blogdalucianaoliveira.com.br\/blog\/wp-json\/wp\/v2\/posts\/18496\/revisions\/18498"}],"wp:attachment":[{"href":"http:\/\/blogdalucianaoliveira.com.br\/blog\/wp-json\/wp\/v2\/media?parent=18496"}],"wp:term":[{"taxonomy":"category","embeddable":true,"href":"http:\/\/blogdalucianaoliveira.com.br\/blog\/wp-json\/wp\/v2\/categories?post=18496"},{"taxonomy":"post_tag","embeddable":true,"href":"http:\/\/blogdalucianaoliveira.com.br\/blog\/wp-json\/wp\/v2\/tags?post=18496"}],"curies":[{"name":"wp","href":"https:\/\/api.w.org\/{rel}","templated":true}]}}