{"id":18501,"date":"2018-06-21T16:23:33","date_gmt":"2018-06-21T20:23:33","guid":{"rendered":"http:\/\/blogdalucianaoliveira.com.br\/blog\/?p=18501"},"modified":"2018-06-21T16:23:33","modified_gmt":"2018-06-21T20:23:33","slug":"fake-news-o-perfil-tragicomico-das-eleicoes-em-rondonia","status":"publish","type":"post","link":"http:\/\/blogdalucianaoliveira.com.br\/blog\/2018\/06\/21\/fake-news-o-perfil-tragicomico-das-eleicoes-em-rondonia\/","title":{"rendered":"Fake news \u2013 O perfil tragic\u00f4mico das elei\u00e7\u00f5es em Rond\u00f4nia"},"content":{"rendered":"<p><img data-recalc-dims=\"1\" loading=\"lazy\" decoding=\"async\" data-attachment-id=\"18503\" data-permalink=\"http:\/\/blogdalucianaoliveira.com.br\/blog\/2018\/06\/21\/fake-news-o-perfil-tragicomico-das-eleicoes-em-rondonia\/577c870e-cbc1-4197-b6ab-6313ffe4f0f9\/\" data-orig-file=\"https:\/\/i0.wp.com\/blogdalucianaoliveira.com.br\/blog\/wp-content\/uploads\/2018\/06\/577C870E-CBC1-4197-B6AB-6313FFE4F0F9.jpeg?fit=1280%2C853\" data-orig-size=\"1280,853\" data-comments-opened=\"0\" data-image-meta=\"{&quot;aperture&quot;:&quot;0&quot;,&quot;credit&quot;:&quot;&quot;,&quot;camera&quot;:&quot;&quot;,&quot;caption&quot;:&quot;&quot;,&quot;created_timestamp&quot;:&quot;0&quot;,&quot;copyright&quot;:&quot;&quot;,&quot;focal_length&quot;:&quot;0&quot;,&quot;iso&quot;:&quot;0&quot;,&quot;shutter_speed&quot;:&quot;0&quot;,&quot;title&quot;:&quot;&quot;,&quot;orientation&quot;:&quot;0&quot;}\" data-image-title=\"577C870E-CBC1-4197-B6AB-6313FFE4F0F9\" data-image-description=\"\" data-image-caption=\"\" data-medium-file=\"https:\/\/i0.wp.com\/blogdalucianaoliveira.com.br\/blog\/wp-content\/uploads\/2018\/06\/577C870E-CBC1-4197-B6AB-6313FFE4F0F9.jpeg?fit=300%2C200\" data-large-file=\"https:\/\/i0.wp.com\/blogdalucianaoliveira.com.br\/blog\/wp-content\/uploads\/2018\/06\/577C870E-CBC1-4197-B6AB-6313FFE4F0F9.jpeg?fit=600%2C400\" class=\"alignnone size-full wp-image-18503\" src=\"https:\/\/i0.wp.com\/blogdalucianaoliveira.com.br\/blog\/wp-content\/uploads\/2018\/06\/577C870E-CBC1-4197-B6AB-6313FFE4F0F9.jpeg?resize=600%2C400\" alt=\"577C870E-CBC1-4197-B6AB-6313FFE4F0F9\" width=\"600\" height=\"400\" srcset=\"https:\/\/i0.wp.com\/blogdalucianaoliveira.com.br\/blog\/wp-content\/uploads\/2018\/06\/577C870E-CBC1-4197-B6AB-6313FFE4F0F9.jpeg?w=1280 1280w, https:\/\/i0.wp.com\/blogdalucianaoliveira.com.br\/blog\/wp-content\/uploads\/2018\/06\/577C870E-CBC1-4197-B6AB-6313FFE4F0F9.jpeg?resize=300%2C200 300w, https:\/\/i0.wp.com\/blogdalucianaoliveira.com.br\/blog\/wp-content\/uploads\/2018\/06\/577C870E-CBC1-4197-B6AB-6313FFE4F0F9.jpeg?resize=768%2C512 768w, https:\/\/i0.wp.com\/blogdalucianaoliveira.com.br\/blog\/wp-content\/uploads\/2018\/06\/577C870E-CBC1-4197-B6AB-6313FFE4F0F9.jpeg?resize=1024%2C682 1024w, https:\/\/i0.wp.com\/blogdalucianaoliveira.com.br\/blog\/wp-content\/uploads\/2018\/06\/577C870E-CBC1-4197-B6AB-6313FFE4F0F9.jpeg?resize=450%2C300 450w, https:\/\/i0.wp.com\/blogdalucianaoliveira.com.br\/blog\/wp-content\/uploads\/2018\/06\/577C870E-CBC1-4197-B6AB-6313FFE4F0F9.jpeg?w=1200 1200w\" sizes=\"auto, (max-width: 600px) 100vw, 600px\" \/><\/p>\n<p><strong>Rond\u00f4nia Din\u00e2mica \u00a0\u2013 <\/strong>\u201cPai Raimundinho de Ox\u00f3ssi joga os b\u00fazios e prev\u00ea vit\u00f3ria de Conf\u00facio. Segundo ele, \u2018nem Tranca Rua pode com um filho de Ogum\u2019\u201d. Este \u00e9 o t\u00edtulo de uma publica\u00e7\u00e3o veiculada no dia 16 de outubro de 2010, h\u00e1 quase oito anos.<!--more--><\/p>\n<p>Doze dias antes, findou-se o primeiro turno das elei\u00e7\u00f5es em Rond\u00f4nia. No quadro geral, os ent\u00e3o candidatos Conf\u00facio Moura, hoje no MDB, e Jo\u00e3o Cah\u00falla, \u00e0 \u00e9poca no PPS, foram agraciados com o voto da popula\u00e7\u00e3o e al\u00e7ados \u00e0 condi\u00e7\u00e3o de uma nova disputa s\u00f3 entre ambos no segundo turno.<\/p>\n<p>O emedebista sagrou-se, ent\u00e3o, e pela primeira vez, chefe do Executivo estadual. Seu advers\u00e1rio, por outro lado, perdeu o posto ap\u00f3s m\u00edseros sete meses de governo e hoje \u00e9 aposentado de forma vital\u00edcia gra\u00e7as a um dispositivo legal \u2013 j\u00e1 extinto \u2013 que concedia o benef\u00edcio a ex-mandat\u00e1rios e suas respectivas vi\u00favas. Mas divago&#8230;<\/p>\n<p>A origem do conte\u00fado que inaugura este artigo? Falso, mentiroso e doentio. Uma p\u00e1gina criada na plataforma <em>WordPress<\/em> onde \u00e9 perfeitamente poss\u00edvel ter um website na internet sem pagar absolutamente nada \u2013 at\u00e9 hoje. R\u00e1pido, f\u00e1cil. O enquadramento emulava exatamente as caracter\u00edsticas e propriedades do Blog do Conf\u00facio, que j\u00e1 existia e est\u00e1 no ar at\u00e9 hoje, emprestando similitude \u00edmpar ao engodo virtual.<\/p>\n<p><img data-recalc-dims=\"1\" decoding=\"async\" class=\"entry-thumb\" src=\"https:\/\/i0.wp.com\/www.rondoniadinamica.com\/uploads\/confa-01.jpg?w=600\" alt=\"\" \/><br \/>\n<em>P\u00e1gina falsa contra Conf\u00facio, criada em 2010, ainda est\u00e1 no ar \/ Foto: Reprodu\u00e7\u00e3o<\/em><\/p>\n<p>A ideia dos malandros era jogar o ent\u00e3o candidato contra as lideren\u00e7as evang\u00e9licas. Com um amontoado de bobocas e preconceituosos pululando imbecilidades acerca das religi\u00f5es afro-brasileiras, ou sobre quaisquer temas que possam destoar de seus dogmas arcaicos e rid\u00edculos, a not\u00edcia falsa plantada era um prato cheio \u00e0 disc\u00f3rdia.<\/p>\n<p>Aqui \u00e9 perfeitamente plaus\u00edvel e aceit\u00e1vel um cidad\u00e3o pobre sem ter onde cair vivo entregar o pouco que lhe resta para subsist\u00eancia a um estelionat\u00e1rio da f\u00e9 crist\u00e3. \u00a0Em contrapartida, qualquer tipo de contato com expoentes das cren\u00e7as de matrizes africanas est\u00e1 fadado ao apedrejamento p\u00fablico.<\/p>\n<p>Agora, se Conf\u00facio foi eleito \u00e9 \u00f3bvio que a tramoia n\u00e3o prosperou. E existe um porqu\u00ea.<\/p>\n<p>O Facebook, por exemplo, existe desde fevereiro 2004; n\u00f3s, entretanto, passamos a utiliz\u00e1-lo de forma contumaz a partir de 2011, quando o neg\u00f3cio virou febre no Brasil. Adeus, Orkut!<\/p>\n<p>As redes sociais se tornaram ferramenta visceral de viraliza\u00e7\u00e3o de conte\u00fado \u2013 e isto, claro, \u00e9 um verdadeiro cutelo de cortar ossos de dois gumes. Sem conhecermos ainda o potencial de prolifera\u00e7\u00e3o a jato de informa\u00e7\u00f5es \u2013 verdadeiras ou falsas \u2013 o encontro entre Conf\u00facio e o babalorix\u00e1 Raimundinho de Ox\u00f3ssi, personagem que nunca existiu, diga-se de passagem, foi not\u00edcia aqui e acol\u00e1 na imprensa, mas n\u00e3o vingou como seus criadores imaginaram.<\/p>\n<p>E este \u00e9 s\u00f3 um exemplo de que o tema n\u00e3o \u00e9 recente. Recente \u00e9 o neologismo <em>fake news<\/em>, outro anglicismo incorporado \u00e0 l\u00ednguagem brasileira e absorvido pela imprensa p\u00e1tria principalmente ap\u00f3s o \u00faltimo pleito presidencial nos EUA.<\/p>\n<p>A ativista Luciana Oliveira, o cientista pol\u00edtico Vinicius Miguel, a historiadora Rita Vieira e eu, mediados pela competente professora Larissa Zuim, tamb\u00e9m jornalista, debatemos o assunto fake news especificamente voltado \u00e0s elei\u00e7\u00f5es. Pelo hist\u00f3rico ascendente de libertinagem virtual, 2018 ser\u00e1 um ano de baixarias. Talvez do fundo do po\u00e7o. E de l\u00e1 \u00e9 que talvez possamos ressurgir para reconstruir migalhas de civilidade, como bem pontuou a mestra Rita Vieira. Os escrit\u00f3rios de advocacia j\u00e1 est\u00e3o em polvorosa, inclusive, com teses pront\u00edssimas a disparar representa\u00e7\u00f5es e s\u00f3 aguardando para encaix\u00e1-las nos casos concretos.<\/p>\n<p>Lorota vai custar caro, j\u00e1 adianto.<\/p>\n<p><img data-recalc-dims=\"1\" decoding=\"async\" class=\"entry-thumb\" src=\"https:\/\/i0.wp.com\/www.rondoniadinamica.com\/uploads\/ritaviera.jpg?w=600\" alt=\"\" \/><br \/>\n<em>Professora Rita Vieira: uma aula de hist\u00f3ria sobre a origem das not\u00edcias falsas\u00a0\/ Foto: Gregory Rodriguez<\/em><\/p>\n<p>O nosso bate-papo ocorreu na mesa redonda durante a XXIII Semacom, na \u00faltima ter\u00e7a-feira, 19, no audit\u00f3rio da Uniron \u2013 campus shopping.<\/p>\n<p>A realiza\u00e7\u00e3o do evento que ainda est\u00e1 em andamento \u00e9 da Ag\u00eancia J\u00fanior de Comunica\u00e7\u00e3o (UCOM). Neste ano, a ag\u00eancia \u00e9 coordenada pela professora Larissa Zuim e comandada pelo diretor-presidente Neto Ramos, acad\u00eamico.<\/p>\n<p>Est\u00e3o todos de parab\u00e9ns pelo engajamento. Ah, sim, o pessoal\u00a0a\u00ed debaixo colaborou tamb\u00e9m:<\/p>\n<p><img data-recalc-dims=\"1\" decoding=\"async\" class=\"entry-thumb\" src=\"https:\/\/i0.wp.com\/www.rondoniadinamica.com\/uploads\/criativa.jpg?w=600\" alt=\"\" \/><br \/>\n<em>Acad\u00eamicos membros da UCOM, respons\u00e1vel pela XXIII Semacom \/ Imagem: Divulga\u00e7\u00e3o<\/em><\/p>\n<p>Meu xar\u00e1 Vinicius Miguel fez quest\u00e3o de deixar claro que a internet n\u00e3o \u00e9 terra sem lei como muitos querem crer; gente sem escr\u00fapulos ter\u00e1 de responder por eventuais mentiras, ataques e grosserias tanto na esfera c\u00edvel quanto no \u00e2mbito penal.<\/p>\n<p>Luciana, profissional independente na \u00e1rea da comunica\u00e7\u00e3o, relembrou o epis\u00f3dio em que um deputado federal se safou no Conselho de \u00c9tica (?) da C\u00e2mara Federal\u00a0ap\u00f3s publicar not\u00edcia falsa e fazer coment\u00e1rios indecorosos sobre a vereadora Marielle Franco (PSOL-RJ), assassinada em mar\u00e7o deste ano.<\/p>\n<p><img data-recalc-dims=\"1\" decoding=\"async\" class=\"entry-thumb\" src=\"https:\/\/i0.wp.com\/www.rondoniadinamica.com\/uploads\/semacom.jpg?w=600\" alt=\"\" \/><br \/>\n<em>Mesa composta no evento para discutir fake news nas elei\u00e7oes \/ Foto: Gregory Rodriguez<\/em><\/p>\n<p>O Conselho de \u00c9tica e Decoro Parlamentar da C\u00e2mara arquivou o processo que pedia a cassa\u00e7\u00e3o do mandato do deputado Alberto Fraga (DEM-DF). Por 10 votos a um, o colegiado aprovou parecer do deputado Adilton Sachetti pelo arquivamento da representa\u00e7\u00e3o protocolada pelo PSOL, que acusa Fraga de usar as redes sociais para difamar e caluniar a vereadora. Fraga escreveu no Twitter que Marielle \u201cengravidou aos 16 anos\u201d, \u201cera ex-esposa do traficante Marcinho VP\u201d, \u201cusu\u00e1ria de drogas e defensora do Comando Vermelho\u201d.<\/p>\n<p>Tudo mentira.<\/p>\n<p>E este passar de m\u00e3os na cabe\u00e7a patrocinada pelo Legislativo \u00e9 a prova cabal de que estamos em cima do ringue de vale-tudo. Logo, conforme frisei aos jovens e demais membros da plateia na XXIII Semacom, a \u00fanica maneira de refrear os efeitos danosos impelidos pelo \u00edmpeto maculado de tipos que desconhecem moral e \u00e9tica \u00e9 contra-atacar na seara dos argumentos e apontamento de fontes: a p\u00e1 de cal da sapi\u00eancia.<\/p>\n<p>___<br \/>\n<strong>E segue a XIII Semacom, viu? Amanh\u00e3 tem mais. Olha a\u00ed&#8230;<\/strong><\/p>\n<p><img data-recalc-dims=\"1\" decoding=\"async\" class=\"entry-thumb\" src=\"https:\/\/i0.wp.com\/www.rondoniadinamica.com\/uploads\/news.jpg?w=600\" alt=\"\" \/><\/p>\n<p><img data-recalc-dims=\"1\" decoding=\"async\" class=\"entry-thumb\" src=\"https:\/\/i0.wp.com\/www.rondoniadinamica.com\/uploads\/VINICIUS-PRONTO_30.jpg?w=600\" \/><\/p>\n<p><strong>Autor \/ Fonte: Vinicius Canova<\/strong><\/p>\n","protected":false},"excerpt":{"rendered":"<p>Rond\u00f4nia Din\u00e2mica \u00a0\u2013 \u201cPai Raimundinho de Ox\u00f3ssi joga os b\u00fazios e prev\u00ea vit\u00f3ria de Conf\u00facio. Segundo ele, \u2018nem Tranca Rua pode com um filho de Ogum\u2019\u201d. Este \u00e9 o t\u00edtulo de uma publica\u00e7\u00e3o veiculada no dia 16 de outubro de 2010, h\u00e1 quase oito anos.<\/p>\n","protected":false},"author":1,"featured_media":0,"comment_status":"closed","ping_status":"open","sticky":false,"template":"","format":"standard","meta":{"_exactmetrics_skip_tracking":false,"_exactmetrics_sitenote_active":false,"_exactmetrics_sitenote_note":"","_exactmetrics_sitenote_category":0,"jetpack_post_was_ever_published":false,"_jetpack_newsletter_access":"","_jetpack_dont_email_post_to_subs":false,"_jetpack_newsletter_tier_id":0,"_jetpack_memberships_contains_paywalled_content":false,"_jetpack_memberships_contains_paid_content":false,"footnotes":"","jetpack_publicize_message":"","jetpack_publicize_feature_enabled":true,"jetpack_social_post_already_shared":true,"jetpack_social_options":{"image_generator_settings":{"template":"highway","enabled":false},"version":2}},"categories":[1],"tags":[],"class_list":["post-18501","post","type-post","status-publish","format-standard","hentry","category-notas"],"jetpack_publicize_connections":[],"jetpack_sharing_enabled":true,"jetpack_featured_media_url":"","jetpack_shortlink":"https:\/\/wp.me\/p7wKYW-4Op","jetpack-related-posts":[],"_links":{"self":[{"href":"http:\/\/blogdalucianaoliveira.com.br\/blog\/wp-json\/wp\/v2\/posts\/18501","targetHints":{"allow":["GET"]}}],"collection":[{"href":"http:\/\/blogdalucianaoliveira.com.br\/blog\/wp-json\/wp\/v2\/posts"}],"about":[{"href":"http:\/\/blogdalucianaoliveira.com.br\/blog\/wp-json\/wp\/v2\/types\/post"}],"author":[{"embeddable":true,"href":"http:\/\/blogdalucianaoliveira.com.br\/blog\/wp-json\/wp\/v2\/users\/1"}],"replies":[{"embeddable":true,"href":"http:\/\/blogdalucianaoliveira.com.br\/blog\/wp-json\/wp\/v2\/comments?post=18501"}],"version-history":[{"count":1,"href":"http:\/\/blogdalucianaoliveira.com.br\/blog\/wp-json\/wp\/v2\/posts\/18501\/revisions"}],"predecessor-version":[{"id":18504,"href":"http:\/\/blogdalucianaoliveira.com.br\/blog\/wp-json\/wp\/v2\/posts\/18501\/revisions\/18504"}],"wp:attachment":[{"href":"http:\/\/blogdalucianaoliveira.com.br\/blog\/wp-json\/wp\/v2\/media?parent=18501"}],"wp:term":[{"taxonomy":"category","embeddable":true,"href":"http:\/\/blogdalucianaoliveira.com.br\/blog\/wp-json\/wp\/v2\/categories?post=18501"},{"taxonomy":"post_tag","embeddable":true,"href":"http:\/\/blogdalucianaoliveira.com.br\/blog\/wp-json\/wp\/v2\/tags?post=18501"}],"curies":[{"name":"wp","href":"https:\/\/api.w.org\/{rel}","templated":true}]}}