{"id":18508,"date":"2018-06-22T11:49:48","date_gmt":"2018-06-22T15:49:48","guid":{"rendered":"http:\/\/blogdalucianaoliveira.com.br\/blog\/?p=18508"},"modified":"2018-06-22T11:49:48","modified_gmt":"2018-06-22T15:49:48","slug":"mae-de-jovem-morto-no-rio-e-um-estado-doente-que-mata-crianca-com-roupa-de-escola","status":"publish","type":"post","link":"http:\/\/blogdalucianaoliveira.com.br\/blog\/2018\/06\/22\/mae-de-jovem-morto-no-rio-e-um-estado-doente-que-mata-crianca-com-roupa-de-escola\/","title":{"rendered":"M\u00e3e de jovem morto no Rio: \u201c\u00c9 um Estado doente que mata crian\u00e7a com roupa de escola\u201d"},"content":{"rendered":"<p><img data-recalc-dims=\"1\" loading=\"lazy\" decoding=\"async\" data-attachment-id=\"18509\" data-permalink=\"http:\/\/blogdalucianaoliveira.com.br\/blog\/2018\/06\/22\/mae-de-jovem-morto-no-rio-e-um-estado-doente-que-mata-crianca-com-roupa-de-escola\/jov\/\" data-orig-file=\"https:\/\/i0.wp.com\/blogdalucianaoliveira.com.br\/blog\/wp-content\/uploads\/2018\/06\/jov.jpg?fit=1960%2C1305\" data-orig-size=\"1960,1305\" data-comments-opened=\"0\" data-image-meta=\"{&quot;aperture&quot;:&quot;0&quot;,&quot;credit&quot;:&quot;&quot;,&quot;camera&quot;:&quot;&quot;,&quot;caption&quot;:&quot;&quot;,&quot;created_timestamp&quot;:&quot;0&quot;,&quot;copyright&quot;:&quot;&quot;,&quot;focal_length&quot;:&quot;0&quot;,&quot;iso&quot;:&quot;0&quot;,&quot;shutter_speed&quot;:&quot;0&quot;,&quot;title&quot;:&quot;&quot;,&quot;orientation&quot;:&quot;0&quot;}\" data-image-title=\"jov\" data-image-description=\"\" data-image-caption=\"\" data-medium-file=\"https:\/\/i0.wp.com\/blogdalucianaoliveira.com.br\/blog\/wp-content\/uploads\/2018\/06\/jov.jpg?fit=300%2C200\" data-large-file=\"https:\/\/i0.wp.com\/blogdalucianaoliveira.com.br\/blog\/wp-content\/uploads\/2018\/06\/jov.jpg?fit=600%2C400\" class=\"alignnone size-full wp-image-18509\" src=\"https:\/\/i0.wp.com\/blogdalucianaoliveira.com.br\/blog\/wp-content\/uploads\/2018\/06\/jov.jpg?resize=600%2C399\" alt=\"jov\" width=\"600\" height=\"399\" srcset=\"https:\/\/i0.wp.com\/blogdalucianaoliveira.com.br\/blog\/wp-content\/uploads\/2018\/06\/jov.jpg?w=1960 1960w, https:\/\/i0.wp.com\/blogdalucianaoliveira.com.br\/blog\/wp-content\/uploads\/2018\/06\/jov.jpg?resize=300%2C200 300w, https:\/\/i0.wp.com\/blogdalucianaoliveira.com.br\/blog\/wp-content\/uploads\/2018\/06\/jov.jpg?resize=768%2C511 768w, https:\/\/i0.wp.com\/blogdalucianaoliveira.com.br\/blog\/wp-content\/uploads\/2018\/06\/jov.jpg?resize=1024%2C682 1024w, https:\/\/i0.wp.com\/blogdalucianaoliveira.com.br\/blog\/wp-content\/uploads\/2018\/06\/jov.jpg?resize=451%2C300 451w, https:\/\/i0.wp.com\/blogdalucianaoliveira.com.br\/blog\/wp-content\/uploads\/2018\/06\/jov.jpg?w=1200 1200w, https:\/\/i0.wp.com\/blogdalucianaoliveira.com.br\/blog\/wp-content\/uploads\/2018\/06\/jov.jpg?w=1800 1800w\" sizes=\"auto, (max-width: 600px) 100vw, 600px\" \/><\/p>\n<p>Prefeitura abre sua sede para velar Marcos Vin\u00edcius, 14 anos, morto durante opera\u00e7\u00e3o policial na Mar\u00e9. Professores relembram garoto e estudantes denunciam ass\u00e9dio da pol\u00edcia em protesto<!--more--><\/p>\n<p><span class=\"autor-nombre\">No El Pa\u00eds, por Felipe Betim<\/span><\/p>\n<p>Marcos Vin\u00edcius da Silva estava sempre sorrindo. &#8220;Mesmo quando a gente dava esporro, ele estava sempre rindo&#8221;, lembra o professor de Geografia Rafael Gurgel, uma das dezenas de pessoas que estiveram nesta quinta-feira no vel\u00f3rio do adolescente de 14 anos, morto um dia antes durante uma opera\u00e7\u00e3o policial no Complexo de Favelas da Mar\u00e9, na zona norte de um Rio de Janeiro sob interven\u00e7\u00e3o federal desde fevereiro. Entre l\u00e1grimas de dor e indigna\u00e7\u00e3o, os mais pr\u00f3ximos lembravam de um garoto brincalh\u00e3o. O cen\u00e1rio da despedida foi o Pal\u00e1cio da Cidade, sede da Prefeitura do Rio de Janeiro aberta para acolher familiares e um \u00f4nibus lotado de moradores da Mar\u00e9.<\/p>\n<div id=\"cuerpo_noticia\" class=\"articulo-cuerpo\">\n<p>Dentro da imponente constru\u00e7\u00e3o, sil\u00eancio e cabe\u00e7as pr\u00f3ximas ao caix\u00e3o aberto para a cerim\u00f4nia, que come\u00e7ou por volta de 15h. Do lado de fora, desabafo: &#8220;A culpa \u00e9 desse Estado doente que est\u00e1 matando as nossas crian\u00e7as com roupa de escola. Est\u00e3o segurando mochila e caderno, n\u00e3o \u00e9 arma, n\u00e3o \u00e9 faca. N\u00e3o est\u00e3o roubando e nem se prostituindo, est\u00e3o estudando!&#8221;, diz a trabalhadora dom\u00e9stica Bruna Silva, m\u00e3e de Marcos Vin\u00edcius. Ela culpa os policiais com base em um depoimento: o de seu pr\u00f3prio filho, que ficou l\u00facido durante um tempo mesmo baleado. &#8220;Ele disse: &#8216;M\u00e3e, eu sei quem atirou em mim. Foi o blindado, m\u00e3e. Ele n\u00e3o me viu com a roupa de escola&#8221;, conta Bruna. Ela ainda acrescenta: &#8220;Dizem que minha comunidade \u00e9 violenta. Mas a minha comunidade n\u00e3o \u00e9 violenta, ela \u00e9 muito boa. \u00c9 a opera\u00e7\u00e3o que, quando vai l\u00e1, vai com muita trucul\u00eancia&#8221;.<\/p>\n<div id=\"elpais_gpt-INTEXT\" data-google-query-id=\"CJS7tOHO59sCFULE4QodZiEIGw\"><\/div>\n<p>A opera\u00e7\u00e3o policial na Mar\u00e9, mais precisamente nas comunidades Vila do Pinheiro e Vila do Jo\u00e3o, contou com policiais civis e militares e soldados do Ex\u00e9rcito. Terminou com a morte de outros seis rapazes, os quais a Pol\u00edcia Civil diz serem suspeitos de estarem envolvidos na morte de um inspetor da corpora\u00e7\u00e3o. Em v\u00eddeos compartilhados nas redes sociais sobre a a\u00e7\u00e3o desta quarta \u00e9 poss\u00edvel ver helic\u00f3pteros da Pol\u00edcia Civil fazendo voos rasantes sobre o territ\u00f3rio e escutar v\u00e1rios tiros\u00a0\u2014 os moradores denunciam que policiais dentro da aeronave estavam disparando contra\u00a0<a href=\"https:\/\/brasil.elpais.com\/brasil\/2018\/02\/23\/politica\/1519421060_002763.html\">alvos no solo<\/a>. Quando come\u00e7ou esse tiroteio, por volta de 9h da manh\u00e3, Marcos Vin\u00edcius sa\u00eda de casa atrasado para a escola,\u00a0o Ciep Oper\u00e1rio Vicente Mariano. N\u00e3o era um panorama desconhecido, j\u00e1 que s\u00f3 em 2017 as escolas do Rio chegaram a fechar 184 dias por causa de tiroteios e o Complexo da Mar\u00e9 foi uma das \u00e1reas mais afetadas. No meio do caminho, quando j\u00e1 havia decidido voltar para casa, Marcos levou um tiro &#8220;pelas costas&#8221;, segundo concluiu o laudo do Instituto M\u00e9dico Legal,\u00a0<a href=\"https:\/\/g1.globo.com\/rj\/rio-de-janeiro\/noticia\/adolescente-morto-na-mare-foi-atingido-por-disparo-pelas-costas-diz-laudo.ghtml\" target=\"_blank\">revelado pelo programa RJ TV, da\u00a0<em>Globo<\/em><\/a>. Os peritos ainda conclu\u00edram que a bala perfurou a barriga do garoto. Mesmo assim, segurando a barriga, virou-se para o amigo que lhe acompanhava, Henrique, e disse: &#8220;Fica tranquilo, vai dar tudo certo&#8221;.<\/p>\n<div class=\"teads-inread\"><\/div>\n<p>Marcos Vin\u00edcius foi ent\u00e3o levado para uma Unidade de Pronto Atendimento (UPA) por moradores. &#8220;Quando eu cheguei na UPA ele estava com vida. Eu dizia para ele ficar calado, para ganhar f\u00f4lego. Foi a\u00ed que ele come\u00e7ou a gemer&#8221;, lembra a m\u00e3e Bruna. &#8220;A ambul\u00e2ncia demorou uma hora para chegar porque os policiais mandaram ela voltar da avenida Brasil. A\u00ed veio uma ordem superior mandando ela entrar. Nesse momento, meu filho j\u00e1 estava estava roxo, p\u00e1lido, gelado. O beicinho dele j\u00e1 estava inchado. Ele estava falecendo ali na minha frente&#8221;, conta.<\/p>\n<p>Uma vez transferido para o Hospital Get\u00falio Vargas, o menino foi operado. Teve o ba\u00e7o e um rim retirado, al\u00e9m de ter levado ponto no est\u00f4mago, segundo conta sua sua m\u00e3e. &#8220;A bala estragou tudo por dentro dele, n\u00e3o ficou nada. A \u00fanica coisa que ficou foi a press\u00e3ozinha dele, que foi caindo at\u00e9 ele chegar a \u00f3bito. Meu filho lutou, meu filho n\u00e3o queria morrer. Ele era um guerreiro&#8221;.<\/p>\n<section id=\"sumario_3|foto\" class=\"sumario_foto centro\"><a name=\"sumario_3\"><\/a><\/p>\n<div class=\"sumario__interior\">\n<figure class=\"foto foto_w980\"><img data-recalc-dims=\"1\" loading=\"lazy\" decoding=\"async\" src=\"https:\/\/i0.wp.com\/ep01.epimg.net\/brasil\/imagenes\/2018\/06\/22\/politica\/1529618951_552574_1529626954_sumario_normal.jpg?resize=600%2C399&#038;ssl=1\" srcset=\"\/\/ep01.epimg.net\/brasil\/imagenes\/2018\/06\/22\/politica\/1529618951_552574_1529626954_sumario_normal_recorte1.jpg 1960w, \/\/ep01.epimg.net\/brasil\/imagenes\/2018\/06\/22\/politica\/1529618951_552574_1529626954_sumario_normal_recorte2.jpg 720w, \/\/ep01.epimg.net\/brasil\/imagenes\/2018\/06\/22\/politica\/1529618951_552574_1529626954_sumario_normal.jpg 980w\" alt=\"Familiares e amigos acompanham enterro de Marcos Vin\u00edcius.\" width=\"600\" height=\"399\" \/><figcaption class=\"foto-pie\"><span class=\"foto-texto\">Familiares e amigos acompanham enterro de Marcos Vin\u00edcius.<\/span>\u00a0<span class=\"foto-firma\"><span class=\"foto-autor\">MAURO PIMENTEL<\/span>\u00a0<span class=\"foto-agencia\">AFP<\/span><\/span><\/figcaption><\/figure>\n<div class=\"sumario-texto\"><\/div>\n<\/div>\n<\/section>\n<p>Bruna termina de falar e, minutos depois, chega ao Pal\u00e1cio da Cidade, no bairro de Botafogo, um \u00f4nibus lotado de moradores da Mar\u00e9. A maioria composta por adolescentes amigos de Marcos Vin\u00edcius, mas tamb\u00e9m professores, vizinhos, amigos da fam\u00edlia&#8230; Gritos e choros agudos furam o sil\u00eancio pesado. Henrique, o menino que acompanhava Marcos Vin\u00edcius durante o tiroteio, precisou ser amparado por professores. Muito agitado, aos prantos, n\u00e3o se conformava com o fato de que seu amigo havia sido mais uma v\u00edtima do caos na seguran\u00e7a p\u00fablica do Rio de Janeiro. Entre cantos e ora\u00e7\u00f5es, o prefeito Marcelo Crivella se une \u00e0 multid\u00e3o ali presente. Todos eles, incluindo o prefeito, deixam o Pal\u00e1cio por volta de 17h para acompanhar o enterro, no cemit\u00e9rio S\u00e3o Jo\u00e3o Batista, pago pela Prefeitura. No caminho, mais ora\u00e7\u00f5es, mais canto para aliviar a dor.<\/p>\n<p>Acusado de ser um prefeito ausente e com uma reprova\u00e7\u00e3o que ronda os 60%, segundo pesquisas de opini\u00e3o, Crivella fez algo in\u00e9dito\u00a0\u2014 ao menos em anos recentes\u00a0\u2014 ao abrir o pal\u00e1cio do Governo para uma pessoa da favela v\u00edtima de uma opera\u00e7\u00e3o policial. Na sa\u00edda do vel\u00f3rio, o bispo licenciado da Igreja Universal dizia que o momento n\u00e3o era o de buscar culpados, mas sim de se despedir de Marcos Vin\u00edcius e acolher seus familiares e amigos. Contudo, criticou as opera\u00e7\u00f5es policiais que ocorrem em hor\u00e1rio escolar e colocam em risco a seguran\u00e7a de professore e alunos, uma reclama\u00e7\u00e3o constante do secret\u00e1rio municipal de Educa\u00e7\u00e3o, C\u00e9sar Benjamin, tamb\u00e9m presente. Em nota, a Pol\u00edcia Civil informou que vai apurar as circunst\u00e2ncias da morte do garoto e insistiu que o helic\u00f3ptero usado na a\u00e7\u00e3o na Mar\u00e9 n\u00e3o disparou contra alvos no solo.<\/p>\n<section id=\"sumario_4|foto\" class=\"sumario_foto centro\"><a name=\"sumario_4\"><\/a><\/p>\n<div class=\"sumario__interior\">\n<figure class=\"foto foto_w980\"><img data-recalc-dims=\"1\" loading=\"lazy\" decoding=\"async\" src=\"https:\/\/i0.wp.com\/ep01.epimg.net\/brasil\/imagenes\/2018\/06\/22\/politica\/1529618951_552574_1529627029_sumario_normal.jpg?resize=600%2C399&#038;ssl=1\" srcset=\"\/\/ep01.epimg.net\/brasil\/imagenes\/2018\/06\/22\/politica\/1529618951_552574_1529627029_sumario_normal_recorte1.jpg 1960w, \/\/ep01.epimg.net\/brasil\/imagenes\/2018\/06\/22\/politica\/1529618951_552574_1529627029_sumario_normal_recorte2.jpg 720w, \/\/ep01.epimg.net\/brasil\/imagenes\/2018\/06\/22\/politica\/1529618951_552574_1529627029_sumario_normal.jpg 980w\" alt=\"Pai de Marcos Vin\u00edcius chora sobre o caix\u00e3o.\" width=\"600\" height=\"399\" \/><figcaption class=\"foto-pie\"><span class=\"foto-texto\">Pai de Marcos Vin\u00edcius chora sobre o caix\u00e3o.<\/span>\u00a0<span class=\"foto-firma\"><span class=\"foto-autor\">MAURO PIMENTEL<\/span>\u00a0<span class=\"foto-agencia\">AFP<\/span><\/span><\/figcaption><\/figure>\n<div class=\"sumario-texto\"><\/div>\n<\/div>\n<\/section>\n<h3>&#8220;Uma crian\u00e7a que estudava e brincava&#8221;<\/h3>\n<p>Marcos, na descri\u00e7\u00e3o dos que eram pr\u00f3ximos, era um adolescente comum. &#8220;Uma crian\u00e7a que estudava, que brincava, que zoava os outros e perturbava o ju\u00edzo de todo mundo&#8221;, diz, pontuando com risadas, a vizinha\u00a0Mara Vaz, 39 anos. &#8220;Uma vez ele pegou meu neto e tacou leite em p\u00f3 na cabe\u00e7a dele. As crian\u00e7as viviam correndo atr\u00e1s dele. Era uma crian\u00e7a muito brincalhona&#8221;, emenda. &#8220;Ele estava vivendo o momento de adolesc\u00eancia, que \u00e9 o momento de dan\u00e7ar, farrear, curtir com os coleguinhas, ir para a festinha da escola e da comunidade, curtir. Essa era a vida dele. Era apenas uma crian\u00e7a que queria viver. E era amado demais. N\u00e3o \u00e9 \u00e0 toa que est\u00e1 todo mundo aqui hoje&#8221;.<\/p>\n<section id=\"sumario_5|foto\" class=\"sumario_foto centro\"><a name=\"sumario_5\"><\/a><\/p>\n<div class=\"sumario__interior\">\n<figure class=\"foto foto_w980\"><img data-recalc-dims=\"1\" loading=\"lazy\" decoding=\"async\" src=\"https:\/\/i0.wp.com\/ep01.epimg.net\/brasil\/imagenes\/2018\/06\/22\/politica\/1529618951_552574_1529627116_sumario_normal.jpg?resize=600%2C404&#038;ssl=1\" srcset=\"\/\/ep01.epimg.net\/brasil\/imagenes\/2018\/06\/22\/politica\/1529618951_552574_1529627116_sumario_normal_recorte1.jpg 1960w, \/\/ep01.epimg.net\/brasil\/imagenes\/2018\/06\/22\/politica\/1529618951_552574_1529627116_sumario_normal_recorte2.jpg 720w, \/\/ep01.epimg.net\/brasil\/imagenes\/2018\/06\/22\/politica\/1529618951_552574_1529627116_sumario_normal.jpg 980w\" alt=\"Colegas de Marcos Vin\u00edcius se manifestam nesta quinta, na Mar\u00e9.\" width=\"600\" height=\"404\" \/><figcaption class=\"foto-pie\"><span class=\"foto-texto\">Colegas de Marcos Vin\u00edcius se manifestam nesta quinta, na Mar\u00e9.<\/span>\u00a0<span class=\"foto-firma\"><span class=\"foto-autor\">SILVIA IZQUIERDO<\/span>\u00a0<span class=\"foto-agencia\">AP<\/span><\/span><\/figcaption><\/figure>\n<div class=\"sumario-texto\"><\/div>\n<\/div>\n<\/section>\n<p>Os professores Rafael Gurgel e Roberta Santos, que davam aula de Geografia e Matem\u00e1tica para Marcos Vin\u00edcius na escola municipal onde estudava, juntam relatos \u00e0 imagem do garoto de bom humor que sentava sempre &#8220;no fund\u00e3o&#8221; ao lado do amigo Luan. &#8220;Marquinho era um menino bem levado, ano passado repetiu o s\u00e9timo ano. Nesse ano ele voltou pra escola com outro \u00e2nimo. Estava fazendo tudo, todas as atividades&#8221;, conta ele. &#8220;Foi a primeira coisa que falei para a m\u00e3e dele. Toda vez ele era o primeiro a entregar o caderno&#8221;, acrescenta.<\/p>\n<div class=\"teads-inread\">\n<div>\n<div id=\"teads1\" class=\"teads-player\"><iframe width=\"300\" height=\"150\" frameborder=\"0\" scrolling=\"no\" data-mce-fragment=\"1\"><\/iframe><\/div>\n<\/div>\n<\/div>\n<p>Roberta explica que seus alunos chegaram cedo ao col\u00e9gio nesta quinta-feira e logo se reuniram na sala dos professores com cartazes e tinta. Partiu deles a ideia de fazer um ato de rep\u00fadio ao que havia acontecido com o colega no dia anterior. Com o aux\u00edlio dos professores, &#8220;80 ou 100 alunos&#8221; caminharam, todos com uniforme da escola, pela Mar\u00e9 at\u00e9 a Linha Amarela, uma via central de interliga\u00e7\u00e3o da cidade, &#8220;para dar visibilidade&#8221; ao protesto. &#8220;A gente estava na cal\u00e7ada, na passarela, quando a pol\u00edcia chegou com fuzil atravessado para intimidar. Do nada chegaram duas viaturas enormes e muitos policiais come\u00e7aram a nos cercar. Estavam mascarados&#8221;, conta a professora Roberta. Uma de suas alunas ao lado emenda: &#8220;Ficaram xingando a gente, mandando a gente calar &#8216;a porra da boca&#8217;. Nos agrediram verbalmente e depois um deles deu uma paulada em uma das meninas&#8221;. A cena foi registrada em v\u00eddeo, que pode ser visto abaixo. Nele, um policial com um peda\u00e7o de madeira se aproxima e agride as pernas de uma menina de 13 de anos. &#8220;Depois disso, ele pegou o fuzil e apontou, como se fosse atirar. A gente estava tentando dialogar e nem est\u00e1vamos bloqueando a rua. A gente se retirou depois disso&#8221;, explica a professora.<\/p>\n<section id=\"sumario_1|html\" class=\"sumario_html centro\"><a name=\"sumario_1\"><\/a><\/p>\n<div class=\"sumario__interior\">\n<div class=\"sumario-texto\">\n<p><iframe loading=\"lazy\" src=\"https:\/\/www.facebook.com\/plugins\/video.php?href=https%3A%2F%2Fwww.facebook.com%2FMarevive%2Fvideos%2F1819936201375157%2F&amp;show_text=0&amp;width=272\" width=\"272\" height=\"476\" frameborder=\"0\" scrolling=\"no\" allowfullscreen=\"allowfullscreen\" data-mce-fragment=\"1\"><\/iframe><\/p>\n<\/div>\n<\/div>\n<\/section>\n<p>O que fica agora \u00e9 uma &#8220;enorme interroga\u00e7\u00e3o&#8221;, dizem os educadores. O que ir\u00e3o dizer para seus alunos na segunda-feira? Como dar\u00e3o aula? &#8220;O sentimento de hoje foi de vazio, de raiva. Daqui a pouco vem a tristeza&#8221;, diz Roberta. Marcos Vin\u00edcius foi o primeiro aluno seu que ela viu morrer. Mas o professor de teatro Jo\u00e3o Duarte, mais velho e com anos de experi\u00eancia em v\u00e1rios territ\u00f3rios, est\u00e1 acostumado a esse tipo de situa\u00e7\u00e3o: &#8220;Quem d\u00e1 aula em comunidade perde v\u00e1rios alunos. J\u00e1 perdi uns cinco ou seis&#8221;, conta. Rafael lamenta: &#8220;A Mar\u00e9 j\u00e1 provou que nem sendo vereador voc\u00ea consegue ficar vivo&#8221;, diz ele, referindo-se a vereadora executada Marielle Franco. &#8220;Ela morou a vida toda em frente ao Ciep. Era uma refer\u00eancia pra mostrar que era poss\u00edvel fazer muitas coisas. E agora, qual \u00e9 a refer\u00eancia? Se voc\u00ea sai da Mar\u00e9 para lutar e brigar por quem est\u00e1 dentro, voc\u00ea \u00e9 morto da mesma forma&#8221;, emenda.<\/p>\n<p>Os ritos no cemit\u00e9rio S\u00e3o Jo\u00e3o Batista foram acompanhados por todos os que estavam no pal\u00e1cio momentos antes, incluindo os professores, dezenas de adolescentes, familiares e o prefeito Crivella. O caix\u00e3o branco de Marcos Vin\u00edcius foi colocado em uma gaveta do cemit\u00e9rio por volta de 18h30 desta quinta. O pai do menino n\u00e3o conseguia falar. Chorava. Momentos antes, enquanto um pastor falava, permaneceu com a cabe\u00e7a encostada no caix\u00e3o. J\u00e1 a m\u00e3e, firme, agradecia a todos pela presen\u00e7a e consolava o marido. &#8220;Ainda n\u00e3o estou de luto, ele vai chegar quando eu enterrar meu filho. Sua morte n\u00e3o vai ser mais uma, a gente vai lutar por justi\u00e7a. Porque esse Estado tem que melhorar. Ele n\u00e3o pode matar inocente e crian\u00e7a&#8221;.<\/p>\n<\/div>\n","protected":false},"excerpt":{"rendered":"<p>Prefeitura abre sua sede para velar Marcos Vin\u00edcius, 14 anos, morto durante opera\u00e7\u00e3o policial na Mar\u00e9. Professores relembram garoto e estudantes denunciam ass\u00e9dio da pol\u00edcia em protesto<\/p>\n","protected":false},"author":1,"featured_media":0,"comment_status":"closed","ping_status":"open","sticky":false,"template":"","format":"standard","meta":{"_exactmetrics_skip_tracking":false,"_exactmetrics_sitenote_active":false,"_exactmetrics_sitenote_note":"","_exactmetrics_sitenote_category":0,"jetpack_post_was_ever_published":false,"_jetpack_newsletter_access":"","_jetpack_dont_email_post_to_subs":false,"_jetpack_newsletter_tier_id":0,"_jetpack_memberships_contains_paywalled_content":false,"_jetpack_memberships_contains_paid_content":false,"footnotes":"","jetpack_publicize_message":"","jetpack_publicize_feature_enabled":true,"jetpack_social_post_already_shared":true,"jetpack_social_options":{"image_generator_settings":{"template":"highway","enabled":false},"version":2}},"categories":[1],"tags":[],"class_list":["post-18508","post","type-post","status-publish","format-standard","hentry","category-notas"],"jetpack_publicize_connections":[],"jetpack_sharing_enabled":true,"jetpack_featured_media_url":"","jetpack_shortlink":"https:\/\/wp.me\/p7wKYW-4Ow","jetpack-related-posts":[],"_links":{"self":[{"href":"http:\/\/blogdalucianaoliveira.com.br\/blog\/wp-json\/wp\/v2\/posts\/18508","targetHints":{"allow":["GET"]}}],"collection":[{"href":"http:\/\/blogdalucianaoliveira.com.br\/blog\/wp-json\/wp\/v2\/posts"}],"about":[{"href":"http:\/\/blogdalucianaoliveira.com.br\/blog\/wp-json\/wp\/v2\/types\/post"}],"author":[{"embeddable":true,"href":"http:\/\/blogdalucianaoliveira.com.br\/blog\/wp-json\/wp\/v2\/users\/1"}],"replies":[{"embeddable":true,"href":"http:\/\/blogdalucianaoliveira.com.br\/blog\/wp-json\/wp\/v2\/comments?post=18508"}],"version-history":[{"count":1,"href":"http:\/\/blogdalucianaoliveira.com.br\/blog\/wp-json\/wp\/v2\/posts\/18508\/revisions"}],"predecessor-version":[{"id":18510,"href":"http:\/\/blogdalucianaoliveira.com.br\/blog\/wp-json\/wp\/v2\/posts\/18508\/revisions\/18510"}],"wp:attachment":[{"href":"http:\/\/blogdalucianaoliveira.com.br\/blog\/wp-json\/wp\/v2\/media?parent=18508"}],"wp:term":[{"taxonomy":"category","embeddable":true,"href":"http:\/\/blogdalucianaoliveira.com.br\/blog\/wp-json\/wp\/v2\/categories?post=18508"},{"taxonomy":"post_tag","embeddable":true,"href":"http:\/\/blogdalucianaoliveira.com.br\/blog\/wp-json\/wp\/v2\/tags?post=18508"}],"curies":[{"name":"wp","href":"https:\/\/api.w.org\/{rel}","templated":true}]}}