{"id":18511,"date":"2018-06-22T20:37:31","date_gmt":"2018-06-23T00:37:31","guid":{"rendered":"http:\/\/blogdalucianaoliveira.com.br\/blog\/?p=18511"},"modified":"2018-06-22T20:37:31","modified_gmt":"2018-06-23T00:37:31","slug":"advogada-denuncia-carater-policialesco-de-reuniao-do-incra-com-camponeses","status":"publish","type":"post","link":"http:\/\/blogdalucianaoliveira.com.br\/blog\/2018\/06\/22\/advogada-denuncia-carater-policialesco-de-reuniao-do-incra-com-camponeses\/","title":{"rendered":"ADVOGADA DENUNCIA CAR\u00c1TER POLICIALESCO DE REUNI\u00c3O DO INCRA COM CAMPONESES"},"content":{"rendered":"<p class=\"yiv6593339331ydp394df029MsoNormal\"><img data-recalc-dims=\"1\" loading=\"lazy\" decoding=\"async\" data-attachment-id=\"18512\" data-permalink=\"http:\/\/blogdalucianaoliveira.com.br\/blog\/2018\/06\/22\/advogada-denuncia-carater-policialesco-de-reuniao-do-incra-com-camponeses\/into-2\/\" data-orig-file=\"https:\/\/i0.wp.com\/blogdalucianaoliveira.com.br\/blog\/wp-content\/uploads\/2018\/06\/into.jpg?fit=1080%2C556\" data-orig-size=\"1080,556\" data-comments-opened=\"0\" data-image-meta=\"{&quot;aperture&quot;:&quot;0&quot;,&quot;credit&quot;:&quot;&quot;,&quot;camera&quot;:&quot;&quot;,&quot;caption&quot;:&quot;&quot;,&quot;created_timestamp&quot;:&quot;0&quot;,&quot;copyright&quot;:&quot;&quot;,&quot;focal_length&quot;:&quot;0&quot;,&quot;iso&quot;:&quot;0&quot;,&quot;shutter_speed&quot;:&quot;0&quot;,&quot;title&quot;:&quot;&quot;,&quot;orientation&quot;:&quot;0&quot;}\" data-image-title=\"into\" data-image-description=\"\" data-image-caption=\"\" data-medium-file=\"https:\/\/i0.wp.com\/blogdalucianaoliveira.com.br\/blog\/wp-content\/uploads\/2018\/06\/into.jpg?fit=300%2C154\" data-large-file=\"https:\/\/i0.wp.com\/blogdalucianaoliveira.com.br\/blog\/wp-content\/uploads\/2018\/06\/into.jpg?fit=600%2C309\" class=\"alignnone size-full wp-image-18512\" src=\"https:\/\/i0.wp.com\/blogdalucianaoliveira.com.br\/blog\/wp-content\/uploads\/2018\/06\/into.jpg?resize=600%2C309\" alt=\"into\" width=\"600\" height=\"309\" srcset=\"https:\/\/i0.wp.com\/blogdalucianaoliveira.com.br\/blog\/wp-content\/uploads\/2018\/06\/into.jpg?w=1080 1080w, https:\/\/i0.wp.com\/blogdalucianaoliveira.com.br\/blog\/wp-content\/uploads\/2018\/06\/into.jpg?resize=300%2C154 300w, https:\/\/i0.wp.com\/blogdalucianaoliveira.com.br\/blog\/wp-content\/uploads\/2018\/06\/into.jpg?resize=768%2C395 768w, https:\/\/i0.wp.com\/blogdalucianaoliveira.com.br\/blog\/wp-content\/uploads\/2018\/06\/into.jpg?resize=1024%2C527 1024w, https:\/\/i0.wp.com\/blogdalucianaoliveira.com.br\/blog\/wp-content\/uploads\/2018\/06\/into.jpg?resize=583%2C300 583w\" sizes=\"auto, (max-width: 600px) 100vw, 600px\" \/><\/p>\n<p class=\"yiv6593339331ydp394df029MsoNormal\">Teria ocorrido na mais absoluta tranquilidade a reuni\u00e3o entre representantes da Ouvidoria Agr\u00e1ria Nacional, Incra e programa Terra Legal com as lideran\u00e7as do movimento Liga dos Camponeses Pobres (LCP), no \u00faltimo dia 20, em Porto Velho. \u00c9 o que foi divulgado na imprensa com mat\u00e9ria distribu\u00edda pela assessoria de comunica\u00e7\u00e3o do Incra-RO.<\/p>\n<p class=\"yiv6593339331ydp394df029MsoNormal\">S\u00f3, que n\u00e3o.<!--more--><\/p>\n<p class=\"yiv6593339331ydp394df029MsoNormal\">Quem revela o clima de tens\u00e3o, com abusos e intimida\u00e7\u00f5es contra camponeses no dia da reuni\u00e3o \u00e9 a advogada popular Lenir Correia Coelho.<\/p>\n<p class=\"yiv6593339331ydp394df029MsoNormal\"><img data-recalc-dims=\"1\" loading=\"lazy\" decoding=\"async\" data-attachment-id=\"18513\" data-permalink=\"http:\/\/blogdalucianaoliveira.com.br\/blog\/2018\/06\/22\/advogada-denuncia-carater-policialesco-de-reuniao-do-incra-com-camponeses\/incra-2\/\" data-orig-file=\"https:\/\/i0.wp.com\/blogdalucianaoliveira.com.br\/blog\/wp-content\/uploads\/2018\/06\/incra.jpg?fit=845%2C500\" data-orig-size=\"845,500\" data-comments-opened=\"0\" data-image-meta=\"{&quot;aperture&quot;:&quot;0&quot;,&quot;credit&quot;:&quot;&quot;,&quot;camera&quot;:&quot;&quot;,&quot;caption&quot;:&quot;&quot;,&quot;created_timestamp&quot;:&quot;0&quot;,&quot;copyright&quot;:&quot;&quot;,&quot;focal_length&quot;:&quot;0&quot;,&quot;iso&quot;:&quot;0&quot;,&quot;shutter_speed&quot;:&quot;0&quot;,&quot;title&quot;:&quot;&quot;,&quot;orientation&quot;:&quot;1&quot;}\" data-image-title=\"incra\" data-image-description=\"\" data-image-caption=\"\" data-medium-file=\"https:\/\/i0.wp.com\/blogdalucianaoliveira.com.br\/blog\/wp-content\/uploads\/2018\/06\/incra.jpg?fit=300%2C178\" data-large-file=\"https:\/\/i0.wp.com\/blogdalucianaoliveira.com.br\/blog\/wp-content\/uploads\/2018\/06\/incra.jpg?fit=600%2C355\" class=\"alignnone size-full wp-image-18513\" src=\"https:\/\/i0.wp.com\/blogdalucianaoliveira.com.br\/blog\/wp-content\/uploads\/2018\/06\/incra.jpg?resize=600%2C355\" alt=\"incra\" width=\"600\" height=\"355\" srcset=\"https:\/\/i0.wp.com\/blogdalucianaoliveira.com.br\/blog\/wp-content\/uploads\/2018\/06\/incra.jpg?w=845 845w, https:\/\/i0.wp.com\/blogdalucianaoliveira.com.br\/blog\/wp-content\/uploads\/2018\/06\/incra.jpg?resize=300%2C178 300w, https:\/\/i0.wp.com\/blogdalucianaoliveira.com.br\/blog\/wp-content\/uploads\/2018\/06\/incra.jpg?resize=768%2C454 768w, https:\/\/i0.wp.com\/blogdalucianaoliveira.com.br\/blog\/wp-content\/uploads\/2018\/06\/incra.jpg?resize=507%2C300 507w\" sizes=\"auto, (max-width: 600px) 100vw, 600px\" \/><\/p>\n<p class=\"yiv6593339331ydp394df029MsoNormal\">Segundo o relat\u00f3rio da advogada, era a pauta\u00a0\u00a0\u201creivindicat\u00f3ria de 18 \u00e1reas de acampamentos, inclusive, diversas delas com reintegra\u00e7\u00f5es em aberto motivadas pela in\u00e9rcia do INCRA em n\u00e3o terminar os processos administrativos de aquisi\u00e7\u00e3o\/indeniza\u00e7\u00e3o\/desapropria\u00e7\u00e3o.\u201d<\/p>\n<p class=\"yiv6593339331ydp394df029MsoNormal\">Leia abaixo, na \u00edntegra, o testemunho da advogada que considerou a reuni\u00e3o improdutiva em \u201cfun\u00e7\u00e3o da press\u00e3o psicol\u00f3gica promovida pelo INCRA e mais ainda, pela presen\u00e7a ostensiva da pol\u00edcia na sala de reuni\u00e3o: filmando, fotografando, identificando as pessoas e apontando ostensivamente o armamento de fogo.\u201d<\/p>\n<p class=\"yiv6593339331ydp394df029MsoNormal\">RELAT\u00d3RIO DEN\u00daNCIA<\/p>\n<p class=\"yiv6593339331ydp394df029MsoNormal\">&#8220;No dia 20 de junho de 2018, a partir das 6 horas da manh\u00e3, foi instalado um Estado de Exce\u00e7\u00e3o no Estado de Rond\u00f4nia com o apoio irrestrito do INCRA e Ouvidoria Agr\u00e1ria Nacional, com o escopo de criminalizar a luta pela terra e os camponeses. Com reuni\u00e3o agendada com o INCRA de Rond\u00f4nia via Ouvidoria Agr\u00e1ria Nacional (of\u00edcio enviado e confirmado por email e por telefone), para os dias 20 e 21 de junho de 2018, no INCRA de Porto Velho\/RO, com uma pauta reivindicat\u00f3ria de 18 \u00e1reas de acampamentos, inclusive, diversas delas com reintegra\u00e7\u00f5es em aberto motivadas pela in\u00e9rcia do INCRA em n\u00e3o terminar os processos administrativos de aquisi\u00e7\u00e3o\/indeniza\u00e7\u00e3o\/desapropria\u00e7\u00e3o. Comiss\u00f5es de camponeses, representando cada acampamento da pauta, compareceram no INCRA para dialogarem sobre a pauta e buscar solu\u00e7\u00f5es para as demandas, no que foram criminalmente recebido:<\/p>\n<p class=\"yiv6593339331ydp394df029MsoNormal\">1) Barreiras policiais nas ruas pr\u00f3ximas do INCRA impedindo os \u00f4nibus de chegarem, o que fizeram com que muitos camponeses tivessem que andar at\u00e9 a entrada do INCRA;<\/p>\n<p class=\"yiv6593339331ydp394df029MsoNormal\">2) INCRA com port\u00e3o cadeado, o que fez com que os camponeses ficassem expostos ao sol sem acesso \u00e0 \u00e1gua e banheiro, tendo entre eles, crian\u00e7as e mulheres gr\u00e1vidas;<\/p>\n<p class=\"yiv6593339331ydp394df029MsoNormal\">3) Visivelmente, dentro do INCRA estava um aparato de policiais militares e federais fortemente armados;<\/p>\n<p class=\"yiv6593339331ydp394df029MsoNormal\">4) Somente as 9 horas, que o Ouvidor Agr\u00e1rio Nacional Substituto Dr. L\u00edbio e Ouvidor Agr\u00e1rio Regional Sr. Erasmo compareceram no port\u00e3o e foram categ\u00f3ricos em afirmar que s\u00f3 entraria 30 pessoas para a reuni\u00e3o e nisso estava irredut\u00edvel;<\/p>\n<p class=\"yiv6593339331ydp394df029MsoNormal\">5) Em todo o momento os policiais ficavam apontando as armas para os camponeses que estavam no sol e do lado de fora do INCRA \u2013 na rua;<\/p>\n<p class=\"yiv6593339331ydp394df029MsoNormal\">6) Os camponeses fizeram uma assembl\u00e9ia e decidiram participar da reuni\u00e3o, no que concordaram em entrar \u2013 duas pessoas por \u00e1rea;<\/p>\n<p class=\"yiv6593339331ydp394df029MsoNormal\">7) Somente as 10:30 horas come\u00e7ou a entrada dos camponeses (os 30 exigidos pelo INCRA) e tiveram que passar por uma situa\u00e7\u00e3o vexat\u00f3ria e humilhante, tendo alguns desistidos de entrar; pois, foi montada uma mesa do lado de fora do INCRA para assinar lista de presen\u00e7a, com forte aparato policial protegendo essa mesa, os camponeses assinavam lista de presen\u00e7a, a policia conferia seus documentos, anotando todos os dados, depois, esses camponeses eram colocados num verdadeiro \u201ccorredor polon\u00eas\u201d \u2013 mais ou menos cinco policiais de cada lado;<\/p>\n<p class=\"yiv6593339331ydp394df029MsoNormal\">8) Cada campon\u00eas e camponesa era fotografado, fizeram revista pessoal em cada um, do lado de fora, com a policia filmando, bem no estilo: \u201cperna aberta, m\u00e3o na cabe\u00e7a\u201d, as mulheres eram apalpadas na frente de todos &#8211;\u00a0\u2013 inclusive, mesmo me apresentando como advogada e apresentando a carteira da OAB passei por essa revista pessoal e fui fotografada, quando questionei o motivo do procedimento, eles responderam que era mera procedimento e n\u00e3o justificaram o motivo das fotos, v\u00eddeos e revistas, sequer apresentaram o respons\u00e1vel pelo comando da opera\u00e7\u00e3o. Nem em atendimento em pres\u00eddio tinha passado por tal situa\u00e7\u00e3o, nem na barreira do Acampamento Enilson Ribeiro fui exposta a revista pessoal; depois disso, fizeram revista das bolsas;<\/p>\n<p class=\"yiv6593339331ydp394df029MsoNormal\">9) Para entrar na reuni\u00e3o tinha que passar por uma escolta policial, ap\u00f3s passar pelo corredor de policiais. Essa escolta era at\u00e9 a sala de reuni\u00e3o, com os servidores terceirizados do INCRA acompanhando, fotografando e filmando as pessoas \u2013 parec\u00edamos que est\u00e1vamos indo para a forca;<\/p>\n<p class=\"yiv6593339331ydp394df029MsoNormal\">10) A reuni\u00e3o foi toda filmada e aconteceu com a presen\u00e7a maci\u00e7a de policiais fortemente armados durante toda a reuni\u00e3o, inclusive, quando foi\u00a0foi denunciado o Sgto. Eduardo e sua esposa Dra. R\u00fabia por estarem fazendo georeferenciamento da Fazenda Bom Futuro a pol\u00edcia militar se somou a pol\u00edcia federal e ficou monitorando e fotografando as pessoas que estavam fazendo as denuncias. A Comiss\u00e3o Pastoral da Terra \u2013 CPT, na pessoa da Agente Petronila, que acompanhou os algozes da entrada, fez contato com v\u00e1rias entidades de Defesa de Direito Humanos, inclusive muita indignada com a situa\u00e7\u00e3o, se comprometendo a fazer den\u00fancia dos atos atentat\u00f3rios a dignidade humana; Compareceu no local a Dra. Leiliane, da Comiss\u00e3o de Direitos Humanos da OAB\/RO que acompanhou o caso e ficou de relatar os fatos e pedir esclarecimentos sobre a viol\u00eancia praticada. Ela participou da reuni\u00e3o e pode ver a situa\u00e7\u00e3o em que os camponeses e camponesas foram expostos, pode constatar o excesso policial no local e o trato dado aos pessoas que estavam na reuni\u00e3o.<\/p>\n<p class=\"yiv6593339331ydp394df029MsoNormal\">Os demais camponeses e camponesas que eram convidados da reuni\u00e3o e n\u00e3o puderam entrar, ficaram no parque da cidade, esperando o resultado da reuni\u00e3o. A reuni\u00e3o encerrou as 19:30 horas e n\u00e3o foi produtiva, pois, n\u00e3o havia\u00a0como avan\u00e7ar na pauta em fun\u00e7\u00e3o da press\u00e3o psicol\u00f3gica promovida pelo INCRA e mais ainda, pela presen\u00e7a ostensiva da policia na sala de reuni\u00e3o: filmando, fotografando, identificando as pessoas e apontando ostensivamente o armamento de fogo. O INCRA entregou uma pasta de documentos com os encaminhamentos de cada \u00e1rea e novamente fazendo novamente promessas, sequer pedindo desculpas pela forma agressiva que tratou os camponeses e camponesas, clientes da Reforma Agr\u00e1ria. Esse \u00e9 o tratamento do INCRA para camponeses e camponesas, numa clara demonstra\u00e7\u00e3o de que as famigeradas leis da grilagem oriundas da MP759 v\u00e3o ser cumpridas, com fogo e viol\u00eancia do Estado.<\/p>\n<p class=\"yiv6593339331ydp394df029MsoNormal\">Porto Velho\/RO, 22 de junho de 2018.<\/p>\n<p class=\"yiv6593339331ydp394df029MsoNormal\">Lenir Correia Coelho<\/p>\n<p class=\"yiv6593339331ydp394df029MsoNormal\">Advogada Popular<\/p>\n<p class=\"yiv6593339331ydp394df029MsoNormal\">\n","protected":false},"excerpt":{"rendered":"<p>Teria ocorrido na mais absoluta tranquilidade a reuni\u00e3o entre representantes da Ouvidoria Agr\u00e1ria Nacional, Incra e programa Terra Legal com as lideran\u00e7as do movimento Liga dos Camponeses Pobres (LCP), no \u00faltimo dia 20, em Porto Velho. \u00c9 o que foi divulgado na imprensa com mat\u00e9ria distribu\u00edda pela assessoria de comunica\u00e7\u00e3o do Incra-RO. S\u00f3, que n\u00e3o.<\/p>\n","protected":false},"author":1,"featured_media":0,"comment_status":"closed","ping_status":"open","sticky":false,"template":"","format":"standard","meta":{"_exactmetrics_skip_tracking":false,"_exactmetrics_sitenote_active":false,"_exactmetrics_sitenote_note":"","_exactmetrics_sitenote_category":0,"jetpack_post_was_ever_published":false,"_jetpack_newsletter_access":"","_jetpack_dont_email_post_to_subs":false,"_jetpack_newsletter_tier_id":0,"_jetpack_memberships_contains_paywalled_content":false,"_jetpack_memberships_contains_paid_content":false,"footnotes":"","jetpack_publicize_message":"","jetpack_publicize_feature_enabled":true,"jetpack_social_post_already_shared":true,"jetpack_social_options":{"image_generator_settings":{"template":"highway","enabled":false},"version":2}},"categories":[1],"tags":[],"class_list":["post-18511","post","type-post","status-publish","format-standard","hentry","category-notas"],"jetpack_publicize_connections":[],"jetpack_sharing_enabled":true,"jetpack_featured_media_url":"","jetpack_shortlink":"https:\/\/wp.me\/p7wKYW-4Oz","jetpack-related-posts":[],"_links":{"self":[{"href":"http:\/\/blogdalucianaoliveira.com.br\/blog\/wp-json\/wp\/v2\/posts\/18511","targetHints":{"allow":["GET"]}}],"collection":[{"href":"http:\/\/blogdalucianaoliveira.com.br\/blog\/wp-json\/wp\/v2\/posts"}],"about":[{"href":"http:\/\/blogdalucianaoliveira.com.br\/blog\/wp-json\/wp\/v2\/types\/post"}],"author":[{"embeddable":true,"href":"http:\/\/blogdalucianaoliveira.com.br\/blog\/wp-json\/wp\/v2\/users\/1"}],"replies":[{"embeddable":true,"href":"http:\/\/blogdalucianaoliveira.com.br\/blog\/wp-json\/wp\/v2\/comments?post=18511"}],"version-history":[{"count":1,"href":"http:\/\/blogdalucianaoliveira.com.br\/blog\/wp-json\/wp\/v2\/posts\/18511\/revisions"}],"predecessor-version":[{"id":18514,"href":"http:\/\/blogdalucianaoliveira.com.br\/blog\/wp-json\/wp\/v2\/posts\/18511\/revisions\/18514"}],"wp:attachment":[{"href":"http:\/\/blogdalucianaoliveira.com.br\/blog\/wp-json\/wp\/v2\/media?parent=18511"}],"wp:term":[{"taxonomy":"category","embeddable":true,"href":"http:\/\/blogdalucianaoliveira.com.br\/blog\/wp-json\/wp\/v2\/categories?post=18511"},{"taxonomy":"post_tag","embeddable":true,"href":"http:\/\/blogdalucianaoliveira.com.br\/blog\/wp-json\/wp\/v2\/tags?post=18511"}],"curies":[{"name":"wp","href":"https:\/\/api.w.org\/{rel}","templated":true}]}}