{"id":18515,"date":"2018-06-24T10:48:34","date_gmt":"2018-06-24T14:48:34","guid":{"rendered":"http:\/\/blogdalucianaoliveira.com.br\/blog\/?p=18515"},"modified":"2018-06-24T10:50:26","modified_gmt":"2018-06-24T14:50:26","slug":"eu-sou-sao-joao-fe-tradicao-xaxado-arrasta-pe-xote-coco-de-roda-baiao-e-forro","status":"publish","type":"post","link":"http:\/\/blogdalucianaoliveira.com.br\/blog\/2018\/06\/24\/eu-sou-sao-joao-fe-tradicao-xaxado-arrasta-pe-xote-coco-de-roda-baiao-e-forro\/","title":{"rendered":"Eu sou S\u00e3o Jo\u00e3o, f\u00e9, tradi\u00e7\u00e3o; xaxado, arrasta p\u00e9, xote, coco de roda, bai\u00e3o e forr\u00f3"},"content":{"rendered":"<p><img data-recalc-dims=\"1\" loading=\"lazy\" decoding=\"async\" data-attachment-id=\"18516\" data-permalink=\"http:\/\/blogdalucianaoliveira.com.br\/blog\/2018\/06\/24\/eu-sou-sao-joao-fe-tradicao-xaxado-arrasta-pe-xote-coco-de-roda-baiao-e-forro\/0e2180ff-e067-42d1-80e8-1a81eeae2313\/\" data-orig-file=\"https:\/\/i0.wp.com\/blogdalucianaoliveira.com.br\/blog\/wp-content\/uploads\/2018\/06\/0E2180FF-E067-42D1-80E8-1A81EEAE2313.png?fit=589%2C298\" data-orig-size=\"589,298\" data-comments-opened=\"0\" data-image-meta=\"{&quot;aperture&quot;:&quot;0&quot;,&quot;credit&quot;:&quot;&quot;,&quot;camera&quot;:&quot;&quot;,&quot;caption&quot;:&quot;&quot;,&quot;created_timestamp&quot;:&quot;0&quot;,&quot;copyright&quot;:&quot;&quot;,&quot;focal_length&quot;:&quot;0&quot;,&quot;iso&quot;:&quot;0&quot;,&quot;shutter_speed&quot;:&quot;0&quot;,&quot;title&quot;:&quot;&quot;,&quot;orientation&quot;:&quot;0&quot;}\" data-image-title=\"0E2180FF-E067-42D1-80E8-1A81EEAE2313\" data-image-description=\"\" data-image-caption=\"\" data-medium-file=\"https:\/\/i0.wp.com\/blogdalucianaoliveira.com.br\/blog\/wp-content\/uploads\/2018\/06\/0E2180FF-E067-42D1-80E8-1A81EEAE2313.png?fit=300%2C152\" data-large-file=\"https:\/\/i0.wp.com\/blogdalucianaoliveira.com.br\/blog\/wp-content\/uploads\/2018\/06\/0E2180FF-E067-42D1-80E8-1A81EEAE2313.png?fit=589%2C298\" class=\"alignnone size-full wp-image-18516\" src=\"https:\/\/i0.wp.com\/blogdalucianaoliveira.com.br\/blog\/wp-content\/uploads\/2018\/06\/0E2180FF-E067-42D1-80E8-1A81EEAE2313.png?resize=589%2C298\" alt=\"0E2180FF-E067-42D1-80E8-1A81EEAE2313\" width=\"589\" height=\"298\" srcset=\"https:\/\/i0.wp.com\/blogdalucianaoliveira.com.br\/blog\/wp-content\/uploads\/2018\/06\/0E2180FF-E067-42D1-80E8-1A81EEAE2313.png?w=589 589w, https:\/\/i0.wp.com\/blogdalucianaoliveira.com.br\/blog\/wp-content\/uploads\/2018\/06\/0E2180FF-E067-42D1-80E8-1A81EEAE2313.png?resize=300%2C152 300w\" sizes=\"auto, (max-width: 589px) 100vw, 589px\" \/><\/p>\n<p>Quem sabe um pouquinho da tradi\u00e7\u00e3o nordestina, ontem acendeu fogueira ou lembrou-se disso.<!--more--><\/p>\n<p>180 Graus, por Oscar de Barros <\/p>\n<p>O velho Nordeste seguiu parte de suas origens (a europeia).  Uma antiga tradi\u00e7\u00e3o pag\u00e3 daquele povo celebrava com o fogo o solst\u00edcio de ver\u00e3o. Pouco a pouco, na Idade M\u00e9dia, a fogueira tornou-se um atributo da festa de S\u00e3o Jo\u00e3o Batista.<\/p>\n<p>No catolicismo conta-se que este costume de acender fogueiras tem suas ra\u00edzes em acordo feito pelas primas Maria e Isabel. Para avisar Maria sobre o nascimento de S\u00e3o Jo\u00e3o Batista e assim ter seu aux\u00edlio ap\u00f3s o parto, Isabel teria de acender fogueira sobre um monte.<br \/>\nQuem sabe um pouquinho da tradi\u00e7\u00e3o nordestina, sabe que hoje \u00e9 dia de S\u00e3o Jo\u00e3o Batista.<\/p>\n<p>S\u00e3o Jo\u00e3o Batista nasceu em Aim Karim, cidade de Israel que fica a 6 quil\u00f4metros do centro de Jerusal\u00e9m. Seu pai era um sacerdote chamado Zacarias. Sua m\u00e3e foi Santa Isabel, que era prima de Maria M\u00e3e de Jesus. S\u00e3o Jo\u00e3o Batista foi consagrado a Deus desde o ventre materno. Em sua miss\u00e3o de adulto, ele pregou a convers\u00e3o e o arrependimento dos pecados manifestos atrav\u00e9s do batismo.<\/p>\n<p>A m\u00e3e de Jo\u00e3o Batista, Isabel, era idosa e nunca tinha engravidado. Todos a tinham como est\u00e9ril. Mas, ent\u00e3o, o anjo Gabriel apareceu a Zacarias e anunciou que Isabel teria um filho e que este deveria se chamar Jo\u00e3o.<br \/>\nNesse mesmo tempo, o anjo apareceu tamb\u00e9m a Maria e anunciou que ela seria a m\u00e3e do Salvador. Ent\u00e3o, Maria foi visitar Isabel, pois o anjo lhe havia dito que Isabel estava gr\u00e1vida. Quando Maria chegou e saudou Isabel, Jo\u00e3o mexeu no ventre da m\u00e3e e Isabel fez aquela maravilhosa sauda\u00e7\u00e3o a Maria sant\u00edssima: Bendita \u00e9s tu entre as mulheres e bendito \u00e9 o fruto do teu ventre! De onde me vem que a m\u00e3e do meu Senhor me visite? (Lc 1-41-43).<\/p>\n<p>Quando S\u00e3o Jo\u00e3o Batista ficou adulto, percebeu que chegara sua hora. Ent\u00e3o, foi morar no deserto para rezar, fazer sacrif\u00edcios e pregar para que as pessoas se arrependessem. Vivendo uma vida extremamente dif\u00edcil e com muita ora\u00e7\u00e3o, passou a ser conhecido como profeta, homem enviado por Deus. Ele sempre anunciava a vinda do Messias. Batizava a todos que se arrependiam e multid\u00f5es sempre iam ver suas prega\u00e7\u00f5es no rio Jord\u00e3o.<\/p>\n<p>S\u00e3o Jo\u00e3o Batista \u00e9 o primeiro m\u00e1rtir da Igreja, e o \u00faltimo dos profetas. Sua festa \u00e9 celebrada desde o come\u00e7o da igreja, no dia 24 de junho. Ele \u00e9 venerado como profeta, santo, m\u00e1rtir, precursor do Messias e arauto da verdade, custe o que custar.<br \/>\nQuem sabe um pouquinho da tradi\u00e7\u00e3o nordestina, sabe que muitos povos e cultura \u201cfizeram o Nordeste brasileiro\u201d. Aqui h\u00e1 a influ\u00eancia de elementos culturais portugueses, espanh\u00f3is (da pen\u00ednsula Ib\u00e9rica teria vindo a dan\u00e7a de fitas), chineses (onde teria surgido a manipula\u00e7\u00e3o da p\u00f3lvora), franceses (dan\u00e7a marcada, caracter\u00edstica t\u00edpica das dan\u00e7as nobres), e africanos (congadas, capoeira, maracatu).<\/p>\n<p>O Nordeste e sua cultura passaram por transforma\u00e7\u00f5es imensas em meados do s\u00e9culo XX. Nesta ocasi\u00e3o um nordestino, pegou todas as tradi\u00e7\u00f5es religiosas, musicais e de dan\u00e7as e as transformou em cultura de massa. Seu nome: Luiz Gonzaga!<br \/>\nO cantor da pequena cidade de Exu no semiarido brasileiro sintetizou no ritmo bai\u00e3o as express\u00f5es do povo nordestino. Este povo se reconhece nas m\u00fasicas de Luiz Gonzaga. Como ele nasceu em 13 de dezembro o santo do dia, Santa Luzia fez o milagre de reproduzir \u201cLuizes Gonzagas\u201d. H\u00e1 uma sele\u00e7\u00e3o brasileira (ou seria nordestina?) de sanfoneiros, compositores e cantores netos de Janu\u00e1rio.<\/p>\n<p>Do surgimento de Luiz Gonzaga at\u00e9 aqui as festas juninas n\u00e3o haviam sido profanadas. Os s\u00faditos de Luiz Gonzaga haviam mantido a tradi\u00e7\u00e3o do forr\u00f3 de p\u00e9. Mas h\u00e1 algo de diferente acontecendo. As festas juninas de uns anos para c\u00e1 foram tomadas de conta pelo \u201csertanejo\u201d. Aqueles que davam sustenta\u00e7\u00e3o \u00e0s tradicionais festas massificadas por Gonzag\u00e3o est\u00e3o no banco de reservas do jogo da musica brasileira.<br \/>\nQue me desculpem Michel Tel\u00f3, Maiara e Maraisa, Marilia Mendon\u00e7a, Gustavo Lima e outros.<\/p>\n<p>Gonzaguinha disse: \u201ceu fico com a pureza das crian\u00e7as&#8230;\u201d<\/p>\n<p>E eu digo: eu fico com a poesia, o forr\u00f3, a alegria e autenticidade de Luiz Gonzaga, Sivuca, Jackson do Pandeiro, Dominguinhos, Trio Nordestino, Os 3 do Forr\u00f3, Flavio Jos\u00e9, Nando Cordel, Santana, Ton Oliveira, Elba Ramalho, Alcymar Montyeiro, Falamansa,  Jorge de Altino, Petrucio Amorim, Aciolly Neto, Antonio Barros, Ceceu, Assis\u00e3o, Marines, Genival Lacerda, Osvaldinho, Eliane, Cremilda, Anast\u00e1cia, Alcimar Monteiro, Pinto do Acordeon, Maciel Melo, Biliu de Campina, Lucy Alves, Fl\u00e1vio Leandro, Arlindo dos 8 Baixos, Fub\u00e1 de Itapero\u00e1&#8230;.e tantos outros.<br \/>\nQuem n\u00e3o sabe um pouquinho da tradi\u00e7\u00e3o nordestina, n\u00e3o sabe que nasci na Malhada, povoado rural da rural Bocaina, do rural Piau\u00ed.<\/p>\n<p>Quem n\u00e3o sabe um pouquinho da tradi\u00e7\u00e3o nordestina, n\u00e3o sabe que meu pai se chamava Jo\u00e3o e ascendia fogueiras.<\/p>\n<p>ORA\u00c7\u00c3O DE S\u00c3O JO\u00c3O BATISTA<\/p>\n<p> \u201c\u00d3, glorioso S\u00e3o Jo\u00e3o Batista, pr\u00edncipe dos profetas, precursor do divino redentor, primog\u00eanito da gra\u00e7a de Jesus e da intercess\u00e3o de sua sant\u00edssima m\u00e3e, que fostes grande diante do Senhor, pelos estupendos dons da gra\u00e7a de que fostes maravilhosamente enriquecido desde o ceio materno, e por vossas admir\u00e1veis virtudes, alcan\u00e7ai-me de Jesus, ardentemente vos suplico, que me d\u00ea a gra\u00e7a de o amar e servir com extremado afeto e dedica\u00e7\u00e3o at\u00e9 a morte. Alcan\u00e7ai-me tamb\u00e9m, meu excelso protetor, singular devo\u00e7\u00e3o a Virgem Maria Sant\u00edssima, que por amor de v\u00f3s foi com pressa \u00e0 casa de vossa m\u00e3e Isabel, para serdes livre do pecado original e cheio dos dons do Esp\u00edrito Santo. Se me conseguirdes estas duas gra\u00e7as, como muito espero de vossa grande bondade e poderoso valimento, estou certa de que, amando at\u00e9 a morte a Jesus e a Maria, salvarei minha alma e no c\u00e9u convosco e com todos os anjos e santos amarei e louvarei a Jesus e a Maria entre gozos e del\u00edcias eternas. Am\u00e9m.\u201d<\/p>\n","protected":false},"excerpt":{"rendered":"<p>Quem sabe um pouquinho da tradi\u00e7\u00e3o nordestina, ontem acendeu fogueira ou lembrou-se disso.<\/p>\n","protected":false},"author":1,"featured_media":0,"comment_status":"closed","ping_status":"open","sticky":false,"template":"","format":"standard","meta":{"_exactmetrics_skip_tracking":false,"_exactmetrics_sitenote_active":false,"_exactmetrics_sitenote_note":"","_exactmetrics_sitenote_category":0,"jetpack_post_was_ever_published":false,"_jetpack_newsletter_access":"","_jetpack_dont_email_post_to_subs":false,"_jetpack_newsletter_tier_id":0,"_jetpack_memberships_contains_paywalled_content":false,"_jetpack_memberships_contains_paid_content":false,"footnotes":"","jetpack_publicize_message":"","jetpack_publicize_feature_enabled":true,"jetpack_social_post_already_shared":true,"jetpack_social_options":{"image_generator_settings":{"template":"highway","enabled":false},"version":2}},"categories":[1],"tags":[],"class_list":["post-18515","post","type-post","status-publish","format-standard","hentry","category-notas"],"jetpack_publicize_connections":[],"jetpack_sharing_enabled":true,"jetpack_featured_media_url":"","jetpack_shortlink":"https:\/\/wp.me\/p7wKYW-4OD","jetpack-related-posts":[],"_links":{"self":[{"href":"http:\/\/blogdalucianaoliveira.com.br\/blog\/wp-json\/wp\/v2\/posts\/18515","targetHints":{"allow":["GET"]}}],"collection":[{"href":"http:\/\/blogdalucianaoliveira.com.br\/blog\/wp-json\/wp\/v2\/posts"}],"about":[{"href":"http:\/\/blogdalucianaoliveira.com.br\/blog\/wp-json\/wp\/v2\/types\/post"}],"author":[{"embeddable":true,"href":"http:\/\/blogdalucianaoliveira.com.br\/blog\/wp-json\/wp\/v2\/users\/1"}],"replies":[{"embeddable":true,"href":"http:\/\/blogdalucianaoliveira.com.br\/blog\/wp-json\/wp\/v2\/comments?post=18515"}],"version-history":[{"count":2,"href":"http:\/\/blogdalucianaoliveira.com.br\/blog\/wp-json\/wp\/v2\/posts\/18515\/revisions"}],"predecessor-version":[{"id":18518,"href":"http:\/\/blogdalucianaoliveira.com.br\/blog\/wp-json\/wp\/v2\/posts\/18515\/revisions\/18518"}],"wp:attachment":[{"href":"http:\/\/blogdalucianaoliveira.com.br\/blog\/wp-json\/wp\/v2\/media?parent=18515"}],"wp:term":[{"taxonomy":"category","embeddable":true,"href":"http:\/\/blogdalucianaoliveira.com.br\/blog\/wp-json\/wp\/v2\/categories?post=18515"},{"taxonomy":"post_tag","embeddable":true,"href":"http:\/\/blogdalucianaoliveira.com.br\/blog\/wp-json\/wp\/v2\/tags?post=18515"}],"curies":[{"name":"wp","href":"https:\/\/api.w.org\/{rel}","templated":true}]}}