{"id":1852,"date":"2016-06-22T14:40:09","date_gmt":"2016-06-22T18:40:09","guid":{"rendered":"http:\/\/blogdalucianaoliveira.com.br\/blog\/?p=1852"},"modified":"2016-06-22T14:43:25","modified_gmt":"2016-06-22T18:43:25","slug":"grandes-momentos-do-marketing-politico-em-rondonia","status":"publish","type":"post","link":"http:\/\/blogdalucianaoliveira.com.br\/blog\/2016\/06\/22\/grandes-momentos-do-marketing-politico-em-rondonia\/","title":{"rendered":"Da s\u00e9rie: Grandes momentos do marketing pol\u00edtico em Rond\u00f4nia"},"content":{"rendered":"<p><img data-recalc-dims=\"1\" loading=\"lazy\" decoding=\"async\" data-attachment-id=\"1853\" data-permalink=\"http:\/\/blogdalucianaoliveira.com.br\/blog\/2016\/06\/22\/grandes-momentos-do-marketing-politico-em-rondonia\/image-401\/\" data-orig-file=\"https:\/\/i0.wp.com\/blogdalucianaoliveira.com.br\/blog\/wp-content\/uploads\/2016\/06\/image-94.jpeg?fit=369%2C356\" data-orig-size=\"369,356\" data-comments-opened=\"0\" data-image-meta=\"{&quot;aperture&quot;:&quot;0&quot;,&quot;credit&quot;:&quot;&quot;,&quot;camera&quot;:&quot;&quot;,&quot;caption&quot;:&quot;&quot;,&quot;created_timestamp&quot;:&quot;0&quot;,&quot;copyright&quot;:&quot;&quot;,&quot;focal_length&quot;:&quot;0&quot;,&quot;iso&quot;:&quot;0&quot;,&quot;shutter_speed&quot;:&quot;0&quot;,&quot;title&quot;:&quot;&quot;,&quot;orientation&quot;:&quot;0&quot;}\" data-image-title=\"image\" data-image-description=\"\" data-image-caption=\"\" data-medium-file=\"https:\/\/i0.wp.com\/blogdalucianaoliveira.com.br\/blog\/wp-content\/uploads\/2016\/06\/image-94.jpeg?fit=300%2C289\" data-large-file=\"https:\/\/i0.wp.com\/blogdalucianaoliveira.com.br\/blog\/wp-content\/uploads\/2016\/06\/image-94.jpeg?fit=369%2C356\" src=\"https:\/\/i0.wp.com\/blogdalucianaoliveira.com.br\/blog\/wp-content\/uploads\/2016\/06\/image-94.jpeg?resize=369%2C356\" alt=\"image\" width=\"369\" height=\"356\" class=\"alignnone size-full wp-image-1853\" srcset=\"https:\/\/i0.wp.com\/blogdalucianaoliveira.com.br\/blog\/wp-content\/uploads\/2016\/06\/image-94.jpeg?w=369 369w, https:\/\/i0.wp.com\/blogdalucianaoliveira.com.br\/blog\/wp-content\/uploads\/2016\/06\/image-94.jpeg?resize=300%2C289 300w, https:\/\/i0.wp.com\/blogdalucianaoliveira.com.br\/blog\/wp-content\/uploads\/2016\/06\/image-94.jpeg?resize=311%2C300 311w\" sizes=\"auto, (max-width: 369px) 100vw, 369px\" \/><\/p>\n<p>Lembra dessa? Corria l\u00e1 o ano de 2008.<!--more--><\/p>\n<p>Vilhena parou com a not\u00edcia de que o ent\u00e3o prefeito Melki Donadon havia morrido, ap\u00f3s sofrer um infarto fulminante em Bras\u00edlia. Houve como\u00e7\u00e3o entre os fan\u00e1ticos seguidores do cacique, que acabou aparecendo no dia seguinte para desmentir o pr\u00f3prio \u00f3bito.<\/p>\n<p>J\u00e1 em campanha para retornar ao Pal\u00e1cio dos Parecis, e mais vivo do que nunca, Donadon improvisou um com\u00edcio para comentar o epis\u00f3dio:<\/p>\n<p>&#8211; Quero dizer que n\u00e3o morri porque Deus gostaria que o povo de Vilhena  me elegesse prefeito mais uma vez&#8230;<br \/>\nE, apelando para sua especialidade, que \u00e9 transformar qualquer bobagem em prega\u00e7\u00e3o religiosa, arrematou:<\/p>\n<p>&#8211; &#8230;E Deus est\u00e1 de parab\u00e9ns por isso!<br \/>\nAt\u00e9 hoje ningu\u00e9m sabe se a \u201cmorte\u201d foi s\u00f3 um mal entendido ou uma jogada de marketing do esperto l\u00edder do cl\u00e3 mais famoso do Cone Sul!<\/p>\n","protected":false},"excerpt":{"rendered":"<p>Lembra dessa? Corria l\u00e1 o ano de 2008.<\/p>\n","protected":false},"author":1,"featured_media":0,"comment_status":"closed","ping_status":"open","sticky":false,"template":"","format":"standard","meta":{"_exactmetrics_skip_tracking":false,"_exactmetrics_sitenote_active":false,"_exactmetrics_sitenote_note":"","_exactmetrics_sitenote_category":0,"jetpack_post_was_ever_published":false,"_jetpack_newsletter_access":"","_jetpack_dont_email_post_to_subs":false,"_jetpack_newsletter_tier_id":0,"_jetpack_memberships_contains_paywalled_content":false,"_jetpack_memberships_contains_paid_content":false,"footnotes":"","jetpack_publicize_message":"","jetpack_publicize_feature_enabled":true,"jetpack_social_post_already_shared":true,"jetpack_social_options":{"image_generator_settings":{"template":"highway","enabled":false},"version":2}},"categories":[1],"tags":[],"class_list":["post-1852","post","type-post","status-publish","format-standard","hentry","category-notas"],"jetpack_publicize_connections":[],"jetpack_sharing_enabled":true,"jetpack_featured_media_url":"","jetpack_shortlink":"https:\/\/wp.me\/p7wKYW-tS","jetpack-related-posts":[],"_links":{"self":[{"href":"http:\/\/blogdalucianaoliveira.com.br\/blog\/wp-json\/wp\/v2\/posts\/1852","targetHints":{"allow":["GET"]}}],"collection":[{"href":"http:\/\/blogdalucianaoliveira.com.br\/blog\/wp-json\/wp\/v2\/posts"}],"about":[{"href":"http:\/\/blogdalucianaoliveira.com.br\/blog\/wp-json\/wp\/v2\/types\/post"}],"author":[{"embeddable":true,"href":"http:\/\/blogdalucianaoliveira.com.br\/blog\/wp-json\/wp\/v2\/users\/1"}],"replies":[{"embeddable":true,"href":"http:\/\/blogdalucianaoliveira.com.br\/blog\/wp-json\/wp\/v2\/comments?post=1852"}],"version-history":[{"count":2,"href":"http:\/\/blogdalucianaoliveira.com.br\/blog\/wp-json\/wp\/v2\/posts\/1852\/revisions"}],"predecessor-version":[{"id":1855,"href":"http:\/\/blogdalucianaoliveira.com.br\/blog\/wp-json\/wp\/v2\/posts\/1852\/revisions\/1855"}],"wp:attachment":[{"href":"http:\/\/blogdalucianaoliveira.com.br\/blog\/wp-json\/wp\/v2\/media?parent=1852"}],"wp:term":[{"taxonomy":"category","embeddable":true,"href":"http:\/\/blogdalucianaoliveira.com.br\/blog\/wp-json\/wp\/v2\/categories?post=1852"},{"taxonomy":"post_tag","embeddable":true,"href":"http:\/\/blogdalucianaoliveira.com.br\/blog\/wp-json\/wp\/v2\/tags?post=1852"}],"curies":[{"name":"wp","href":"https:\/\/api.w.org\/{rel}","templated":true}]}}