{"id":18526,"date":"2018-06-25T18:41:57","date_gmt":"2018-06-25T22:41:57","guid":{"rendered":"http:\/\/blogdalucianaoliveira.com.br\/blog\/?p=18526"},"modified":"2018-06-25T18:44:15","modified_gmt":"2018-06-25T22:44:15","slug":"apos-quase-dois-anos-professor-da-unir-sera-julgado-por-chamar-pesquisadora-de-vagabunda","status":"publish","type":"post","link":"http:\/\/blogdalucianaoliveira.com.br\/blog\/2018\/06\/25\/apos-quase-dois-anos-professor-da-unir-sera-julgado-por-chamar-pesquisadora-de-vagabunda\/","title":{"rendered":"Ap\u00f3s quase dois anos, professor da Unir ser\u00e1 julgado por chamar pesquisadora de vagabunda"},"content":{"rendered":"<p><img data-recalc-dims=\"1\" loading=\"lazy\" decoding=\"async\" data-attachment-id=\"18527\" data-permalink=\"http:\/\/blogdalucianaoliveira.com.br\/blog\/2018\/06\/25\/apos-quase-dois-anos-professor-da-unir-sera-julgado-por-chamar-pesquisadora-de-vagabunda\/sina\/\" data-orig-file=\"https:\/\/i0.wp.com\/blogdalucianaoliveira.com.br\/blog\/wp-content\/uploads\/2018\/06\/sina.jpg?fit=845%2C500\" data-orig-size=\"845,500\" data-comments-opened=\"0\" data-image-meta=\"{&quot;aperture&quot;:&quot;0&quot;,&quot;credit&quot;:&quot;&quot;,&quot;camera&quot;:&quot;&quot;,&quot;caption&quot;:&quot;&quot;,&quot;created_timestamp&quot;:&quot;0&quot;,&quot;copyright&quot;:&quot;&quot;,&quot;focal_length&quot;:&quot;0&quot;,&quot;iso&quot;:&quot;0&quot;,&quot;shutter_speed&quot;:&quot;0&quot;,&quot;title&quot;:&quot;&quot;,&quot;orientation&quot;:&quot;1&quot;}\" data-image-title=\"sina\" data-image-description=\"\" data-image-caption=\"\" data-medium-file=\"https:\/\/i0.wp.com\/blogdalucianaoliveira.com.br\/blog\/wp-content\/uploads\/2018\/06\/sina.jpg?fit=300%2C178\" data-large-file=\"https:\/\/i0.wp.com\/blogdalucianaoliveira.com.br\/blog\/wp-content\/uploads\/2018\/06\/sina.jpg?fit=600%2C355\" class=\"alignnone size-full wp-image-18527\" src=\"https:\/\/i0.wp.com\/blogdalucianaoliveira.com.br\/blog\/wp-content\/uploads\/2018\/06\/sina.jpg?resize=600%2C355\" alt=\"sina\" width=\"600\" height=\"355\" srcset=\"https:\/\/i0.wp.com\/blogdalucianaoliveira.com.br\/blog\/wp-content\/uploads\/2018\/06\/sina.jpg?w=845 845w, https:\/\/i0.wp.com\/blogdalucianaoliveira.com.br\/blog\/wp-content\/uploads\/2018\/06\/sina.jpg?resize=300%2C178 300w, https:\/\/i0.wp.com\/blogdalucianaoliveira.com.br\/blog\/wp-content\/uploads\/2018\/06\/sina.jpg?resize=768%2C454 768w, https:\/\/i0.wp.com\/blogdalucianaoliveira.com.br\/blog\/wp-content\/uploads\/2018\/06\/sina.jpg?resize=507%2C300 507w\" sizes=\"auto, (max-width: 600px) 100vw, 600px\" \/><\/p>\n<p>Em outubro de 2016, a pesquisadora foi uma das palestrantes na Semana Acad\u00eamica de Direito da institui\u00e7\u00e3o a convite dos pr\u00f3prios alunos, que organizaram o evento.<!--more--><\/p>\n<p>No UOL &#8211; &#8220;Sinara Gumieri, aquela vagabunda. Defensora de aborto, de g\u00eanero. E &#8216;ai&#8217; dela que mande me processar, que eu provo que ela \u00e9. Aquela mulher, aquela bostinha, coc\u00f4. (&#8230;) Sapatona muito doida&#8230;&#8221;<\/p>\n<p>As palavras acima, ditas em sala de aula pelo professor da Universidade Federal de Rond\u00f4nia (UNIR) Samuel Milet a respeito da mestre em Direito e pesquisadora da Anis &#8211; Instituto de Bio\u00e9tica, Sinara Gumieri, foram o estopim para uma a\u00e7\u00e3o que, segundo os advogados do caso, deve ser julgada nos pr\u00f3ximos dias, quase dois anos depois dos insultos declarados.<\/p>\n<p>Sinara pede indeniza\u00e7\u00e3o por danos morais contra Milet e ainda contra a UNIR, al\u00e9m de retrata\u00e7\u00e3o das duas partes e o cumprimento de medidas pedag\u00f3gicas por parte da universidade. \u201cOu melhor, que a UNIR promova conversas sobre a viol\u00eancia que ocorreu\u201d, explica Sinara.<\/p>\n<p>Samuel Milet n\u00e3o respondeu \u00e0s tentativas de contato da reportagem at\u00e9 o fechamento deste texto.<\/p>\n<p>Em outubro de 2016, a pesquisadora foi uma das palestrantes na Semana Acad\u00eamica de Direito da institui\u00e7\u00e3o a convite dos pr\u00f3prios alunos, que organizaram o evento. \u201cMinha proposta era debater Direito e g\u00eanero\u201d diz ela.<\/p>\n<p>LEIA MAT\u00c9RIA NA \u00cdNTEGRA <a href=\"https:\/\/universa.uol.com.br\/noticias\/redacao\/2018\/06\/25\/vagabunda-caso-de-discurso-de-odio-em-universidade-de-ro-sera-julgado.htm\">AQUI<\/a><\/p>\n<p>&nbsp;<\/p>\n<p>Leia tamb\u00e9m:\u00a0http:\/\/blogdalucianaoliveira.com.br\/blog\/2016\/10\/24\/peca-desculpas\/<\/p>\n","protected":false},"excerpt":{"rendered":"<p>Em outubro de 2016, a pesquisadora foi uma das palestrantes na Semana Acad\u00eamica de Direito da institui\u00e7\u00e3o a convite dos pr\u00f3prios alunos, que organizaram o evento.<\/p>\n","protected":false},"author":1,"featured_media":0,"comment_status":"closed","ping_status":"open","sticky":false,"template":"","format":"standard","meta":{"_exactmetrics_skip_tracking":false,"_exactmetrics_sitenote_active":false,"_exactmetrics_sitenote_note":"","_exactmetrics_sitenote_category":0,"jetpack_post_was_ever_published":false,"_jetpack_newsletter_access":"","_jetpack_dont_email_post_to_subs":false,"_jetpack_newsletter_tier_id":0,"_jetpack_memberships_contains_paywalled_content":false,"_jetpack_memberships_contains_paid_content":false,"footnotes":"","jetpack_publicize_message":"","jetpack_publicize_feature_enabled":true,"jetpack_social_post_already_shared":true,"jetpack_social_options":{"image_generator_settings":{"template":"highway","enabled":false},"version":2}},"categories":[1],"tags":[],"class_list":["post-18526","post","type-post","status-publish","format-standard","hentry","category-notas"],"jetpack_publicize_connections":[],"jetpack_sharing_enabled":true,"jetpack_featured_media_url":"","jetpack_shortlink":"https:\/\/wp.me\/p7wKYW-4OO","jetpack-related-posts":[],"_links":{"self":[{"href":"http:\/\/blogdalucianaoliveira.com.br\/blog\/wp-json\/wp\/v2\/posts\/18526","targetHints":{"allow":["GET"]}}],"collection":[{"href":"http:\/\/blogdalucianaoliveira.com.br\/blog\/wp-json\/wp\/v2\/posts"}],"about":[{"href":"http:\/\/blogdalucianaoliveira.com.br\/blog\/wp-json\/wp\/v2\/types\/post"}],"author":[{"embeddable":true,"href":"http:\/\/blogdalucianaoliveira.com.br\/blog\/wp-json\/wp\/v2\/users\/1"}],"replies":[{"embeddable":true,"href":"http:\/\/blogdalucianaoliveira.com.br\/blog\/wp-json\/wp\/v2\/comments?post=18526"}],"version-history":[{"count":2,"href":"http:\/\/blogdalucianaoliveira.com.br\/blog\/wp-json\/wp\/v2\/posts\/18526\/revisions"}],"predecessor-version":[{"id":18529,"href":"http:\/\/blogdalucianaoliveira.com.br\/blog\/wp-json\/wp\/v2\/posts\/18526\/revisions\/18529"}],"wp:attachment":[{"href":"http:\/\/blogdalucianaoliveira.com.br\/blog\/wp-json\/wp\/v2\/media?parent=18526"}],"wp:term":[{"taxonomy":"category","embeddable":true,"href":"http:\/\/blogdalucianaoliveira.com.br\/blog\/wp-json\/wp\/v2\/categories?post=18526"},{"taxonomy":"post_tag","embeddable":true,"href":"http:\/\/blogdalucianaoliveira.com.br\/blog\/wp-json\/wp\/v2\/tags?post=18526"}],"curies":[{"name":"wp","href":"https:\/\/api.w.org\/{rel}","templated":true}]}}