{"id":18531,"date":"2018-06-26T09:53:42","date_gmt":"2018-06-26T13:53:42","guid":{"rendered":"http:\/\/blogdalucianaoliveira.com.br\/blog\/?p=18531"},"modified":"2018-06-26T10:15:35","modified_gmt":"2018-06-26T14:15:35","slug":"apos-tentar-anular-sentenca-que-nao-o-condenou-e-levar-sermao-via-sentenca-novo-recurso-de-cassol-esbarra-nas-maos-do-tjro","status":"publish","type":"post","link":"http:\/\/blogdalucianaoliveira.com.br\/blog\/2018\/06\/26\/apos-tentar-anular-sentenca-que-nao-o-condenou-e-levar-sermao-via-sentenca-novo-recurso-de-cassol-esbarra-nas-maos-do-tjro\/","title":{"rendered":"Ap\u00f3s tentar anular senten\u00e7a que n\u00e3o o condenou e levar serm\u00e3o via senten\u00e7a, novo recurso de Cassol esbarra nas m\u00e3os do TJ\/RO"},"content":{"rendered":"<p><img data-recalc-dims=\"1\" loading=\"lazy\" decoding=\"async\" data-attachment-id=\"18532\" data-permalink=\"http:\/\/blogdalucianaoliveira.com.br\/blog\/2018\/06\/26\/apos-tentar-anular-sentenca-que-nao-o-condenou-e-levar-sermao-via-sentenca-novo-recurso-de-cassol-esbarra-nas-maos-do-tjro\/kassoleta\/\" data-orig-file=\"https:\/\/i0.wp.com\/blogdalucianaoliveira.com.br\/blog\/wp-content\/uploads\/2018\/06\/kassoleta.jpg?fit=960%2C640\" data-orig-size=\"960,640\" data-comments-opened=\"0\" data-image-meta=\"{&quot;aperture&quot;:&quot;0&quot;,&quot;credit&quot;:&quot;&quot;,&quot;camera&quot;:&quot;&quot;,&quot;caption&quot;:&quot;&quot;,&quot;created_timestamp&quot;:&quot;0&quot;,&quot;copyright&quot;:&quot;&quot;,&quot;focal_length&quot;:&quot;0&quot;,&quot;iso&quot;:&quot;0&quot;,&quot;shutter_speed&quot;:&quot;0&quot;,&quot;title&quot;:&quot;&quot;,&quot;orientation&quot;:&quot;1&quot;}\" data-image-title=\"kassoleta\" data-image-description=\"\" data-image-caption=\"\" data-medium-file=\"https:\/\/i0.wp.com\/blogdalucianaoliveira.com.br\/blog\/wp-content\/uploads\/2018\/06\/kassoleta.jpg?fit=300%2C200\" data-large-file=\"https:\/\/i0.wp.com\/blogdalucianaoliveira.com.br\/blog\/wp-content\/uploads\/2018\/06\/kassoleta.jpg?fit=600%2C400\" class=\"alignnone size-full wp-image-18532\" src=\"https:\/\/i0.wp.com\/blogdalucianaoliveira.com.br\/blog\/wp-content\/uploads\/2018\/06\/kassoleta.jpg?resize=600%2C400\" alt=\"kassoleta\" width=\"600\" height=\"400\" srcset=\"https:\/\/i0.wp.com\/blogdalucianaoliveira.com.br\/blog\/wp-content\/uploads\/2018\/06\/kassoleta.jpg?w=960 960w, https:\/\/i0.wp.com\/blogdalucianaoliveira.com.br\/blog\/wp-content\/uploads\/2018\/06\/kassoleta.jpg?resize=300%2C200 300w, https:\/\/i0.wp.com\/blogdalucianaoliveira.com.br\/blog\/wp-content\/uploads\/2018\/06\/kassoleta.jpg?resize=768%2C512 768w, https:\/\/i0.wp.com\/blogdalucianaoliveira.com.br\/blog\/wp-content\/uploads\/2018\/06\/kassoleta.jpg?resize=450%2C300 450w\" sizes=\"auto, (max-width: 600px) 100vw, 600px\" \/><\/p>\n<p><em>A decis\u00e3o \u00e9 do desembargador Roosevelt Queiroz Costa, da 2\u00aa C\u00e2mara Especial<\/em><\/p>\n<p><strong>POR ROND\u00d4NIA DIN\u00c2MICA<\/strong><\/p>\n<p><span style=\"font-size: 18px;\"><span style=\"font-family: Georgia,serif;\"><strong>Porto Velho, RO \u2013<\/strong> Em novembro de 2016, ap\u00f3s manejar diversas impugna\u00e7\u00f5es, o juiz de Direito Marcelo Tramontini, da 1\u00aa Vara de Inf\u00e2ncia e Juventude de Porto Velho, disse que o ex-governador Ivo Cassol (PP) \u201cfinalmente acertou na a\u00e7\u00e3o, mas escolheu o caminho errado\u201d a fim de contestar decis\u00e3o que o condenou a pagar multa.<\/span><\/span><!--more--><\/p>\n<p><span style=\"font-size: 18px;\"><span style=\"font-family: Georgia,serif;\">Em primeiro grau, o Ju\u00edzo condenou apenas o Estado de Rond\u00f4nia e a Funda\u00e7\u00e3o de Assist\u00eancia Social do Estado De Rond\u00f4nia (Faser); entretanto, a 2\u00aa C\u00e2mara Especial do Tribunal de Justi\u00e7a, no julgamento do recurso 1000701.2005.1127-8 tendo por relator do ac\u00f3rd\u00e3o o Desembargador Renato Martins Mimessi e revisor o Des. Rowilson Teixeira, \u00e9 que condenou Cassol, dizendo que as astreintes tamb\u00e9m eram aplic\u00e1veis a ele.<\/span><\/span><\/p>\n<p><span style=\"font-size: 18px;\"><span style=\"font-family: Georgia,serif;\">\u201cAssim, se h\u00e1 alguma decis\u00e3o a ser impugnada ou anulada \u00e9 o ac\u00f3rd\u00e3o proferido pela 2\u00aa C\u00e2mara Especial do Tribunal de Justi\u00e7a e n\u00e3o alguma decis\u00e3o deste ju\u00edzo de 1\u00ba Grau\u201d, disse o magistrado, \u00e0 ocasi\u00e3o.<\/span><\/span><\/p>\n<p><span style=\"font-size: 18px;\"><span style=\"font-family: Georgia,serif;\">O juiz disse, ainda, que a situa\u00e7\u00e3o era absolutamente clara e o pedido inicial chega a ser surpreendente, \u201cpois facultei ao autor melhor definir o que queria e ele insistiu em dizer que deseja anular a senten\u00e7a deste ju\u00edzo, a qual, como j\u00e1 dito, em nada o condenou\u201d.<\/span><\/span><\/p>\n<p><span style=\"font-size: 18px;\"><span style=\"font-family: Georgia,serif;\">\u201cO autor [Cassol] precisa ter consci\u00eancia de que sua a\u00e7\u00e3o deve ter por objeto o ac\u00f3rd\u00e3o que o condenou, pois se trata da \u00fanica decis\u00e3o judicial proferida com comando condenat\u00f3rio contra ele\u201d, pontuou.<\/span><\/span><\/p>\n<p><span style=\"font-size: 18px;\"><span style=\"font-family: Georgia,serif;\">Marcelo Tramontini \u00a0disse, ainda, que \u201cEste ju\u00edzo n\u00e3o o condenou a nada e, ao depois, apenas executou o sobredito ac\u00f3rd\u00e3o, em seus exatos limites. Em v\u00e1rias oportunidades este ju\u00edzo alertou o autor sobre tal situa\u00e7\u00e3o, mas ele insiste em dizer que foi este ju\u00edzo de 1\u00ba Grau que o multou. Ele precisa se convencer de uma vez por todas que a condena\u00e7\u00e3o ocorreu \u00fanica e t\u00e3o somente via ac\u00f3rd\u00e3o\u201d.<\/span><\/span><\/p>\n<p><span style=\"font-size: 18px;\"><span style=\"font-family: Georgia,serif;\">Por fim, indicou que faltou a Cassol, portanto, interesse processual, pois \u201cn\u00e3o tem ele leg\u00edtimo interesse em querer anular, via \u201cquerela nulitatis\u201d, uma decis\u00e3o judicial que n\u00e3o o condenou a nada\u201d. E \u00a0que \u201cEle dever\u00e1 avaliar, inclusive, a compet\u00eancia do ju\u00edzo perante o qual deve manejar sua pretens\u00e3o\u201d.<\/span><\/span><\/p>\n<p><span style=\"font-size: 18px;\"><span style=\"font-family: Georgia,serif;\">Pois bem. Quase dois anos depois Cassol finalmente acertou a pontaria recursal, mas sua pretens\u00e3o esbarrou nas m\u00e3os do desembargador Roosevelt Queiroz Costa, da 2\u00aa C\u00e2mara Especial.<\/span><\/span><\/p>\n<p><span style=\"font-size: 18px;\"><span style=\"font-family: Georgia,serif;\">No dia 20 de junho deste ano, decidiu:<\/span><\/span><\/p>\n<p><span style=\"font-size: 18px;\"><span style=\"font-family: Georgia,serif;\">\u201cEm leitura das raz\u00f5es de recurso do apelante, nota-se que em nenhum momento o recorrente ataca especificamente estes fundamentos essenciais que alicer\u00e7am a Senten\u00e7a combatida, inobservando o princ\u00edpio da dialeticidade a obstar o conhecimento do recurso\u201d.<\/span><\/span><\/p>\n<p><span style=\"font-size: 18px;\"><span style=\"font-family: Georgia,serif;\">Por isso, definiu:<\/span><\/span><\/p>\n<p><span style=\"font-size: 18px;\"><span style=\"font-family: Georgia,serif;\">\u201cFace ao exposto, DEIXO DE CONHECER o recurso e, via de consequ\u00eancia, julgo prejudicado pedido de tutela provis\u00f3ria recursal. Fa\u00e7o monocraticamente com base na outorga conferida pelo art. 932, inciso III do NCPC\u201d, concluiu.<\/span><\/span><\/p>\n","protected":false},"excerpt":{"rendered":"<p>A decis\u00e3o \u00e9 do desembargador Roosevelt Queiroz Costa, da 2\u00aa C\u00e2mara Especial POR ROND\u00d4NIA DIN\u00c2MICA Porto Velho, RO \u2013 Em novembro de 2016, ap\u00f3s manejar diversas impugna\u00e7\u00f5es, o juiz de Direito Marcelo Tramontini, da 1\u00aa Vara de Inf\u00e2ncia e Juventude de Porto Velho, disse que o ex-governador Ivo Cassol (PP) \u201cfinalmente acertou na a\u00e7\u00e3o, mas&#8230;<a class=\"more-link\" href=\"http:\/\/blogdalucianaoliveira.com.br\/blog\/2018\/06\/26\/apos-tentar-anular-sentenca-que-nao-o-condenou-e-levar-sermao-via-sentenca-novo-recurso-de-cassol-esbarra-nas-maos-do-tjro\/\">Continue a leitura <span class=\"meta-nav\">&raquo;<\/span><\/a><\/p>\n","protected":false},"author":1,"featured_media":0,"comment_status":"closed","ping_status":"open","sticky":false,"template":"","format":"standard","meta":{"_exactmetrics_skip_tracking":false,"_exactmetrics_sitenote_active":false,"_exactmetrics_sitenote_note":"","_exactmetrics_sitenote_category":0,"jetpack_post_was_ever_published":false,"_jetpack_newsletter_access":"","_jetpack_dont_email_post_to_subs":false,"_jetpack_newsletter_tier_id":0,"_jetpack_memberships_contains_paywalled_content":false,"_jetpack_memberships_contains_paid_content":false,"footnotes":"","jetpack_publicize_message":"","jetpack_publicize_feature_enabled":true,"jetpack_social_post_already_shared":true,"jetpack_social_options":{"image_generator_settings":{"template":"highway","enabled":false},"version":2}},"categories":[1],"tags":[],"class_list":["post-18531","post","type-post","status-publish","format-standard","hentry","category-notas"],"jetpack_publicize_connections":[],"jetpack_sharing_enabled":true,"jetpack_featured_media_url":"","jetpack_shortlink":"https:\/\/wp.me\/p7wKYW-4OT","jetpack-related-posts":[],"_links":{"self":[{"href":"http:\/\/blogdalucianaoliveira.com.br\/blog\/wp-json\/wp\/v2\/posts\/18531","targetHints":{"allow":["GET"]}}],"collection":[{"href":"http:\/\/blogdalucianaoliveira.com.br\/blog\/wp-json\/wp\/v2\/posts"}],"about":[{"href":"http:\/\/blogdalucianaoliveira.com.br\/blog\/wp-json\/wp\/v2\/types\/post"}],"author":[{"embeddable":true,"href":"http:\/\/blogdalucianaoliveira.com.br\/blog\/wp-json\/wp\/v2\/users\/1"}],"replies":[{"embeddable":true,"href":"http:\/\/blogdalucianaoliveira.com.br\/blog\/wp-json\/wp\/v2\/comments?post=18531"}],"version-history":[{"count":2,"href":"http:\/\/blogdalucianaoliveira.com.br\/blog\/wp-json\/wp\/v2\/posts\/18531\/revisions"}],"predecessor-version":[{"id":18538,"href":"http:\/\/blogdalucianaoliveira.com.br\/blog\/wp-json\/wp\/v2\/posts\/18531\/revisions\/18538"}],"wp:attachment":[{"href":"http:\/\/blogdalucianaoliveira.com.br\/blog\/wp-json\/wp\/v2\/media?parent=18531"}],"wp:term":[{"taxonomy":"category","embeddable":true,"href":"http:\/\/blogdalucianaoliveira.com.br\/blog\/wp-json\/wp\/v2\/categories?post=18531"},{"taxonomy":"post_tag","embeddable":true,"href":"http:\/\/blogdalucianaoliveira.com.br\/blog\/wp-json\/wp\/v2\/tags?post=18531"}],"curies":[{"name":"wp","href":"https:\/\/api.w.org\/{rel}","templated":true}]}}