{"id":18535,"date":"2018-06-26T10:11:15","date_gmt":"2018-06-26T14:11:15","guid":{"rendered":"http:\/\/blogdalucianaoliveira.com.br\/blog\/?p=18535"},"modified":"2018-06-26T10:11:15","modified_gmt":"2018-06-26T14:11:15","slug":"apos-reforma-trabalhista-despenca-numero-de-acoes-na-justica","status":"publish","type":"post","link":"http:\/\/blogdalucianaoliveira.com.br\/blog\/2018\/06\/26\/apos-reforma-trabalhista-despenca-numero-de-acoes-na-justica\/","title":{"rendered":"Ap\u00f3s reforma trabalhista, despenca n\u00famero de a\u00e7\u00f5es na Justi\u00e7a"},"content":{"rendered":"<p><img data-recalc-dims=\"1\" loading=\"lazy\" decoding=\"async\" data-attachment-id=\"18536\" data-permalink=\"http:\/\/blogdalucianaoliveira.com.br\/blog\/2018\/06\/26\/apos-reforma-trabalhista-despenca-numero-de-acoes-na-justica\/mart\/\" data-orig-file=\"https:\/\/i0.wp.com\/blogdalucianaoliveira.com.br\/blog\/wp-content\/uploads\/2018\/06\/mart.jpg?fit=640%2C430\" data-orig-size=\"640,430\" data-comments-opened=\"0\" data-image-meta=\"{&quot;aperture&quot;:&quot;0&quot;,&quot;credit&quot;:&quot;&quot;,&quot;camera&quot;:&quot;&quot;,&quot;caption&quot;:&quot;&quot;,&quot;created_timestamp&quot;:&quot;0&quot;,&quot;copyright&quot;:&quot;&quot;,&quot;focal_length&quot;:&quot;0&quot;,&quot;iso&quot;:&quot;0&quot;,&quot;shutter_speed&quot;:&quot;0&quot;,&quot;title&quot;:&quot;&quot;,&quot;orientation&quot;:&quot;0&quot;}\" data-image-title=\"mart]\" data-image-description=\"\" data-image-caption=\"\" data-medium-file=\"https:\/\/i0.wp.com\/blogdalucianaoliveira.com.br\/blog\/wp-content\/uploads\/2018\/06\/mart.jpg?fit=300%2C202\" data-large-file=\"https:\/\/i0.wp.com\/blogdalucianaoliveira.com.br\/blog\/wp-content\/uploads\/2018\/06\/mart.jpg?fit=600%2C403\" class=\"alignnone size-full wp-image-18536\" src=\"https:\/\/i0.wp.com\/blogdalucianaoliveira.com.br\/blog\/wp-content\/uploads\/2018\/06\/mart.jpg?resize=600%2C403\" alt=\"mart]\" width=\"600\" height=\"403\" srcset=\"https:\/\/i0.wp.com\/blogdalucianaoliveira.com.br\/blog\/wp-content\/uploads\/2018\/06\/mart.jpg?w=640 640w, https:\/\/i0.wp.com\/blogdalucianaoliveira.com.br\/blog\/wp-content\/uploads\/2018\/06\/mart.jpg?resize=300%2C202 300w, https:\/\/i0.wp.com\/blogdalucianaoliveira.com.br\/blog\/wp-content\/uploads\/2018\/06\/mart.jpg?resize=447%2C300 447w\" sizes=\"auto, (max-width: 600px) 100vw, 600px\" \/><\/p>\n<p dir=\"ltr\">Dados divulgados pelo Tribunal Superior do Trabalho (TST) revelam uma redu\u00e7\u00e3o de 39,3% de novas a\u00e7\u00f5es trabalhistas ingressadas no pa\u00eds entre os primeiros cinco meses de 2016 e o mesmo per\u00edodo de 2018.<!--more--><\/p>\n<address class=\"author\">J\u00falia Dolce<\/address>\n<div class=\"place-and-time\">\n<div class=\"place\">\n<p>Brasil de Fato | S\u00e3o Paulo (SP)<\/p>\n<\/div>\n<\/div>\n<p dir=\"ltr\">Os n\u00fameros apontam que, no fim do ano passado, havia 1,8 milh\u00e3o de a\u00e7\u00f5es \u00e0 espera de julgamento em todo o pa\u00eds;\u00a0em maio deste ano, eram 1,5 milh\u00e3o processos.<\/p>\n<p dir=\"ltr\">A redu\u00e7\u00e3o \u00e9 atribu\u00edda \u00e0\u00a0reforma trabalhista, imposta pelo grupo pol\u00edtico que apoia o governo de Michel Temer (MDB)\u00a0em novembro de 2017, que retirou uma s\u00e9rie de direitos dos trabalhadores e criou obst\u00e1culos para a judicializa\u00e7\u00e3o de quest\u00f5es\u00a0trabalhistas.<\/p>\n<p dir=\"ltr\">Entre as mudan\u00e7as instauradas pela reforma, por exemplo,\u00a0est\u00e1 exig\u00eancia de que, em caso de derrota, o trabalhador pague os honor\u00e1rios do advogado da empresa, mesmo quando reconhecido juridicamente como pobre \u2013 na pr\u00e1tica, anulando o dispositivo legal que isenta de custos processuais a parte que declarar n\u00e3o poder arcar com as despesas da a\u00e7\u00e3o judicial.<\/p>\n<p dir=\"ltr\">Para especialistas, a queda no n\u00famero de a\u00e7\u00f5es representa o medo e a falta de informa\u00e7\u00e3o dos trabalhadores e sindicatos em rela\u00e7\u00e3o \u00e0s mudan\u00e7as na legisla\u00e7\u00e3o. \u00c9 o que destaca o analista pol\u00edtico e assessor parlamentar do Departamento Intersindical de Assessoria Parlamentar (DIAP), Marcos Verlaine.<\/p>\n<p dir=\"ltr\">&#8220;Quando a reforma trabalhista foi pensada, o objetivo dos patr\u00f5es era, efetivamente, diminuir o n\u00famero de a\u00e7\u00f5es na Justi\u00e7a do Trabalho. Ent\u00e3o, \u00e9 natural que nesse primeiro momento o trabalhador e o sindicato recorram menos \u00e0 justi\u00e7a do trabalho para garantir direitos, em fun\u00e7\u00e3o de desconhecimento da lei e de medo de perder a a\u00e7\u00e3o.\u00a0A rigor, n\u00e3o h\u00e1 o que comemorar&#8221;, diz\u00a0Marcos Verlaine.<\/p>\n<p class=\"ckeditor-subtitle\" dir=\"ltr\">Inseguran\u00e7a<\/p>\n<p dir=\"ltr\">O presidente da Associa\u00e7\u00e3o Nacional dos Magistrados da Justi\u00e7a do Trabalho (Anamatra), Guilherme Feliciano, destaca que nunca viveu um per\u00edodo de tanta inseguran\u00e7a\u00a0na Justi\u00e7a do Trabalho.<\/p>\n<p dir=\"ltr\">&#8220;A reforma foi pouco discutida, teve poucos meses de tramita\u00e7\u00e3o, veio uma medida provis\u00f3ria em seguida e confundiu ainda mais as coisas. 02:36 Dos vinte anos de magistratura que eu tenho, nunca houve um tempo de tanta inseguran\u00e7a jur\u00eddica, porque h\u00e1 v\u00e1rias lacunas, contradi\u00e7\u00f5es no texto da nova CLT&#8221;, afirma Feliciano.<\/p>\n<p dir=\"ltr\">Al\u00e9m da onera\u00e7\u00e3o dos trabalhadores, a reforma tamb\u00e9m acabou com a obriga\u00e7\u00e3o de os sindicatos\u00a0ou o Minist\u00e9rio do Trabalho\u00a0revisarem a rescis\u00e3o dos trabalhadores \u2013 e isso tamb\u00e9m teve efeito na Justi\u00e7a do Trabalho.<\/p>\n<p dir=\"ltr\">As verbas rescis\u00f3rias historicamente representam a maioria das a\u00e7\u00f5es trabalhistas. O relat\u00f3rio Justi\u00e7a em N\u00fameros, divulgado pelo Conselho Nacional de Justi\u00e7a (CNJ), mostra\u00a0que, em 2014, elas representaram 44% das a\u00e7\u00f5es ingressadas no Judici\u00e1rio. No relat\u00f3rio de 2017, j\u00e1 foram apenas 16,29% do total.<\/p>\n<p dir=\"ltr\">&#8220;O trabalhador n\u00e3o tem dinheiro\u00a0para pagar advogado e ingressar com essa a\u00e7\u00e3o na justi\u00e7a, ent\u00e3o a relev\u00e2ncia do Sindicato \u00e9 que ele fazia esse trabalho gratuitamente.\u00a0Al\u00e9m disso, na\u00a0medida em que o sindicato n\u00e3o participa, a negocia\u00e7\u00e3o se d\u00e1 de maneira muito desigual,\u00a0tende muito mais ao lado patronal, que tem assessoria jur\u00eddica&#8221;, explica Verlaine.<\/p>\n<p dir=\"ltr\">Diante das pol\u00eamicas nas mudan\u00e7as trazidas pela reforma trabalhista, na \u00faltima quinta-feira (21), o TST aprovou uma Instru\u00e7\u00e3o Normativa (IN TST 41\/18) que define um marco temporal para a aplica\u00e7\u00e3o das novas regras da CLT. \u00a0A instru\u00e7\u00e3o define que as medidas n\u00e3o atingem situa\u00e7\u00f5es iniciadas ou consolidadas antes da vig\u00eancia da lei.<\/p>\n<p dir=\"ltr\">Contatada, a assessoria de imprensa do TST informou que n\u00e3o h\u00e1 porta-voz\u00a0do \u00f3rg\u00e3o para comentar o tema.<\/p>\n<p class=\"ckeditor-subtitle\"><strong>Futuro<\/strong><\/p>\n<p>Na opini\u00e3o do analista pol\u00edtico Marcos Verlaine, o n\u00famero de a\u00e7\u00f5es trabalhistas voltar\u00e1 a crescer com o tempo.<\/p>\n<p dir=\"ltr\">&#8220;Eu avalio que essa redu\u00e7\u00e3o \u00e9 moment\u00e2nea, assim que o movimento sindical tiver mais conhecimento do conte\u00fado da lei, com todas as suas brechas inconstitucionais, a tend\u00eancia \u00e9 o n\u00famero de a\u00e7\u00f5es aumentar, porque o objetivo dessa legisla\u00e7\u00e3o \u00e9 justamente suprimir direitos.\u00a0Ent\u00e3o, com o tempo, as a\u00e7\u00f5es ter\u00e3o que compensar o \u00f4nus de uma legisla\u00e7\u00e3o que privilegia o patr\u00e3o em detrimento do trabalhador&#8221;, afirmou.<\/p>\n<p>A opini\u00e3o \u00e9 compartilhada pelo presidente da Anamatra, Guilherme Feliciano.<\/p>\n<p>&#8220;Os escrit\u00f3rios de advocacia est\u00e3o em processo de espera. Quando as d\u00favidas jur\u00eddicas forem superadas, provavelmente o volume de a\u00e7\u00f5es vai voltar ao que era antes, se n\u00e3o superar esse n\u00famero,\u00a0porque alguns dispositivos da reforma facilitam a multiplica\u00e7\u00e3o de a\u00e7\u00f5es&#8221;.<\/p>\n<p class=\"editor\">Edi\u00e7\u00e3o: Diego Sartorato<\/p>\n<div class=\"content-footer\"><\/div>\n","protected":false},"excerpt":{"rendered":"<p>Dados divulgados pelo Tribunal Superior do Trabalho (TST) revelam uma redu\u00e7\u00e3o de 39,3% de novas a\u00e7\u00f5es trabalhistas ingressadas no pa\u00eds entre os primeiros cinco meses de 2016 e o mesmo per\u00edodo de 2018.<\/p>\n","protected":false},"author":1,"featured_media":0,"comment_status":"closed","ping_status":"open","sticky":false,"template":"","format":"standard","meta":{"_exactmetrics_skip_tracking":false,"_exactmetrics_sitenote_active":false,"_exactmetrics_sitenote_note":"","_exactmetrics_sitenote_category":0,"jetpack_post_was_ever_published":false,"_jetpack_newsletter_access":"","_jetpack_dont_email_post_to_subs":false,"_jetpack_newsletter_tier_id":0,"_jetpack_memberships_contains_paywalled_content":false,"_jetpack_memberships_contains_paid_content":false,"footnotes":"","jetpack_publicize_message":"","jetpack_publicize_feature_enabled":true,"jetpack_social_post_already_shared":true,"jetpack_social_options":{"image_generator_settings":{"template":"highway","enabled":false},"version":2}},"categories":[1],"tags":[],"class_list":["post-18535","post","type-post","status-publish","format-standard","hentry","category-notas"],"jetpack_publicize_connections":[],"jetpack_sharing_enabled":true,"jetpack_featured_media_url":"","jetpack_shortlink":"https:\/\/wp.me\/p7wKYW-4OX","jetpack-related-posts":[],"_links":{"self":[{"href":"http:\/\/blogdalucianaoliveira.com.br\/blog\/wp-json\/wp\/v2\/posts\/18535","targetHints":{"allow":["GET"]}}],"collection":[{"href":"http:\/\/blogdalucianaoliveira.com.br\/blog\/wp-json\/wp\/v2\/posts"}],"about":[{"href":"http:\/\/blogdalucianaoliveira.com.br\/blog\/wp-json\/wp\/v2\/types\/post"}],"author":[{"embeddable":true,"href":"http:\/\/blogdalucianaoliveira.com.br\/blog\/wp-json\/wp\/v2\/users\/1"}],"replies":[{"embeddable":true,"href":"http:\/\/blogdalucianaoliveira.com.br\/blog\/wp-json\/wp\/v2\/comments?post=18535"}],"version-history":[{"count":1,"href":"http:\/\/blogdalucianaoliveira.com.br\/blog\/wp-json\/wp\/v2\/posts\/18535\/revisions"}],"predecessor-version":[{"id":18537,"href":"http:\/\/blogdalucianaoliveira.com.br\/blog\/wp-json\/wp\/v2\/posts\/18535\/revisions\/18537"}],"wp:attachment":[{"href":"http:\/\/blogdalucianaoliveira.com.br\/blog\/wp-json\/wp\/v2\/media?parent=18535"}],"wp:term":[{"taxonomy":"category","embeddable":true,"href":"http:\/\/blogdalucianaoliveira.com.br\/blog\/wp-json\/wp\/v2\/categories?post=18535"},{"taxonomy":"post_tag","embeddable":true,"href":"http:\/\/blogdalucianaoliveira.com.br\/blog\/wp-json\/wp\/v2\/tags?post=18535"}],"curies":[{"name":"wp","href":"https:\/\/api.w.org\/{rel}","templated":true}]}}