{"id":18542,"date":"2018-06-28T09:18:01","date_gmt":"2018-06-28T13:18:01","guid":{"rendered":"http:\/\/blogdalucianaoliveira.com.br\/blog\/?p=18542"},"modified":"2018-06-28T10:48:36","modified_gmt":"2018-06-28T14:48:36","slug":"tcero-notifica-orgao-do-governo-para-que-explique-real-situacao-do-pagamento-de-pensao-especial-aos-senadores-raupp-e-cassol","status":"publish","type":"post","link":"http:\/\/blogdalucianaoliveira.com.br\/blog\/2018\/06\/28\/tcero-notifica-orgao-do-governo-para-que-explique-real-situacao-do-pagamento-de-pensao-especial-aos-senadores-raupp-e-cassol\/","title":{"rendered":"TCE\/RO notifica \u00f3rg\u00e3o do governo para que explique real situa\u00e7\u00e3o do pagamento de pens\u00e3o especial aos senadores Raupp e Cassol"},"content":{"rendered":"<p><img data-recalc-dims=\"1\" loading=\"lazy\" decoding=\"async\" data-attachment-id=\"18543\" data-permalink=\"http:\/\/blogdalucianaoliveira.com.br\/blog\/2018\/06\/28\/tcero-notifica-orgao-do-governo-para-que-explique-real-situacao-do-pagamento-de-pensao-especial-aos-senadores-raupp-e-cassol\/cass\/\" data-orig-file=\"https:\/\/i0.wp.com\/blogdalucianaoliveira.com.br\/blog\/wp-content\/uploads\/2018\/06\/cass.jpg?fit=960%2C640\" data-orig-size=\"960,640\" data-comments-opened=\"0\" data-image-meta=\"{&quot;aperture&quot;:&quot;0&quot;,&quot;credit&quot;:&quot;&quot;,&quot;camera&quot;:&quot;&quot;,&quot;caption&quot;:&quot;&quot;,&quot;created_timestamp&quot;:&quot;0&quot;,&quot;copyright&quot;:&quot;&quot;,&quot;focal_length&quot;:&quot;0&quot;,&quot;iso&quot;:&quot;0&quot;,&quot;shutter_speed&quot;:&quot;0&quot;,&quot;title&quot;:&quot;&quot;,&quot;orientation&quot;:&quot;1&quot;}\" data-image-title=\"cass\" data-image-description=\"\" data-image-caption=\"\" data-medium-file=\"https:\/\/i0.wp.com\/blogdalucianaoliveira.com.br\/blog\/wp-content\/uploads\/2018\/06\/cass.jpg?fit=300%2C200\" data-large-file=\"https:\/\/i0.wp.com\/blogdalucianaoliveira.com.br\/blog\/wp-content\/uploads\/2018\/06\/cass.jpg?fit=600%2C400\" class=\"alignnone size-full wp-image-18543\" src=\"https:\/\/i0.wp.com\/blogdalucianaoliveira.com.br\/blog\/wp-content\/uploads\/2018\/06\/cass.jpg?resize=600%2C400\" alt=\"cass\" width=\"600\" height=\"400\" srcset=\"https:\/\/i0.wp.com\/blogdalucianaoliveira.com.br\/blog\/wp-content\/uploads\/2018\/06\/cass.jpg?w=960 960w, https:\/\/i0.wp.com\/blogdalucianaoliveira.com.br\/blog\/wp-content\/uploads\/2018\/06\/cass.jpg?resize=300%2C200 300w, https:\/\/i0.wp.com\/blogdalucianaoliveira.com.br\/blog\/wp-content\/uploads\/2018\/06\/cass.jpg?resize=768%2C512 768w, https:\/\/i0.wp.com\/blogdalucianaoliveira.com.br\/blog\/wp-content\/uploads\/2018\/06\/cass.jpg?resize=450%2C300 450w\" sizes=\"auto, (max-width: 600px) 100vw, 600px\" \/><\/p>\n<div><\/div>\n<p><strong>Rond\u00f4nia Din\u00e2mica \u2013 <\/strong>At\u00e9 antes do mandato do ex-governadore Conf\u00facio Moura, do MDB, todos os chefes que representaram o Executivo estadual \u2013 e vi\u00favas, no caso de morte \u2013 obtiveram o direito \u00e0 pens\u00e3o especial vital\u00edcia concedida pelo Estado de Rond\u00f4nia.<\/p>\n<p>A pens\u00e3o mensal equivale sempre ao sal\u00e1rio atual do governador vigente.<\/p>\n<p>Entretanto, a Secretaria-Geral de Controle Externo do Tribunal de Contas (TCE\/RO) questiona, atrav\u00e9s de fiscaliza\u00e7\u00e3o de atos e contratos, supostas irregularidades no pagamento de pens\u00f5es a ex-governadores que ascenderam a cargos p\u00fablicos, ou seja, Valdir Raupp, do MDB, e Ivo Cassol, do PP, ambos senadores.<!--more--><\/p>\n<p>Para se ter uma ideia, s\u00f3 em maio de 2018 cada um dos dois congressistas recebeu, somando pens\u00e3o e rendimentos do Senado, quase R$ 60 mil brutos; com os descontos, R$\u00a041.882,94 limp\u00edssimos. S\u00e3o os \u00fanicos pol\u00edticos de Rond\u00f4nia com direito, embora contestado, ao privil\u00e9gio.<\/p>\n<p><img data-recalc-dims=\"1\" loading=\"lazy\" decoding=\"async\" data-attachment-id=\"18549\" data-permalink=\"http:\/\/blogdalucianaoliveira.com.br\/blog\/2018\/06\/28\/tcero-notifica-orgao-do-governo-para-que-explique-real-situacao-do-pagamento-de-pensao-especial-aos-senadores-raupp-e-cassol\/pensao-maio\/\" data-orig-file=\"https:\/\/i0.wp.com\/blogdalucianaoliveira.com.br\/blog\/wp-content\/uploads\/2018\/06\/pensao-maio.jpg?fit=700%2C283\" data-orig-size=\"700,283\" data-comments-opened=\"0\" data-image-meta=\"{&quot;aperture&quot;:&quot;0&quot;,&quot;credit&quot;:&quot;&quot;,&quot;camera&quot;:&quot;&quot;,&quot;caption&quot;:&quot;&quot;,&quot;created_timestamp&quot;:&quot;0&quot;,&quot;copyright&quot;:&quot;&quot;,&quot;focal_length&quot;:&quot;0&quot;,&quot;iso&quot;:&quot;0&quot;,&quot;shutter_speed&quot;:&quot;0&quot;,&quot;title&quot;:&quot;&quot;,&quot;orientation&quot;:&quot;1&quot;}\" data-image-title=\"pensao-maio\" data-image-description=\"\" data-image-caption=\"\" data-medium-file=\"https:\/\/i0.wp.com\/blogdalucianaoliveira.com.br\/blog\/wp-content\/uploads\/2018\/06\/pensao-maio.jpg?fit=300%2C121\" data-large-file=\"https:\/\/i0.wp.com\/blogdalucianaoliveira.com.br\/blog\/wp-content\/uploads\/2018\/06\/pensao-maio.jpg?fit=600%2C243\" class=\"alignnone size-full wp-image-18549\" src=\"https:\/\/i0.wp.com\/blogdalucianaoliveira.com.br\/blog\/wp-content\/uploads\/2018\/06\/pensao-maio.jpg?resize=600%2C243\" alt=\"pensao-maio\" width=\"600\" height=\"243\" srcset=\"https:\/\/i0.wp.com\/blogdalucianaoliveira.com.br\/blog\/wp-content\/uploads\/2018\/06\/pensao-maio.jpg?w=700 700w, https:\/\/i0.wp.com\/blogdalucianaoliveira.com.br\/blog\/wp-content\/uploads\/2018\/06\/pensao-maio.jpg?resize=300%2C121 300w\" sizes=\"auto, (max-width: 600px) 100vw, 600px\" \/><br \/>\n<em>Valor de pens\u00e3o paga a Raupp em maio de 2018 \/ Reprodu\u00e7\u00e3o<\/em><\/p>\n<p><img data-recalc-dims=\"1\" loading=\"lazy\" decoding=\"async\" data-attachment-id=\"18550\" data-permalink=\"http:\/\/blogdalucianaoliveira.com.br\/blog\/2018\/06\/28\/tcero-notifica-orgao-do-governo-para-que-explique-real-situacao-do-pagamento-de-pensao-especial-aos-senadores-raupp-e-cassol\/cassol-senad-2\/\" data-orig-file=\"https:\/\/i0.wp.com\/blogdalucianaoliveira.com.br\/blog\/wp-content\/uploads\/2018\/06\/cassol-senad-1.jpg?fit=700%2C402\" data-orig-size=\"700,402\" data-comments-opened=\"0\" data-image-meta=\"{&quot;aperture&quot;:&quot;0&quot;,&quot;credit&quot;:&quot;&quot;,&quot;camera&quot;:&quot;&quot;,&quot;caption&quot;:&quot;&quot;,&quot;created_timestamp&quot;:&quot;0&quot;,&quot;copyright&quot;:&quot;&quot;,&quot;focal_length&quot;:&quot;0&quot;,&quot;iso&quot;:&quot;0&quot;,&quot;shutter_speed&quot;:&quot;0&quot;,&quot;title&quot;:&quot;&quot;,&quot;orientation&quot;:&quot;1&quot;}\" data-image-title=\"cassol-senad\" data-image-description=\"\" data-image-caption=\"\" data-medium-file=\"https:\/\/i0.wp.com\/blogdalucianaoliveira.com.br\/blog\/wp-content\/uploads\/2018\/06\/cassol-senad-1.jpg?fit=300%2C172\" data-large-file=\"https:\/\/i0.wp.com\/blogdalucianaoliveira.com.br\/blog\/wp-content\/uploads\/2018\/06\/cassol-senad-1.jpg?fit=600%2C345\" class=\"alignnone size-full wp-image-18550\" src=\"https:\/\/i0.wp.com\/blogdalucianaoliveira.com.br\/blog\/wp-content\/uploads\/2018\/06\/cassol-senad-1.jpg?resize=600%2C345\" alt=\"cassol-senad\" width=\"600\" height=\"345\" srcset=\"https:\/\/i0.wp.com\/blogdalucianaoliveira.com.br\/blog\/wp-content\/uploads\/2018\/06\/cassol-senad-1.jpg?w=700 700w, https:\/\/i0.wp.com\/blogdalucianaoliveira.com.br\/blog\/wp-content\/uploads\/2018\/06\/cassol-senad-1.jpg?resize=300%2C172 300w, https:\/\/i0.wp.com\/blogdalucianaoliveira.com.br\/blog\/wp-content\/uploads\/2018\/06\/cassol-senad-1.jpg?resize=522%2C300 522w\" sizes=\"auto, (max-width: 600px) 100vw, 600px\" \/><br \/>\n<em>Valor dos subs\u00eddios do senador emedebista em maio de 2018 \/ Reprodu\u00e7\u00e3o<\/em><\/p>\n<p>A derradeira manifesta\u00e7\u00e3o t\u00e9cnica nos autos foi no sentido de que a cumula\u00e7\u00e3o de pens\u00e3o especial de ex-governador com o subs\u00eddio de senador da Rep\u00fablica, no caso, seria indevida. Logo, opinou pela desnecessidade de san\u00e7\u00e3o pecuni\u00e1ria aos respons\u00e1veis, em homenagem aos princ\u00edpios da boa-f\u00e9 e da seguran\u00e7a jur\u00eddica e, ainda, em raz\u00e3o da exist\u00eancia de d\u00favida razo\u00e1vel na \u00a0nterpreta\u00e7\u00e3o e, consequente, aplica\u00e7\u00e3o das normas jur\u00eddicas.<\/p>\n<p>O Minist\u00e9rio P\u00fablico de Contas (MPC), por sua vez, via parecer, divergiu da Unidade T\u00e9cnica e manifestou-se pela concess\u00e3o de Tutela Provis\u00f3ria Satisfativa de Evid\u00eancia, a fim de se manter suspensos os pagamentos de verbas denominadas de \u201cpens\u00e3o especial\u201d para ex-governadores, levado a efeito, de of\u00edcio, pela Administra\u00e7\u00e3o Estadual. E, ainda, solicitou que os autos fossem convertidos em Tomada de Cotnas Especial \u201ccom consequente Despacho Definidor de Responsabilidade\u201d.<br \/>\n<em>Valor de pens\u00e3o paga a Cassol em maio de 2018 \/ Reprodu\u00e7\u00e3o<\/em><\/p>\n<p><img data-recalc-dims=\"1\" decoding=\"async\" class=\"entry-thumb\" src=\"https:\/\/i0.wp.com\/www.rondoniadinamica.com\/uploads\/cassol-senad.jpg?w=600\" alt=\"\" \/><br \/>\n<em>Valor dos subs\u00eddios do senador do PP em maio de 2018 \/ Reprodu\u00e7\u00e3o<\/em><\/p>\n<p>O conselheiro Wilber Coimbra, relator, decidiu que \u201cPara melhor deslinde do m\u00e9rito, vertido no presente feito, h\u00e1 de se converter os autos em testilha em dilig\u00eancia, a fim de se conhecer a real situa\u00e7\u00e3o dos pagamentos dos benef\u00edcios, \u00e2mago deste Processo, para que possa ser prestada a tutela jurisdicional a cargo desta Corte de Contas, com o acerto jur\u00eddico que se espera\u201d.<\/p>\n<p>Com isso, notificou, via of\u00edcio, a Superintend\u00eancia Estadual de Gest\u00e3o de Pessoas (SEGEP), para que, no prazo de 15 (dias), contados a partir da notifica\u00e7\u00e3o, informe ao TCE\/RO, sob pena de multa pecuni\u00e1ria, \u201cqual a real situa\u00e7\u00e3o de pagamento da pens\u00e3o especial de ex-governador dos Excelent\u00edssimos Senadores da Rep\u00fablica, Senhores Valdir Raupp de Matos e Ivo Narciso Cassol\u201d.<\/p>\n<p><strong>Autor \/ Fonte: Rondoniadinamica<\/strong><\/p>\n","protected":false},"excerpt":{"rendered":"<p>Rond\u00f4nia Din\u00e2mica \u2013 At\u00e9 antes do mandato do ex-governadore Conf\u00facio Moura, do MDB, todos os chefes que representaram o Executivo estadual \u2013 e vi\u00favas, no caso de morte \u2013 obtiveram o direito \u00e0 pens\u00e3o especial vital\u00edcia concedida pelo Estado de Rond\u00f4nia. A pens\u00e3o mensal equivale sempre ao sal\u00e1rio atual do governador vigente. Entretanto, a Secretaria-Geral&#8230;<a class=\"more-link\" href=\"http:\/\/blogdalucianaoliveira.com.br\/blog\/2018\/06\/28\/tcero-notifica-orgao-do-governo-para-que-explique-real-situacao-do-pagamento-de-pensao-especial-aos-senadores-raupp-e-cassol\/\">Continue a leitura <span class=\"meta-nav\">&raquo;<\/span><\/a><\/p>\n","protected":false},"author":1,"featured_media":0,"comment_status":"closed","ping_status":"open","sticky":false,"template":"","format":"standard","meta":{"_exactmetrics_skip_tracking":false,"_exactmetrics_sitenote_active":false,"_exactmetrics_sitenote_note":"","_exactmetrics_sitenote_category":0,"jetpack_post_was_ever_published":false,"_jetpack_newsletter_access":"","_jetpack_dont_email_post_to_subs":false,"_jetpack_newsletter_tier_id":0,"_jetpack_memberships_contains_paywalled_content":false,"_jetpack_memberships_contains_paid_content":false,"footnotes":"","jetpack_publicize_message":"","jetpack_publicize_feature_enabled":true,"jetpack_social_post_already_shared":true,"jetpack_social_options":{"image_generator_settings":{"template":"highway","enabled":false},"version":2}},"categories":[1],"tags":[],"class_list":["post-18542","post","type-post","status-publish","format-standard","hentry","category-notas"],"jetpack_publicize_connections":[],"jetpack_sharing_enabled":true,"jetpack_featured_media_url":"","jetpack_shortlink":"https:\/\/wp.me\/p7wKYW-4P4","jetpack-related-posts":[],"_links":{"self":[{"href":"http:\/\/blogdalucianaoliveira.com.br\/blog\/wp-json\/wp\/v2\/posts\/18542","targetHints":{"allow":["GET"]}}],"collection":[{"href":"http:\/\/blogdalucianaoliveira.com.br\/blog\/wp-json\/wp\/v2\/posts"}],"about":[{"href":"http:\/\/blogdalucianaoliveira.com.br\/blog\/wp-json\/wp\/v2\/types\/post"}],"author":[{"embeddable":true,"href":"http:\/\/blogdalucianaoliveira.com.br\/blog\/wp-json\/wp\/v2\/users\/1"}],"replies":[{"embeddable":true,"href":"http:\/\/blogdalucianaoliveira.com.br\/blog\/wp-json\/wp\/v2\/comments?post=18542"}],"version-history":[{"count":4,"href":"http:\/\/blogdalucianaoliveira.com.br\/blog\/wp-json\/wp\/v2\/posts\/18542\/revisions"}],"predecessor-version":[{"id":18551,"href":"http:\/\/blogdalucianaoliveira.com.br\/blog\/wp-json\/wp\/v2\/posts\/18542\/revisions\/18551"}],"wp:attachment":[{"href":"http:\/\/blogdalucianaoliveira.com.br\/blog\/wp-json\/wp\/v2\/media?parent=18542"}],"wp:term":[{"taxonomy":"category","embeddable":true,"href":"http:\/\/blogdalucianaoliveira.com.br\/blog\/wp-json\/wp\/v2\/categories?post=18542"},{"taxonomy":"post_tag","embeddable":true,"href":"http:\/\/blogdalucianaoliveira.com.br\/blog\/wp-json\/wp\/v2\/tags?post=18542"}],"curies":[{"name":"wp","href":"https:\/\/api.w.org\/{rel}","templated":true}]}}