{"id":18552,"date":"2018-06-29T07:04:34","date_gmt":"2018-06-29T11:04:34","guid":{"rendered":"http:\/\/blogdalucianaoliveira.com.br\/blog\/?p=18552"},"modified":"2018-06-29T07:04:34","modified_gmt":"2018-06-29T11:04:34","slug":"lacos-familiares-dominam-cena-politica-no-parana","status":"publish","type":"post","link":"http:\/\/blogdalucianaoliveira.com.br\/blog\/2018\/06\/29\/lacos-familiares-dominam-cena-politica-no-parana\/","title":{"rendered":"La\u00e7os familiares dominam cena pol\u00edtica no Paran\u00e1"},"content":{"rendered":"<p><img data-recalc-dims=\"1\" loading=\"lazy\" decoding=\"async\" data-attachment-id=\"18553\" data-permalink=\"http:\/\/blogdalucianaoliveira.com.br\/blog\/2018\/06\/29\/lacos-familiares-dominam-cena-politica-no-parana\/3d2856fe-c5c7-46cc-b277-2af2e94e93be\/\" data-orig-file=\"https:\/\/i0.wp.com\/blogdalucianaoliveira.com.br\/blog\/wp-content\/uploads\/2018\/06\/3D2856FE-C5C7-46CC-B277-2AF2E94E93BE.jpeg?fit=550%2C365\" data-orig-size=\"550,365\" data-comments-opened=\"0\" data-image-meta=\"{&quot;aperture&quot;:&quot;0&quot;,&quot;credit&quot;:&quot;&quot;,&quot;camera&quot;:&quot;&quot;,&quot;caption&quot;:&quot;&quot;,&quot;created_timestamp&quot;:&quot;0&quot;,&quot;copyright&quot;:&quot;&quot;,&quot;focal_length&quot;:&quot;0&quot;,&quot;iso&quot;:&quot;0&quot;,&quot;shutter_speed&quot;:&quot;0&quot;,&quot;title&quot;:&quot;&quot;,&quot;orientation&quot;:&quot;0&quot;}\" data-image-title=\"3D2856FE-C5C7-46CC-B277-2AF2E94E93BE\" data-image-description=\"\" data-image-caption=\"\" data-medium-file=\"https:\/\/i0.wp.com\/blogdalucianaoliveira.com.br\/blog\/wp-content\/uploads\/2018\/06\/3D2856FE-C5C7-46CC-B277-2AF2E94E93BE.jpeg?fit=300%2C199\" data-large-file=\"https:\/\/i0.wp.com\/blogdalucianaoliveira.com.br\/blog\/wp-content\/uploads\/2018\/06\/3D2856FE-C5C7-46CC-B277-2AF2E94E93BE.jpeg?fit=550%2C365\" class=\"alignnone size-full wp-image-18553\" src=\"https:\/\/i0.wp.com\/blogdalucianaoliveira.com.br\/blog\/wp-content\/uploads\/2018\/06\/3D2856FE-C5C7-46CC-B277-2AF2E94E93BE.jpeg?resize=550%2C365\" alt=\"3D2856FE-C5C7-46CC-B277-2AF2E94E93BE\" width=\"550\" height=\"365\" srcset=\"https:\/\/i0.wp.com\/blogdalucianaoliveira.com.br\/blog\/wp-content\/uploads\/2018\/06\/3D2856FE-C5C7-46CC-B277-2AF2E94E93BE.jpeg?w=550 550w, https:\/\/i0.wp.com\/blogdalucianaoliveira.com.br\/blog\/wp-content\/uploads\/2018\/06\/3D2856FE-C5C7-46CC-B277-2AF2E94E93BE.jpeg?resize=300%2C199 300w, https:\/\/i0.wp.com\/blogdalucianaoliveira.com.br\/blog\/wp-content\/uploads\/2018\/06\/3D2856FE-C5C7-46CC-B277-2AF2E94E93BE.jpeg?resize=452%2C300 452w\" sizes=\"auto, (max-width: 550px) 100vw, 550px\" \/><\/p>\n<p>Bancada dos herdeiros\u2019 ocupa 16 cadeiras na Assembleia; pol\u00edticos dizem que sobrenome ajuda<!--more--><\/p>\n<p>Katna Baran &#8211; O Estado de S. Paulo<\/p>\n<p>CURITIBA &#8211; \u201cPol\u00edtica no Paran\u00e1 \u00e9 assunto e neg\u00f3cio de poucas fam\u00edlias no poder\u201d, define o cientista pol\u00edtico Ricardo Oliveira, professor da Universidade Federal do Paran\u00e1 (UFPR), resumindo o cen\u00e1rio da pol\u00edtica no Estado. Desde o Pal\u00e1cio Igua\u00e7u, sede do governo estadual, passando pela Assembleia Legislativa e chegando at\u00e9 Bras\u00edlia, os mais variados la\u00e7os familiares unem os ocupantes de cargos eletivos.<\/p>\n<p>O ex-governador do Estado Beto Richa (PSDB) e Cida Borghetti (PP), sua vice e atual governadora, s\u00e3o exemplos emblem\u00e1ticos. Ele, filho do ex-governador Jos\u00e9 Richa, tem o filho Marcello Richa (PSDB) como pr\u00e9-candidato a deputado estadual. Ela \u00e9 mulher do ex-ministro da Sa\u00fade e deputado federal Ricardo Barros (PP), cujos pai e irm\u00e3o tamb\u00e9m s\u00e3o pol\u00edticos, e m\u00e3e de Maria Victoria (PP), que deve tentar a reelei\u00e7\u00e3o como deputada estadual. <\/p>\n<p>Entre outros ex-governadores, a liga\u00e7\u00e3o familiar se mant\u00e9m: o senador Roberto Requi\u00e3o (MDB) \u00e9 filho do ex-prefeito de Curitiba Wallace Thadeu de Mello e Silva e tem irm\u00e3os na pol\u00edtica. Filho de Roberto, Requi\u00e3o Filho (MDB), por sua vez, vai tentar a reelei\u00e7\u00e3o para a Assembleia Legislativa. O senador e ex-governador Alvaro Dias (Podemos), pr\u00e9-candidato \u00e0 Presid\u00eancia, tem o irm\u00e3o Osmar Dias (PDT) como postulante ao governo do Paran\u00e1.<\/p>\n<p>\u2018Vantagem indevida\u2019. Requi\u00e3o Filho admite que o sobrenome o ajudou na \u00faltima elei\u00e7\u00e3o e culpa o sistema pol\u00edtico pela manuten\u00e7\u00e3o de fam\u00edlias no poder. \u201cA reforma eleitoral infelizmente foi feita para manter o status quo. A gente tem uma vantagem indevida. Com uma campanha t\u00e3o curta, ter um nome e uma marca \u00e9 vantagem\u201d, afirma o parlamentar.<\/p>\n<p>J\u00e1 a deputada estadual Maria Victoria, que conquistou uma cadeira na Assembleia aos 22 anos, em 2014, disse ao Estado que n\u00e3o usa os sobrenomes dos pais e disse que a elei\u00e7\u00e3o n\u00e3o foi f\u00e1cil mesmo com a heran\u00e7a pol\u00edtica. \u201cTenho certeza que seria uma alavanca ter utilizado sobrenomes t\u00e3o conhecidos quanto os dos meus pais\u201d, afirma.<\/p>\n<p>Assembleia. Na Assembleia, a \u201cbancada dos herdeiros\u201d ocupa 16 cadeiras atualmente \u2013 quantidade maior que a de qualquer partido que comp\u00f5e a Casa, de 54 assentos. Todos os herdeiros v\u00e3o concorrer nas elei\u00e7\u00f5es deste ano, exceto Bernardo Ribas Carli (PSDB), filho do ex-prefeito e ex-deputado Fernando Ribas Carli (PP) e irm\u00e3o do ex-deputado estadual Ribas Carli Filho, que ainda n\u00e3o decidiu se vai concorrer. Dois dos herdeiros na Assembleia v\u00e3o tentar vaga na C\u00e2mara Federal e o restante disputar\u00e1 reelei\u00e7\u00e3o.<\/p>\n<p>Pedro Lupion \u00e9 um dos deputados estaduais que pretende se juntar aos tr\u00eas herdeiros pol\u00edticos do Estado que j\u00e1 ocupam cadeiras na C\u00e2mara Federal \u2013 e dever\u00e3o tentar reelei\u00e7\u00e3o. Bisneto do ex-governador do Paran\u00e1 Moys\u00e9s Lupion e filho do ex-deputado federal Abelardo Lupion, Pedro est\u00e1 no segundo mandato na Assembleia. \u201cA gente que cresce em casa pol\u00edtica acaba convivendo com isso no dia a dia. Mas acho que estou agora fazendo um protagonismo por conta pr\u00f3pria\u201d, disse ele ao Estado.<\/p>\n<p>Os pessebistas Alexandre Curi (neto do ex-deputado estadual An\u00edbal Khury) e Artag\u00e3o J\u00fanior (filho do ex-deputado estadual e atual conselheiro do Tribunal de Contas do Estado Artag\u00e3o de Mattos Le\u00e3o) est\u00e3o no quarto mandato na Assembleia. E Plauto Mir\u00f3 (DEM), neto do ex-senador Fl\u00e1vio Carvalho Guimar\u00e3es e filho do ex-prefeito de Ponta Grossa Plauto Mir\u00f3 Guimar\u00e3es, vai tentar a reelei\u00e7\u00e3o pela s\u00e9tima vez.<\/p>\n<p>Especialistas ouvidos pelo Estado afirmaram que a perpetua\u00e7\u00e3o das mesmas fam\u00edlias no poder no Paran\u00e1 n\u00e3o \u00e9 um fen\u00f4meno exclusivo do Estado e que vem aumentando, principalmente dentro do Legislativo. \u201cEssas candidaturas s\u00e3o pertencentes a um grupo detentor de mais recursos econ\u00f4micos, melhores redes pol\u00edticas, e possuem v\u00ednculos nos outros Poderes, como no Executivo e Judici\u00e1rio\u201d, afirma o cientista pol\u00edtico Ricardo Oliveira.<\/p>\n","protected":false},"excerpt":{"rendered":"<p>Bancada dos herdeiros\u2019 ocupa 16 cadeiras na Assembleia; pol\u00edticos dizem que sobrenome ajuda<\/p>\n","protected":false},"author":1,"featured_media":0,"comment_status":"closed","ping_status":"open","sticky":false,"template":"","format":"standard","meta":{"_exactmetrics_skip_tracking":false,"_exactmetrics_sitenote_active":false,"_exactmetrics_sitenote_note":"","_exactmetrics_sitenote_category":0,"jetpack_post_was_ever_published":false,"_jetpack_newsletter_access":"","_jetpack_dont_email_post_to_subs":false,"_jetpack_newsletter_tier_id":0,"_jetpack_memberships_contains_paywalled_content":false,"_jetpack_memberships_contains_paid_content":false,"footnotes":"","jetpack_publicize_message":"","jetpack_publicize_feature_enabled":true,"jetpack_social_post_already_shared":true,"jetpack_social_options":{"image_generator_settings":{"template":"highway","enabled":false},"version":2}},"categories":[1],"tags":[],"class_list":["post-18552","post","type-post","status-publish","format-standard","hentry","category-notas"],"jetpack_publicize_connections":[],"jetpack_sharing_enabled":true,"jetpack_featured_media_url":"","jetpack_shortlink":"https:\/\/wp.me\/p7wKYW-4Pe","jetpack-related-posts":[],"_links":{"self":[{"href":"http:\/\/blogdalucianaoliveira.com.br\/blog\/wp-json\/wp\/v2\/posts\/18552","targetHints":{"allow":["GET"]}}],"collection":[{"href":"http:\/\/blogdalucianaoliveira.com.br\/blog\/wp-json\/wp\/v2\/posts"}],"about":[{"href":"http:\/\/blogdalucianaoliveira.com.br\/blog\/wp-json\/wp\/v2\/types\/post"}],"author":[{"embeddable":true,"href":"http:\/\/blogdalucianaoliveira.com.br\/blog\/wp-json\/wp\/v2\/users\/1"}],"replies":[{"embeddable":true,"href":"http:\/\/blogdalucianaoliveira.com.br\/blog\/wp-json\/wp\/v2\/comments?post=18552"}],"version-history":[{"count":1,"href":"http:\/\/blogdalucianaoliveira.com.br\/blog\/wp-json\/wp\/v2\/posts\/18552\/revisions"}],"predecessor-version":[{"id":18554,"href":"http:\/\/blogdalucianaoliveira.com.br\/blog\/wp-json\/wp\/v2\/posts\/18552\/revisions\/18554"}],"wp:attachment":[{"href":"http:\/\/blogdalucianaoliveira.com.br\/blog\/wp-json\/wp\/v2\/media?parent=18552"}],"wp:term":[{"taxonomy":"category","embeddable":true,"href":"http:\/\/blogdalucianaoliveira.com.br\/blog\/wp-json\/wp\/v2\/categories?post=18552"},{"taxonomy":"post_tag","embeddable":true,"href":"http:\/\/blogdalucianaoliveira.com.br\/blog\/wp-json\/wp\/v2\/tags?post=18552"}],"curies":[{"name":"wp","href":"https:\/\/api.w.org\/{rel}","templated":true}]}}