{"id":18558,"date":"2018-07-02T07:49:42","date_gmt":"2018-07-02T11:49:42","guid":{"rendered":"http:\/\/blogdalucianaoliveira.com.br\/blog\/?p=18558"},"modified":"2018-07-02T07:49:42","modified_gmt":"2018-07-02T11:49:42","slug":"com-lopez-obrador-esquerda-chega-ao-poder-no-mexico-pela-primeira-vez","status":"publish","type":"post","link":"http:\/\/blogdalucianaoliveira.com.br\/blog\/2018\/07\/02\/com-lopez-obrador-esquerda-chega-ao-poder-no-mexico-pela-primeira-vez\/","title":{"rendered":"Com L\u00f3pez Obrador, esquerda chega ao poder no M\u00e9xico pela primeira vez"},"content":{"rendered":"<p><img data-recalc-dims=\"1\" loading=\"lazy\" decoding=\"async\" data-attachment-id=\"18559\" data-permalink=\"http:\/\/blogdalucianaoliveira.com.br\/blog\/2018\/07\/02\/com-lopez-obrador-esquerda-chega-ao-poder-no-mexico-pela-primeira-vez\/417263fe-620e-4746-aab8-52068280d68f\/\" data-orig-file=\"https:\/\/i0.wp.com\/blogdalucianaoliveira.com.br\/blog\/wp-content\/uploads\/2018\/07\/417263FE-620E-4746-AAB8-52068280D68F.jpeg?fit=768%2C510\" data-orig-size=\"768,510\" data-comments-opened=\"0\" data-image-meta=\"{&quot;aperture&quot;:&quot;0&quot;,&quot;credit&quot;:&quot;&quot;,&quot;camera&quot;:&quot;&quot;,&quot;caption&quot;:&quot;&quot;,&quot;created_timestamp&quot;:&quot;0&quot;,&quot;copyright&quot;:&quot;&quot;,&quot;focal_length&quot;:&quot;0&quot;,&quot;iso&quot;:&quot;0&quot;,&quot;shutter_speed&quot;:&quot;0&quot;,&quot;title&quot;:&quot;&quot;,&quot;orientation&quot;:&quot;0&quot;}\" data-image-title=\"417263FE-620E-4746-AAB8-52068280D68F\" data-image-description=\"\" data-image-caption=\"\" data-medium-file=\"https:\/\/i0.wp.com\/blogdalucianaoliveira.com.br\/blog\/wp-content\/uploads\/2018\/07\/417263FE-620E-4746-AAB8-52068280D68F.jpeg?fit=300%2C199\" data-large-file=\"https:\/\/i0.wp.com\/blogdalucianaoliveira.com.br\/blog\/wp-content\/uploads\/2018\/07\/417263FE-620E-4746-AAB8-52068280D68F.jpeg?fit=600%2C398\" src=\"https:\/\/i0.wp.com\/blogdalucianaoliveira.com.br\/blog\/wp-content\/uploads\/2018\/07\/417263FE-620E-4746-AAB8-52068280D68F.jpeg?resize=600%2C398\" alt=\"417263FE-620E-4746-AAB8-52068280D68F\" width=\"600\" height=\"398\" class=\"alignnone size-full wp-image-18559\" srcset=\"https:\/\/i0.wp.com\/blogdalucianaoliveira.com.br\/blog\/wp-content\/uploads\/2018\/07\/417263FE-620E-4746-AAB8-52068280D68F.jpeg?w=768 768w, https:\/\/i0.wp.com\/blogdalucianaoliveira.com.br\/blog\/wp-content\/uploads\/2018\/07\/417263FE-620E-4746-AAB8-52068280D68F.jpeg?resize=300%2C199 300w, https:\/\/i0.wp.com\/blogdalucianaoliveira.com.br\/blog\/wp-content\/uploads\/2018\/07\/417263FE-620E-4746-AAB8-52068280D68F.jpeg?resize=452%2C300 452w\" sizes=\"auto, (max-width: 600px) 100vw, 600px\" \/><\/p>\n<p>Da Deutsche-Welle Brasil &#8211; O esquerdista Andr\u00e9s Manuel L\u00f3pez Obrador, apelidado de AMLO por seus apoiadores, venceu com folga as elei\u00e7\u00f5es presidenciais do M\u00e9xico neste domingo (02\/07), segundo os primeiros dados oficiais. \u00c9 a primeira vez que a esquerda governar\u00e1 o pa\u00eds.<!--more--><\/p>\n<p>\u201cConvoco todos os mexicanos \u00e0 reconcilia\u00e7\u00e3o e a colocar acima dos interesses pessoais, por mais leg\u00edtimos que sejam, o interesse superior\u201d, declarou AMLO, logo ap\u00f3s aos primeiros resultados indicarem a sua vit\u00f3ria. Ele assumir\u00e1 a presid\u00eancia no dia 1\u00ba de dezembro.<\/p>\n<p>\u201cN\u00e3o vou decepcionar nem trair o povo\u201d, afirmou L\u00f3pez Obrador ao discursar num hotel no centro da Cidade do M\u00e9xico, reafirmando o compromisso de erradicar a corrup\u00e7\u00e3o e governar para os mais pobres.<\/p>\n<p>Com base nos primeiros n\u00fameros oficiais, AMLO dever\u00e1 obter entre 53% e 53,8% dos votos, bem \u00e0 frente do segundo colocado, o conservador Ricardo Anaya, do Partido de A\u00e7\u00e3o Nacional (PAN) (entre 22,1% e 22,8%) e do candidato governista do Partido Revolucion\u00e1rio Institucional (PRI), Jos\u00e9 Antonio Meade, que dever\u00e1 ter entre 15,7% e 16,3%.<\/p>\n<p>Os demais candidatos reconheceram a vit\u00f3ria do esquerdista, que encabe\u00e7a a coliga\u00e7\u00e3o liderada pelo Movimento Regenera\u00e7\u00e3o Nacional (Morena). N\u00e3o h\u00e1 segundo turno nas elei\u00e7\u00f5es mexicanas.<\/p>\n<p>O presidente mexicano, Enrique Pe\u00f1a Nieto, disse ter conversado com Amlo para oferecer sua contribui\u00e7\u00e3o e parabeniz\u00e1-lo pela vit\u00f3ria. \u201cSua equipe de trabalho contar\u00e1 com a colabora\u00e7\u00e3o do governo da Rep\u00fablica para uma transi\u00e7\u00e3o ordenada e eficiente\u201d, disse.<\/p>\n<p>(\u2026)<\/p>\n","protected":false},"excerpt":{"rendered":"<p>Da Deutsche-Welle Brasil &#8211; O esquerdista Andr\u00e9s Manuel L\u00f3pez Obrador, apelidado de AMLO por seus apoiadores, venceu com folga as elei\u00e7\u00f5es presidenciais do M\u00e9xico neste domingo (02\/07), segundo os primeiros dados oficiais. \u00c9 a primeira vez que a esquerda governar\u00e1 o pa\u00eds.<\/p>\n","protected":false},"author":1,"featured_media":0,"comment_status":"closed","ping_status":"open","sticky":false,"template":"","format":"standard","meta":{"_exactmetrics_skip_tracking":false,"_exactmetrics_sitenote_active":false,"_exactmetrics_sitenote_note":"","_exactmetrics_sitenote_category":0,"jetpack_post_was_ever_published":false,"_jetpack_newsletter_access":"","_jetpack_dont_email_post_to_subs":false,"_jetpack_newsletter_tier_id":0,"_jetpack_memberships_contains_paywalled_content":false,"_jetpack_memberships_contains_paid_content":false,"footnotes":"","jetpack_publicize_message":"","jetpack_publicize_feature_enabled":true,"jetpack_social_post_already_shared":true,"jetpack_social_options":{"image_generator_settings":{"template":"highway","enabled":false},"version":2}},"categories":[1],"tags":[],"class_list":["post-18558","post","type-post","status-publish","format-standard","hentry","category-notas"],"jetpack_publicize_connections":[],"jetpack_sharing_enabled":true,"jetpack_featured_media_url":"","jetpack_shortlink":"https:\/\/wp.me\/p7wKYW-4Pk","jetpack-related-posts":[],"_links":{"self":[{"href":"http:\/\/blogdalucianaoliveira.com.br\/blog\/wp-json\/wp\/v2\/posts\/18558","targetHints":{"allow":["GET"]}}],"collection":[{"href":"http:\/\/blogdalucianaoliveira.com.br\/blog\/wp-json\/wp\/v2\/posts"}],"about":[{"href":"http:\/\/blogdalucianaoliveira.com.br\/blog\/wp-json\/wp\/v2\/types\/post"}],"author":[{"embeddable":true,"href":"http:\/\/blogdalucianaoliveira.com.br\/blog\/wp-json\/wp\/v2\/users\/1"}],"replies":[{"embeddable":true,"href":"http:\/\/blogdalucianaoliveira.com.br\/blog\/wp-json\/wp\/v2\/comments?post=18558"}],"version-history":[{"count":1,"href":"http:\/\/blogdalucianaoliveira.com.br\/blog\/wp-json\/wp\/v2\/posts\/18558\/revisions"}],"predecessor-version":[{"id":18562,"href":"http:\/\/blogdalucianaoliveira.com.br\/blog\/wp-json\/wp\/v2\/posts\/18558\/revisions\/18562"}],"wp:attachment":[{"href":"http:\/\/blogdalucianaoliveira.com.br\/blog\/wp-json\/wp\/v2\/media?parent=18558"}],"wp:term":[{"taxonomy":"category","embeddable":true,"href":"http:\/\/blogdalucianaoliveira.com.br\/blog\/wp-json\/wp\/v2\/categories?post=18558"},{"taxonomy":"post_tag","embeddable":true,"href":"http:\/\/blogdalucianaoliveira.com.br\/blog\/wp-json\/wp\/v2\/tags?post=18558"}],"curies":[{"name":"wp","href":"https:\/\/api.w.org\/{rel}","templated":true}]}}