{"id":18565,"date":"2018-07-02T09:02:07","date_gmt":"2018-07-02T13:02:07","guid":{"rendered":"http:\/\/blogdalucianaoliveira.com.br\/blog\/?p=18565"},"modified":"2018-07-02T09:02:07","modified_gmt":"2018-07-02T13:02:07","slug":"lopez-obrador-e-eleito-presidente-do-mexico-com-maior-respaldo-popular-da-historia","status":"publish","type":"post","link":"http:\/\/blogdalucianaoliveira.com.br\/blog\/2018\/07\/02\/lopez-obrador-e-eleito-presidente-do-mexico-com-maior-respaldo-popular-da-historia\/","title":{"rendered":"L\u00f3pez Obrador \u00e9 eleito presidente do M\u00e9xico com maior respaldo popular da hist\u00f3ria"},"content":{"rendered":"<p><img data-recalc-dims=\"1\" loading=\"lazy\" decoding=\"async\" data-attachment-id=\"18566\" data-permalink=\"http:\/\/blogdalucianaoliveira.com.br\/blog\/2018\/07\/02\/lopez-obrador-e-eleito-presidente-do-mexico-com-maior-respaldo-popular-da-historia\/lop\/\" data-orig-file=\"https:\/\/i0.wp.com\/blogdalucianaoliveira.com.br\/blog\/wp-content\/uploads\/2018\/07\/lop.jpg?fit=1960%2C1099\" data-orig-size=\"1960,1099\" data-comments-opened=\"0\" data-image-meta=\"{&quot;aperture&quot;:&quot;0&quot;,&quot;credit&quot;:&quot;&quot;,&quot;camera&quot;:&quot;&quot;,&quot;caption&quot;:&quot;&quot;,&quot;created_timestamp&quot;:&quot;0&quot;,&quot;copyright&quot;:&quot;&quot;,&quot;focal_length&quot;:&quot;0&quot;,&quot;iso&quot;:&quot;0&quot;,&quot;shutter_speed&quot;:&quot;0&quot;,&quot;title&quot;:&quot;&quot;,&quot;orientation&quot;:&quot;0&quot;}\" data-image-title=\"lop\" data-image-description=\"\" data-image-caption=\"\" data-medium-file=\"https:\/\/i0.wp.com\/blogdalucianaoliveira.com.br\/blog\/wp-content\/uploads\/2018\/07\/lop.jpg?fit=300%2C168\" data-large-file=\"https:\/\/i0.wp.com\/blogdalucianaoliveira.com.br\/blog\/wp-content\/uploads\/2018\/07\/lop.jpg?fit=600%2C336\" src=\"https:\/\/i0.wp.com\/blogdalucianaoliveira.com.br\/blog\/wp-content\/uploads\/2018\/07\/lop.jpg?resize=600%2C336\" alt=\"lop\" width=\"600\" height=\"336\" class=\"alignnone size-full wp-image-18566\" srcset=\"https:\/\/i0.wp.com\/blogdalucianaoliveira.com.br\/blog\/wp-content\/uploads\/2018\/07\/lop.jpg?w=1960 1960w, https:\/\/i0.wp.com\/blogdalucianaoliveira.com.br\/blog\/wp-content\/uploads\/2018\/07\/lop.jpg?resize=300%2C168 300w, https:\/\/i0.wp.com\/blogdalucianaoliveira.com.br\/blog\/wp-content\/uploads\/2018\/07\/lop.jpg?resize=768%2C431 768w, https:\/\/i0.wp.com\/blogdalucianaoliveira.com.br\/blog\/wp-content\/uploads\/2018\/07\/lop.jpg?resize=1024%2C574 1024w, https:\/\/i0.wp.com\/blogdalucianaoliveira.com.br\/blog\/wp-content\/uploads\/2018\/07\/lop.jpg?resize=535%2C300 535w, https:\/\/i0.wp.com\/blogdalucianaoliveira.com.br\/blog\/wp-content\/uploads\/2018\/07\/lop.jpg?w=1200 1200w, https:\/\/i0.wp.com\/blogdalucianaoliveira.com.br\/blog\/wp-content\/uploads\/2018\/07\/lop.jpg?w=1800 1800w\" sizes=\"auto, (max-width: 600px) 100vw, 600px\" \/><\/p>\n<p>Elei\u00e7\u00e3o do l\u00edder social representa um tsunami pol\u00edtico em um pa\u00eds que exige mudan\u00e7a de regime ap\u00f3s duas d\u00e9cadas de altern\u00e2ncia entre os principais partidos<!--more--><\/p>\n<p>No El Pa\u00eds<\/p>\n<p>Andr\u00e9s Manuel L\u00f3pez Obrador, tamb\u00e9m conhecido pelas iniciais AMLO, ser\u00e1 o novo presidente do M\u00e9xico. Pela primeira vez, um pol\u00edtico com experi\u00eancia como l\u00edder social e olhar voltado para a esquerda governar\u00e1 o mais populoso pa\u00eds de l\u00edngua espanhola, a segunda maior economia da Am\u00e9rica Latina, o vizinho meridional da grande pot\u00eancia mundial. Segundo a apura\u00e7\u00e3o preliminar do Instituto Nacional Eleitoral, ele obteve entre 53% e 53,8% dos votos, bem \u00e0 frente de Ricardo Anaya (22%-22,8%) e Jos\u00e9 Antonio Meade (15,7%-16,3%). Em outras palavras: L\u00f3pez Obrador ser\u00e1 o presidente com maior respaldo na hist\u00f3ria do M\u00e9xico. N\u00e3o foi preciso nem esperar os resultados oficiais. Depois da divulga\u00e7\u00e3o das pesquisas de boca de urna, seus dois rivais reconheceram a derrota e parabenizaram o vencedor. O M\u00e9xico escolheu n\u00e3o s\u00f3 um presidente, mas tamb\u00e9m um futuro diferente. A vit\u00f3ria significa um tsunami pol\u00edtico. O Morena, partido de L\u00f3pez Obrador, governar\u00e1 tamb\u00e9m a Cidade do M\u00e9xico e obt\u00e9m o poder em v\u00e1rios Estados. Se h\u00e1 18 anos o pa\u00eds decidiu p\u00f4r fim \u00e0 hegemonia de sete d\u00e9cadas do PRI, agora exige uma transi\u00e7\u00e3o, uma mudan\u00e7a de regime ap\u00f3s duas d\u00e9cadas de altern\u00e2ncia entre os partidos tradicionais.<\/p>\n<p>O triunfo de L\u00f3pez Obrador \u00e9 a constata\u00e7\u00e3o de que o pa\u00eds exige aos gritos uma mudan\u00e7a. O esgotamento e a irrita\u00e7\u00e3o com o sistema atual falaram mais alto que qualquer outro fator. O eleitorado do M\u00e9xico d\u00e1 uma chance a AMLO ap\u00f3s fechar-lhe a porta em duas ocasi\u00f5es. Aos 64 anos, o l\u00edder do Morena promete uma transforma\u00e7\u00e3o hist\u00f3rica \u00e0 altura da Independ\u00eancia (1821), da Reforma (1857-61) e da Revolu\u00e7\u00e3o (1910). Mas a partir de agora, as propostas grandiloquentes precisar\u00e3o ser estacionadas. L\u00f3pez Obrador ter\u00e1 de especificar como acabar\u00e1 com a corrup\u00e7\u00e3o, indo al\u00e9m de uma vaga promessa de honestidade, e definir um plano para reduzir os n\u00edveis de viol\u00eancia.<\/p>\n<p>Neste domingo, o M\u00e9xico deu as costas ao legado de Enrique Pe\u00f1a Nieto, encarnado no candidato Jos\u00e9 Antonio Meade, e recha\u00e7ou a mudan\u00e7a que Ricardo Anaya propunha. Foi um resultado esmagador, numa jornada democr\u00e1tica como poucas na lembran\u00e7a deste pa\u00eds: quase sem incidentes e sem acusa\u00e7\u00f5es m\u00fatuas de fraude. Uma tranquilidade at\u00e9 espantosa, em compara\u00e7\u00e3o ao turbulento cotidiano do M\u00e9xico.<\/p>\n<p>Um dos maiores desafios de L\u00f3pez Obrador at\u00e9 1\u00ba. de dezembro, quando tomar\u00e1 posse \u2013 cinco longos meses de transi\u00e7\u00e3o \u2013 ser\u00e1 superar a polariza\u00e7\u00e3o gerada durante uma campanha eleitoral tensa. Sua figura, apesar de contar agora com um respaldo muito maior do que nas duas primeiras tentativas, continua sendo motivo de confronta\u00e7\u00e3o. O l\u00edder do Morena soube incorporar cr\u00edticos ao seu projeto, mas continua tendo furiosos detratores que n\u00e3o confiam nele. Consideram que a aparente modera\u00e7\u00e3o do seu discurso \u00e9 uma fachada. Se durante a campanha ele conseguiu eliminar a ideia de que seria um perigo para o M\u00e9xico, a partir de agora dever\u00e1 mostrar que governar\u00e1 para todos os mexicanos, desmentindo aqueles que veem nele o fantasma do autoritarismo. Em seu primeiro pronunciamento depois da vit\u00f3ria, L\u00f3pez Obrador defendeu \u201ca reconcilia\u00e7\u00e3o de todos os mexicanos\u201d, ao mesmo tempo em que lan\u00e7ou uma mensagem de tranquilidade para os investidores e o empresariado.<\/p>\n<p>A contundente vit\u00f3ria de L\u00f3pez Obrador, ligado a uma agremia\u00e7\u00e3o fundada especificamente para esta elei\u00e7\u00e3o, deixa o sistema partid\u00e1rio mexicano de pernas para o ar. Desde 1988 a pol\u00edtica do pa\u00eds girava principalmente em torno do hegem\u00f4nico Partido da Revolu\u00e7\u00e3o Institucional (PRI), ladeado pelo conservador Partido A\u00e7\u00e3o Nacional (PAN) e pelo progressista Partido da Revolu\u00e7\u00e3o Democr\u00e1tica (PRD). Tudo isso pode agora ser reduzido a cinzas. A vit\u00f3ria do l\u00edder do Morena \u00e9 t\u00e3o significativa quanto a derrota do resto dos partidos. A irrup\u00e7\u00e3o do Morena como principal for\u00e7a no Congresso p\u00f5e a esquerda perante um enorme desafio, pois esse triunfo foi obtido em coaliz\u00e3o com um partido, o Encontro Social, que fica no polo ideol\u00f3gico oposto. Essa pequena forma\u00e7\u00e3o evang\u00e9lica se prepara para ter um peso parlamentar com o qual jamais havia sonhado.<\/p>\n<p>Mais incerto ser\u00e1 o caminho para o PRI e o PAN. O primeiro n\u00e3o s\u00f3 deixar\u00e1 o Executivo em 1\u00ba. de dezembro como tamb\u00e9m ter\u00e1 de digerir o mau resultado de Meade e a mais que previs\u00edvel perda de poder em n\u00edvel local. Com isso, o partido que est\u00e1 h\u00e1 d\u00e9cadas no imagin\u00e1rio de todos os mexicanos ter\u00e1 de iniciar uma travessia pelo deserto. Nunca antes o PRI se viu frente a este cen\u00e1rio. A aposta em Meade, um tecnocrata com ampla trajet\u00f3ria no Governo, com quem Pe\u00f1a Nieto esperava conter o desgaste da sua administra\u00e7\u00e3o e do seu partido, acabou sendo um fiasco. O \u00f4nus era pesado demais. Al\u00e9m disso, as divis\u00f5es internas tornaram invi\u00e1vel esta campanha condenada ao fracasso desde o in\u00edcio.<\/p>\n<p>O final de mandato marcado pela viol\u00eancia e a corrup\u00e7\u00e3o, junto com os resultados desta elei\u00e7\u00e3o, complicam fortemente a imagem do atual presidente \u2013 ainda passar\u00e1 cinco meses no cargo \u2013 e deixa muito fragilizado o grupo que o apoiou ao longo destes seis anos. Espalha-se entre muitos dirigentes do chamado velho PRI o temor de que, se n\u00e3o houver uma r\u00e1pida transi\u00e7\u00e3o de poder no partido, a estrutura poder\u00e1 ser absorvida pela ascens\u00e3o do Morena.<\/p>\n<p>O futuro da direita tampouco \u00e9 muito alentador. O PAN se v\u00ea agora numa encruzilhada. Ricardo Anaya condiciona seu capital pol\u00edtico ao sucesso da Frente, uma alian\u00e7a com a esquerda, que ele articulou como presidente da agremia\u00e7\u00e3o conservadora. A aposta, por\u00e9m, gerou uma divis\u00e3o no PAN. Os advers\u00e1rios internos do candidato consideram que, se tivesse se lan\u00e7ado sozinho, o tradicional partido mexicano de oposi\u00e7\u00e3o teria tido mais chances de enfrentar L\u00f3pez Obrador. Os gestos contra Anaya se multiplicaram desde o momento da sua indica\u00e7\u00e3o. Tamb\u00e9m a dire\u00e7\u00e3o do PAN se mobilizou quanto a isso. Horas antes da elei\u00e7\u00e3o, a forma\u00e7\u00e3o expulsou v\u00e1rios dirigentes outrora relevantes, o que muitos interpretaram como a aceita\u00e7\u00e3o antecipada da derrota, um esfor\u00e7o em conter uma crise que parece ser inevit\u00e1vel.<\/p>\n<p>O M\u00e9xico vive uma nova era a partir desta segunda-feira. Um desafio que transcende um pa\u00eds de 120 milh\u00f5es de pessoas, que decidiu abrir as portas do poder \u00e0 esquerda.<\/p>\n","protected":false},"excerpt":{"rendered":"<p>Elei\u00e7\u00e3o do l\u00edder social representa um tsunami pol\u00edtico em um pa\u00eds que exige mudan\u00e7a de regime ap\u00f3s duas d\u00e9cadas de altern\u00e2ncia entre os principais partidos<\/p>\n","protected":false},"author":1,"featured_media":0,"comment_status":"closed","ping_status":"open","sticky":false,"template":"","format":"standard","meta":{"_exactmetrics_skip_tracking":false,"_exactmetrics_sitenote_active":false,"_exactmetrics_sitenote_note":"","_exactmetrics_sitenote_category":0,"jetpack_post_was_ever_published":false,"_jetpack_newsletter_access":"","_jetpack_dont_email_post_to_subs":false,"_jetpack_newsletter_tier_id":0,"_jetpack_memberships_contains_paywalled_content":false,"_jetpack_memberships_contains_paid_content":false,"footnotes":"","jetpack_publicize_message":"","jetpack_publicize_feature_enabled":true,"jetpack_social_post_already_shared":true,"jetpack_social_options":{"image_generator_settings":{"template":"highway","enabled":false},"version":2}},"categories":[1],"tags":[],"class_list":["post-18565","post","type-post","status-publish","format-standard","hentry","category-notas"],"jetpack_publicize_connections":[],"jetpack_sharing_enabled":true,"jetpack_featured_media_url":"","jetpack_shortlink":"https:\/\/wp.me\/p7wKYW-4Pr","jetpack-related-posts":[],"_links":{"self":[{"href":"http:\/\/blogdalucianaoliveira.com.br\/blog\/wp-json\/wp\/v2\/posts\/18565","targetHints":{"allow":["GET"]}}],"collection":[{"href":"http:\/\/blogdalucianaoliveira.com.br\/blog\/wp-json\/wp\/v2\/posts"}],"about":[{"href":"http:\/\/blogdalucianaoliveira.com.br\/blog\/wp-json\/wp\/v2\/types\/post"}],"author":[{"embeddable":true,"href":"http:\/\/blogdalucianaoliveira.com.br\/blog\/wp-json\/wp\/v2\/users\/1"}],"replies":[{"embeddable":true,"href":"http:\/\/blogdalucianaoliveira.com.br\/blog\/wp-json\/wp\/v2\/comments?post=18565"}],"version-history":[{"count":1,"href":"http:\/\/blogdalucianaoliveira.com.br\/blog\/wp-json\/wp\/v2\/posts\/18565\/revisions"}],"predecessor-version":[{"id":18567,"href":"http:\/\/blogdalucianaoliveira.com.br\/blog\/wp-json\/wp\/v2\/posts\/18565\/revisions\/18567"}],"wp:attachment":[{"href":"http:\/\/blogdalucianaoliveira.com.br\/blog\/wp-json\/wp\/v2\/media?parent=18565"}],"wp:term":[{"taxonomy":"category","embeddable":true,"href":"http:\/\/blogdalucianaoliveira.com.br\/blog\/wp-json\/wp\/v2\/categories?post=18565"},{"taxonomy":"post_tag","embeddable":true,"href":"http:\/\/blogdalucianaoliveira.com.br\/blog\/wp-json\/wp\/v2\/tags?post=18565"}],"curies":[{"name":"wp","href":"https:\/\/api.w.org\/{rel}","templated":true}]}}