{"id":18571,"date":"2018-07-02T09:19:39","date_gmt":"2018-07-02T13:19:39","guid":{"rendered":"http:\/\/blogdalucianaoliveira.com.br\/blog\/?p=18571"},"modified":"2018-07-02T09:19:39","modified_gmt":"2018-07-02T13:19:39","slug":"recursos-recebidos-por-candidatas-mulheres-deverao-ser-utilizados-no-interesse-de-suas-proprias-campanhas","status":"publish","type":"post","link":"http:\/\/blogdalucianaoliveira.com.br\/blog\/2018\/07\/02\/recursos-recebidos-por-candidatas-mulheres-deverao-ser-utilizados-no-interesse-de-suas-proprias-campanhas\/","title":{"rendered":"Recursos recebidos por candidatas mulheres dever\u00e3o ser utilizados no interesse de suas pr\u00f3prias campanhas"},"content":{"rendered":"<p><img data-recalc-dims=\"1\" loading=\"lazy\" decoding=\"async\" data-attachment-id=\"18572\" data-permalink=\"http:\/\/blogdalucianaoliveira.com.br\/blog\/2018\/07\/02\/recursos-recebidos-por-candidatas-mulheres-deverao-ser-utilizados-no-interesse-de-suas-proprias-campanhas\/tse1\/\" data-orig-file=\"https:\/\/i0.wp.com\/blogdalucianaoliveira.com.br\/blog\/wp-content\/uploads\/2018\/07\/tse1.jpg?fit=845%2C500\" data-orig-size=\"845,500\" data-comments-opened=\"0\" data-image-meta=\"{&quot;aperture&quot;:&quot;0&quot;,&quot;credit&quot;:&quot;&quot;,&quot;camera&quot;:&quot;&quot;,&quot;caption&quot;:&quot;&quot;,&quot;created_timestamp&quot;:&quot;0&quot;,&quot;copyright&quot;:&quot;&quot;,&quot;focal_length&quot;:&quot;0&quot;,&quot;iso&quot;:&quot;0&quot;,&quot;shutter_speed&quot;:&quot;0&quot;,&quot;title&quot;:&quot;&quot;,&quot;orientation&quot;:&quot;1&quot;}\" data-image-title=\"tse1\" data-image-description=\"\" data-image-caption=\"\" data-medium-file=\"https:\/\/i0.wp.com\/blogdalucianaoliveira.com.br\/blog\/wp-content\/uploads\/2018\/07\/tse1.jpg?fit=300%2C178\" data-large-file=\"https:\/\/i0.wp.com\/blogdalucianaoliveira.com.br\/blog\/wp-content\/uploads\/2018\/07\/tse1.jpg?fit=600%2C355\" src=\"https:\/\/i0.wp.com\/blogdalucianaoliveira.com.br\/blog\/wp-content\/uploads\/2018\/07\/tse1.jpg?resize=600%2C355\" alt=\"tse1\" width=\"600\" height=\"355\" class=\"alignnone size-full wp-image-18572\" srcset=\"https:\/\/i0.wp.com\/blogdalucianaoliveira.com.br\/blog\/wp-content\/uploads\/2018\/07\/tse1.jpg?w=845 845w, https:\/\/i0.wp.com\/blogdalucianaoliveira.com.br\/blog\/wp-content\/uploads\/2018\/07\/tse1.jpg?resize=300%2C178 300w, https:\/\/i0.wp.com\/blogdalucianaoliveira.com.br\/blog\/wp-content\/uploads\/2018\/07\/tse1.jpg?resize=768%2C454 768w, https:\/\/i0.wp.com\/blogdalucianaoliveira.com.br\/blog\/wp-content\/uploads\/2018\/07\/tse1.jpg?resize=507%2C300 507w\" sizes=\"auto, (max-width: 600px) 100vw, 600px\" \/><\/p>\n<p>TSE &#8211; Os recursos destinados pela Justi\u00e7a Eleitoral \u00e0s campanhas de mulheres devem ser usados no interesse delas. Fica, assim, proibido o emprego desses recursos, no todo ou em parte, para financiar candidaturas masculinas, quando n\u00e3o houver benef\u00edcio para as campanhas femininas. A proposta do ministro Lu\u00eds Roberto Barroso foi apresentada na quinta-feira (28), na sess\u00e3o plen\u00e1ria do Tribunal Superior Eleitoral (TSE), e acolhida por unanimidade pelos demais integrantes da Corte.<!--more--><\/p>\n<p>A ideia, segundo o ministro Barroso, n\u00e3o \u00e9 impedir o pagamento de despesas comuns nas chamadas \u201cdobradinhas\u201d com candidatos, nem engessar as campanhas femininas, mas impedir o desvirtuamento das cotas de g\u00eanero. <\/p>\n<p>Com a decis\u00e3o, a resolu\u00e7\u00e3o que trata sobre arrecada\u00e7\u00e3o e gastos de recursos por partidos pol\u00edticos e candidatos (Resolu\u00e7\u00e3o 23.553\/2018) ganhar\u00e1 um dispositivo espec\u00edfico sobre a nova determina\u00e7\u00e3o. O ministro Barroso disse que, caso n\u00e3o fosse estabelecida essa regra, seriam criadas brechas para fraudes.<\/p>\n<p>Em maio, o Plen\u00e1rio TSE confirmou que os partidos pol\u00edticos dever\u00e3o reservar pelo menos 30% dos recursos do Fundo Especial de Financiamento de Campanha, conhecido como Fundo Eleitoral, para financiar candidaturas femininas. Os ministros tamb\u00e9m entenderam que o mesmo percentual deve ser considerado em rela\u00e7\u00e3o ao tempo destinado \u00e0 propaganda eleitoral gratuita no r\u00e1dio e na TV.<\/p>\n<p>A Corte decidiu ainda que, na hip\u00f3tese de percentual de candidaturas superior ao m\u00ednimo de 30%, o repasse dos recursos do Fundo e a distribui\u00e7\u00e3o do tempo de propaganda devem ocorrer na mesma propor\u00e7\u00e3o.<\/p>\n<p>A decis\u00e3o un\u00e2nime veio em resposta \u00e0 consulta formulada por um grupo de 14 parlamentares, 8 senadoras e 6 deputadas federais. Elas indagaram se a parcela de financiamento destinada a campanhas femininas e o tempo de r\u00e1dio e TV deveriam seguir o m\u00ednimo de 30% previsto nas chamadas cotas de g\u00eanero. O percentual corresponde \u00e0 propor\u00e7\u00e3o m\u00ednima obrigat\u00f3ria de candidaturas femininas por cada partido, segundo a Lei das Elei\u00e7\u00f5es (Lei n\u00ba 9.504\/97).<\/p>\n<p>O questionamento aos ministros do TSE levou em conta o que foi estabelecido em recente decis\u00e3o do Supremo Tribunal Federal (STF). No julgamento da ADI 5617, a Corte Constitucional determinou que fossem destinados pelo menos 30% dos recursos do Fundo Partid\u00e1rio \u00e0s campanhas de candidatas, sem fixar percentual m\u00e1ximo.<\/p>\n","protected":false},"excerpt":{"rendered":"<p>TSE &#8211; Os recursos destinados pela Justi\u00e7a Eleitoral \u00e0s campanhas de mulheres devem ser usados no interesse delas. Fica, assim, proibido o emprego desses recursos, no todo ou em parte, para financiar candidaturas masculinas, quando n\u00e3o houver benef\u00edcio para as campanhas femininas. A proposta do ministro Lu\u00eds Roberto Barroso foi apresentada na quinta-feira (28), na&#8230;<a class=\"more-link\" href=\"http:\/\/blogdalucianaoliveira.com.br\/blog\/2018\/07\/02\/recursos-recebidos-por-candidatas-mulheres-deverao-ser-utilizados-no-interesse-de-suas-proprias-campanhas\/\">Continue a leitura <span class=\"meta-nav\">&raquo;<\/span><\/a><\/p>\n","protected":false},"author":1,"featured_media":0,"comment_status":"closed","ping_status":"open","sticky":false,"template":"","format":"standard","meta":{"_exactmetrics_skip_tracking":false,"_exactmetrics_sitenote_active":false,"_exactmetrics_sitenote_note":"","_exactmetrics_sitenote_category":0,"jetpack_post_was_ever_published":false,"_jetpack_newsletter_access":"","_jetpack_dont_email_post_to_subs":false,"_jetpack_newsletter_tier_id":0,"_jetpack_memberships_contains_paywalled_content":false,"_jetpack_memberships_contains_paid_content":false,"footnotes":"","jetpack_publicize_message":"","jetpack_publicize_feature_enabled":true,"jetpack_social_post_already_shared":true,"jetpack_social_options":{"image_generator_settings":{"template":"highway","enabled":false},"version":2}},"categories":[1],"tags":[],"class_list":["post-18571","post","type-post","status-publish","format-standard","hentry","category-notas"],"jetpack_publicize_connections":[],"jetpack_sharing_enabled":true,"jetpack_featured_media_url":"","jetpack_shortlink":"https:\/\/wp.me\/p7wKYW-4Px","jetpack-related-posts":[],"_links":{"self":[{"href":"http:\/\/blogdalucianaoliveira.com.br\/blog\/wp-json\/wp\/v2\/posts\/18571","targetHints":{"allow":["GET"]}}],"collection":[{"href":"http:\/\/blogdalucianaoliveira.com.br\/blog\/wp-json\/wp\/v2\/posts"}],"about":[{"href":"http:\/\/blogdalucianaoliveira.com.br\/blog\/wp-json\/wp\/v2\/types\/post"}],"author":[{"embeddable":true,"href":"http:\/\/blogdalucianaoliveira.com.br\/blog\/wp-json\/wp\/v2\/users\/1"}],"replies":[{"embeddable":true,"href":"http:\/\/blogdalucianaoliveira.com.br\/blog\/wp-json\/wp\/v2\/comments?post=18571"}],"version-history":[{"count":1,"href":"http:\/\/blogdalucianaoliveira.com.br\/blog\/wp-json\/wp\/v2\/posts\/18571\/revisions"}],"predecessor-version":[{"id":18573,"href":"http:\/\/blogdalucianaoliveira.com.br\/blog\/wp-json\/wp\/v2\/posts\/18571\/revisions\/18573"}],"wp:attachment":[{"href":"http:\/\/blogdalucianaoliveira.com.br\/blog\/wp-json\/wp\/v2\/media?parent=18571"}],"wp:term":[{"taxonomy":"category","embeddable":true,"href":"http:\/\/blogdalucianaoliveira.com.br\/blog\/wp-json\/wp\/v2\/categories?post=18571"},{"taxonomy":"post_tag","embeddable":true,"href":"http:\/\/blogdalucianaoliveira.com.br\/blog\/wp-json\/wp\/v2\/tags?post=18571"}],"curies":[{"name":"wp","href":"https:\/\/api.w.org\/{rel}","templated":true}]}}