{"id":18574,"date":"2018-07-03T11:00:04","date_gmt":"2018-07-03T15:00:04","guid":{"rendered":"http:\/\/blogdalucianaoliveira.com.br\/blog\/?p=18574"},"modified":"2018-07-03T11:00:04","modified_gmt":"2018-07-03T15:00:04","slug":"deixem-nas-brilhar","status":"publish","type":"post","link":"http:\/\/blogdalucianaoliveira.com.br\/blog\/2018\/07\/03\/deixem-nas-brilhar\/","title":{"rendered":"DEIXEM-NAS BRILHAR"},"content":{"rendered":"<p><img data-recalc-dims=\"1\" loading=\"lazy\" decoding=\"async\" data-attachment-id=\"18575\" data-permalink=\"http:\/\/blogdalucianaoliveira.com.br\/blog\/2018\/07\/03\/deixem-nas-brilhar\/people-2575608\/\" data-orig-file=\"https:\/\/i0.wp.com\/blogdalucianaoliveira.com.br\/blog\/wp-content\/uploads\/2018\/07\/people-2575608.jpg?fit=1024%2C678\" data-orig-size=\"1024,678\" data-comments-opened=\"0\" data-image-meta=\"{&quot;aperture&quot;:&quot;0&quot;,&quot;credit&quot;:&quot;&quot;,&quot;camera&quot;:&quot;&quot;,&quot;caption&quot;:&quot;&quot;,&quot;created_timestamp&quot;:&quot;0&quot;,&quot;copyright&quot;:&quot;&quot;,&quot;focal_length&quot;:&quot;0&quot;,&quot;iso&quot;:&quot;0&quot;,&quot;shutter_speed&quot;:&quot;0&quot;,&quot;title&quot;:&quot;&quot;,&quot;orientation&quot;:&quot;0&quot;}\" data-image-title=\"people-2575608\" data-image-description=\"\" data-image-caption=\"\" data-medium-file=\"https:\/\/i0.wp.com\/blogdalucianaoliveira.com.br\/blog\/wp-content\/uploads\/2018\/07\/people-2575608.jpg?fit=300%2C199\" data-large-file=\"https:\/\/i0.wp.com\/blogdalucianaoliveira.com.br\/blog\/wp-content\/uploads\/2018\/07\/people-2575608.jpg?fit=600%2C397\" class=\"alignnone size-full wp-image-18575\" src=\"https:\/\/i0.wp.com\/blogdalucianaoliveira.com.br\/blog\/wp-content\/uploads\/2018\/07\/people-2575608.jpg?resize=600%2C397\" alt=\"people-2575608\" width=\"600\" height=\"397\" srcset=\"https:\/\/i0.wp.com\/blogdalucianaoliveira.com.br\/blog\/wp-content\/uploads\/2018\/07\/people-2575608.jpg?w=1024 1024w, https:\/\/i0.wp.com\/blogdalucianaoliveira.com.br\/blog\/wp-content\/uploads\/2018\/07\/people-2575608.jpg?resize=300%2C199 300w, https:\/\/i0.wp.com\/blogdalucianaoliveira.com.br\/blog\/wp-content\/uploads\/2018\/07\/people-2575608.jpg?resize=768%2C509 768w, https:\/\/i0.wp.com\/blogdalucianaoliveira.com.br\/blog\/wp-content\/uploads\/2018\/07\/people-2575608.jpg?resize=453%2C300 453w\" sizes=\"auto, (max-width: 600px) 100vw, 600px\" \/><\/p>\n<h2 class=\"c-sumario\">H\u00e1 no Brasil, entre homens e mulheres, uma diferen\u00e7a grande em emprego e renda, e uma desigualdade brutal na \u00e1rea pol\u00edtica<\/h2>\n<p><!--more--><\/p>\n<div class=\"c-publi pos-mod-2 \" data-move-to=\"pos-mod-2-mov\"><\/div>\n<div class=\"c-experiencia-social-materia\" data-uuid=\"b883799e-6a7a-11e8-9018-90e293afc7d9\" data-limit=\"3\">\u00a0Na Gazeta do Povo<\/div>\n<p>No mundo todo, a igualdade de oportunidades ainda \u00e9 uma grande quest\u00e3o. No Jap\u00e3o, por exemplo, a presen\u00e7a do homem na vida p\u00fablica \u00e9 esmagadora. Mas os japoneses perceberam a oportunidade de dar um salto atrav\u00e9s do maior est\u00edmulo \u00e0 participa\u00e7\u00e3o feminina no mercado e na pol\u00edtica. Por essa raz\u00e3o, o Primeiro Ministro Shinzo Abe assumiu como miss\u00e3o \u201cfazer com que as mulheres brilhem\u201d. Seu objetivo \u00e9 aumentar a propor\u00e7\u00e3o delas em cargos de responsabilidade para 30% at\u00e9 2020, tanto no setor p\u00fablico como no privado.<\/p>\n<h2 class=\"c-sumario\"><\/h2>\n<p>Aqui, brasileiros e brasileiras t\u00eam oportunidades similares na educa\u00e7\u00e3o e na sa\u00fade, segundo levantamento do F\u00f3rum Econ\u00f4mico Mundial. Mas existe uma diferen\u00e7a grande em emprego e renda, e uma desigualdade brutal na \u00e1rea pol\u00edtica.<\/p>\n<p>No nosso Congresso Nacional, s\u00e3o 45 deputadas e 468 deputados. Praticamente 1 a cada 10 deputados \u00e9 mulher \u2013 uma diferen\u00e7a constrangedora. Engana-se quem pensa que esse quadro \u00e9 natural: ele \u00e9 resultado de barreiras criadas para deixar as mulheres fora do jogo pol\u00edtico e para manter o sistema desigual como est\u00e1.<\/p>\n<blockquote class=\"c-citacao\"><p>No nosso Congresso Nacional, s\u00e3o 45 deputadas e 468 deputados. Praticamente 1 a cada 10 deputados \u00e9 mulher<\/p><\/blockquote>\n<p>Um exemplo recente ocorreu na minirreforma pol\u00edtica feita em 2017: foi proposto e aprovado um projeto determinando que as mulheres pudessem acessar at\u00e9 15%, no m\u00e1ximo, do fundo eleitoral. Enquanto elas teriam esse \u201cteto\u201d dos recursos, os homens podiam ter tudo mais.<\/p>\n<div id=\"player-wrapper-35118689954041548\">\n<div id=\"player-label-35118689954041548\">\n<p>Felizmente essa diretriz foi revertida, j\u00e1 que foi considerada inconstitucional. Adotou-se ent\u00e3o, por decis\u00e3o da Justi\u00e7a, um piso: as mulheres devem obter pelo menos 30% dos recursos. E, no mesmo per\u00edodo, foi aprovada uma medida complementar: a de que 30% do hor\u00e1rio eleitoral em televis\u00e3o e r\u00e1dio ser\u00e1 das mulheres. A gritaria foi grande: v\u00e1rios parlamentares homens se mostraram descontentes com essa garantia. Disseram que as mulheres n\u00e3o s\u00e3o competitivas, logo n\u00e3o precisam de tempo de m\u00eddia. Mas n\u00e3o \u00e9 justamente pela falta de exposi\u00e7\u00e3o que elas n\u00e3o s\u00e3o conhecidas e logo reconhecidas pelo eleitor?<\/p>\n<p>Colocando no contexto mais amplo, a Lei Eleitoral 9.100\/1995 determinou que 20% dos postos pol\u00edticos fossem ocupados por lideran\u00e7as femininas. Em 2010, o TSE reformulou a lei e tornou obrigat\u00f3ria 30% de participa\u00e7\u00e3o das mulheres como candidatas. As candidaturas s\u00e3o, muitas vezes, apenas \u201cdecorativas\u201d, e reveladas na urna como tal quando a candidata n\u00e3o recebe nem mesmo o seu pr\u00f3prio voto. Mas isso \u00e9 o efeito \u2013 o problema em si \u00e9 a n\u00e3o aposta nas candidatas de igual para igual.<\/p>\n<p>Como j\u00e1 exposto, o caso do \u201cteto de 15% para mulheres\u201d revela que defender a igualdade ainda \u00e9 uma grande quest\u00e3o. A boa nova \u00e9 que foram encontradas evid\u00eancias interessantes do que acontece quando se reverte o desequil\u00edbrio entre homens e mulheres na pol\u00edtica.<\/p>\n<p>Quando uma mulher \u00e9 eleita, h\u00e1 menos chances de que haja corrup\u00e7\u00e3o em seu governo do que em um chefiado por homem. Quando h\u00e1 mais mulheres na pol\u00edtica, tamb\u00e9m j\u00e1 se notou que mais recursos s\u00e3o investidos em sa\u00fade e educa\u00e7\u00e3o, dois dos pilares centrais de um pa\u00eds preocupado com sua gente.<\/p>\n<p>No Brasil, se aumentarmos a propor\u00e7\u00e3o de mulheres em cargos de responsabilidade, teremos a chance de reduzir a corrup\u00e7\u00e3o, aumentar o investimento em \u00e1reas priorit\u00e1rias e tamb\u00e9m de realizar reformas cr\u00edticas. Precisamos de uma pol\u00edtica mais feminina. N\u00e3o porque somos mulheres, mas pelas mulheres que somos. Basta nos deixarem brilhar!<\/p>\n<div class=\"c-pedigree\"><span class=\"c-autor\">Natalie Unterstell<\/span>\u00a0\u00e9 mestre em Administra\u00e7\u00e3o P\u00fablica pela Universidade Harvard.<\/div>\n<div data-infog-scope=\"codigo\" data-infog-id=\"2107\">\n<div class=\"infografico\">\n<aside id=\"mais-quentes-do-dia\" class=\"componente-lista-infog c-infobox no-img largura-inteira largura-conteudo\" data-google-url=\"https:\/\/docs.google.com\/spreadsheets\/d\/1iNwDvuuQDBWLOjAFjTbY-Irck2butBRoIUC__VmUnDw\/pubhtml\" data-ga=\"?utm_source=gazeta-do-povo&amp;utm_medium=box-lista&amp;utm_campaign=mais-quente-dia\" data-dia-atual=\"true\">\n<header class=\"top-componente\">\n<div class=\"desc\"><\/div>\n<\/header>\n<\/aside>\n<\/div>\n<\/div>\n<\/div>\n<div id=\"player-container-35118689954041548\" class=\"jw-error jw-reset\">\n<div class=\"jw-error-msg jw-info-overlay jw-reset\">\n<div class=\"jw-icon jw-reset\"><\/div>\n<div class=\"jw-info-container jw-reset\">\n<div class=\"jw-error-text jw-reset\"><\/div>\n<\/div>\n<\/div>\n<\/div>\n<\/div>\n","protected":false},"excerpt":{"rendered":"<p>H\u00e1 no Brasil, entre homens e mulheres, uma diferen\u00e7a grande em emprego e renda, e uma desigualdade brutal na \u00e1rea pol\u00edtica<\/p>\n","protected":false},"author":1,"featured_media":0,"comment_status":"closed","ping_status":"open","sticky":false,"template":"","format":"standard","meta":{"_exactmetrics_skip_tracking":false,"_exactmetrics_sitenote_active":false,"_exactmetrics_sitenote_note":"","_exactmetrics_sitenote_category":0,"jetpack_post_was_ever_published":false,"_jetpack_newsletter_access":"","_jetpack_dont_email_post_to_subs":false,"_jetpack_newsletter_tier_id":0,"_jetpack_memberships_contains_paywalled_content":false,"_jetpack_memberships_contains_paid_content":false,"footnotes":"","jetpack_publicize_message":"","jetpack_publicize_feature_enabled":true,"jetpack_social_post_already_shared":true,"jetpack_social_options":{"image_generator_settings":{"template":"highway","enabled":false},"version":2}},"categories":[1],"tags":[],"class_list":["post-18574","post","type-post","status-publish","format-standard","hentry","category-notas"],"jetpack_publicize_connections":[],"jetpack_sharing_enabled":true,"jetpack_featured_media_url":"","jetpack_shortlink":"https:\/\/wp.me\/p7wKYW-4PA","jetpack-related-posts":[],"_links":{"self":[{"href":"http:\/\/blogdalucianaoliveira.com.br\/blog\/wp-json\/wp\/v2\/posts\/18574","targetHints":{"allow":["GET"]}}],"collection":[{"href":"http:\/\/blogdalucianaoliveira.com.br\/blog\/wp-json\/wp\/v2\/posts"}],"about":[{"href":"http:\/\/blogdalucianaoliveira.com.br\/blog\/wp-json\/wp\/v2\/types\/post"}],"author":[{"embeddable":true,"href":"http:\/\/blogdalucianaoliveira.com.br\/blog\/wp-json\/wp\/v2\/users\/1"}],"replies":[{"embeddable":true,"href":"http:\/\/blogdalucianaoliveira.com.br\/blog\/wp-json\/wp\/v2\/comments?post=18574"}],"version-history":[{"count":1,"href":"http:\/\/blogdalucianaoliveira.com.br\/blog\/wp-json\/wp\/v2\/posts\/18574\/revisions"}],"predecessor-version":[{"id":18576,"href":"http:\/\/blogdalucianaoliveira.com.br\/blog\/wp-json\/wp\/v2\/posts\/18574\/revisions\/18576"}],"wp:attachment":[{"href":"http:\/\/blogdalucianaoliveira.com.br\/blog\/wp-json\/wp\/v2\/media?parent=18574"}],"wp:term":[{"taxonomy":"category","embeddable":true,"href":"http:\/\/blogdalucianaoliveira.com.br\/blog\/wp-json\/wp\/v2\/categories?post=18574"},{"taxonomy":"post_tag","embeddable":true,"href":"http:\/\/blogdalucianaoliveira.com.br\/blog\/wp-json\/wp\/v2\/tags?post=18574"}],"curies":[{"name":"wp","href":"https:\/\/api.w.org\/{rel}","templated":true}]}}