{"id":18578,"date":"2018-07-03T16:44:03","date_gmt":"2018-07-03T20:44:03","guid":{"rendered":"http:\/\/blogdalucianaoliveira.com.br\/blog\/?p=18578"},"modified":"2018-07-03T16:44:03","modified_gmt":"2018-07-03T20:44:03","slug":"o-custo-humano-dos-agrotoxicos","status":"publish","type":"post","link":"http:\/\/blogdalucianaoliveira.com.br\/blog\/2018\/07\/03\/o-custo-humano-dos-agrotoxicos\/","title":{"rendered":"O custo humano dos agrot\u00f3xicos"},"content":{"rendered":"<p><img data-recalc-dims=\"1\" loading=\"lazy\" decoding=\"async\" data-attachment-id=\"18579\" data-permalink=\"http:\/\/blogdalucianaoliveira.com.br\/blog\/2018\/07\/03\/o-custo-humano-dos-agrotoxicos\/mao-4\/\" data-orig-file=\"https:\/\/i0.wp.com\/blogdalucianaoliveira.com.br\/blog\/wp-content\/uploads\/2018\/07\/mao.jpg?fit=294%2C172\" data-orig-size=\"294,172\" data-comments-opened=\"0\" data-image-meta=\"{&quot;aperture&quot;:&quot;0&quot;,&quot;credit&quot;:&quot;&quot;,&quot;camera&quot;:&quot;&quot;,&quot;caption&quot;:&quot;&quot;,&quot;created_timestamp&quot;:&quot;0&quot;,&quot;copyright&quot;:&quot;&quot;,&quot;focal_length&quot;:&quot;0&quot;,&quot;iso&quot;:&quot;0&quot;,&quot;shutter_speed&quot;:&quot;0&quot;,&quot;title&quot;:&quot;&quot;,&quot;orientation&quot;:&quot;0&quot;}\" data-image-title=\"mao\" data-image-description=\"\" data-image-caption=\"\" data-medium-file=\"https:\/\/i0.wp.com\/blogdalucianaoliveira.com.br\/blog\/wp-content\/uploads\/2018\/07\/mao.jpg?fit=294%2C172\" data-large-file=\"https:\/\/i0.wp.com\/blogdalucianaoliveira.com.br\/blog\/wp-content\/uploads\/2018\/07\/mao.jpg?fit=294%2C172\" class=\"alignnone size-full wp-image-18579\" src=\"https:\/\/i0.wp.com\/blogdalucianaoliveira.com.br\/blog\/wp-content\/uploads\/2018\/07\/mao.jpg?resize=294%2C172\" alt=\"mao\" width=\"294\" height=\"172\" \/><\/p>\n<p>Carta Capital &#8211; Atrofia muscular, c\u00e2ncer, muta\u00e7\u00f5es gen\u00e9ticas, hidrocefalia e retardo mental s\u00e3o algumas das condi\u00e7\u00f5es que afetam crian\u00e7as e adultos nas prov\u00edncias de Misiones, Entre R\u00edos e Chaco, no nordeste rural da Argentina, onde o glifosato, herbicida comercializado pela Monsanto sob o nome comercial de\u00a0<em>Roundup,\u00a0<\/em>\u00e9 utilizado em grande escala. Em\u00a0<em>O custo Humano<\/em>, o fot\u00f3grafo argentino Pablo Piovano retrata o efeito devastador do uso indiscriminado de agrot\u00f3xicos por aqueles que trabalham no plantio ou vivem nos arredores. O artista tamb\u00e9m \u00e9 respons\u00e1vel por document\u00e1rio do mesmo nome.<!--more--><\/p>\n<p>As fotos j\u00e1 tem mais de dois anos, mas o assunto continua extremamente atual, especialmente no Brasil, em que a chamada PL do Veneno, foi aprovada na C\u00e2mara dos Deputados na \u00faltima semana. Entre outros, o projeto de lei quer mudar o nome dos agrot\u00f3xicos para \u201cdefensivos agr\u00edcolas\u201d e \u201cprodutos fitossanit\u00e1rios\u201d, conceder licen\u00e7as tempor\u00e1rias e proibir apenas subst\u00e2ncias que apresentem \u201crisco inaceit\u00e1vel\u201d.<\/p>\n<p><strong>Confirma a seguir algumas das fotografias.<\/strong><\/p>\n<div class=\"wp-caption alignnone\"><img data-recalc-dims=\"1\" loading=\"lazy\" decoding=\"async\" class=\"lazyloaded\" src=\"https:\/\/i0.wp.com\/i.vimeocdn.com\/video\/519058376.jpg?resize=595%2C363&#038;ssl=1\" alt=\"Resultado de imagem para pablo piovano el costo humano\" width=\"595\" height=\"363\" data-lazy-src=\"https:\/\/i0.wp.com\/i.vimeocdn.com\/video\/519058376.jpg?ssl=1\" data-was-processed=\"true\" \/><\/p>\n<p class=\"wp-caption-text\">Lucas Techeira tem cinco anos e nasceu com uma doen\u00e7a incur\u00e1vel chamada ictiose lamelar, causada por uma muta\u00e7\u00e3o gen\u00e9tica. Os pais de Lucas trabalhavam em campos de tabaco e outras planta\u00e7\u00f5es na \u00e1rea onde s\u00e3o utlizados agroqu\u00edmicos como o glifosato e 0 2,4-D, um dos componentes do Agente Laranja (utilizado pelos Estados Unidos durante a Guerra do Vietn\u00e3).<\/p>\n<\/div>\n<p>&nbsp;<\/p>\n<div class=\"wp-caption alignnone\"><img data-recalc-dims=\"1\" loading=\"lazy\" decoding=\"async\" class=\"lazyloading\" src=\"https:\/\/i0.wp.com\/archivio.festivaldellafotografiaetica.it\/wordpress\/wp-content\/uploads\/2015\/09\/PabloErnestoPiovano_LR1.jpg?resize=595%2C465\" alt=\"Resultado de imagem para pablo piovano el costo humano\" width=\"595\" height=\"465\" data-lazy-src=\"https:\/\/i0.wp.com\/archivio.festivaldellafotografiaetica.it\/wordpress\/wp-content\/uploads\/2015\/09\/PabloErnestoPiovano_LR1.jpg\" data-was-processed=\"true\" \/><\/p>\n<p class=\"wp-caption-text\">Quando C\u00e1ndida Rodriguez deu \u00e0 luz a Fabi\u00e1n Piris, disseram a ela que seu beb\u00ea viveria por apenas um ano. Atualmente, ele tem 8 anos,e sofre de hidrocefalia e retardo mental irrevers\u00edvel. Durante a gravidez, C\u00e1ndida e seu marido manusearam agroqu\u00edmicos em planta\u00e7\u00f5es de tabaco. Eles moram perto de uma serraria onde a madeira \u00e9 curada com produtos qu\u00edmicos altamente t\u00f3xicos.<\/p>\n<\/div>\n<p>&nbsp;<\/p>\n<div class=\"wp-caption alignnone\"><img data-recalc-dims=\"1\" loading=\"lazy\" decoding=\"async\" class=\"lazyloading\" src=\"https:\/\/i0.wp.com\/www.pablopiovano.com\/human-cost\/data1\/images\/pablo_e._piovano015.jpg?resize=595%2C338\" alt=\"\" width=\"595\" height=\"338\" data-lazy-src=\"https:\/\/i0.wp.com\/www.pablopiovano.com\/human-cost\/data1\/images\/pablo_e._piovano015.jpg\" data-was-processed=\"true\" \/><\/p>\n<p class=\"wp-caption-text\">Ademir Gotin \u00e9 um rapaz de 20 anos. Ele sofre de defici\u00eancia mental severa. Andrea Gotin, sua irm\u00e3, era uma garota saud\u00e1vel. Quando tinha oito anos, Andrea inalou bromometano, e teve que ser hospitalizada. Ela passou nove dias na UTI. Poucas horas ap\u00f3s inalar a subst\u00e2ncia, sua temperatura subiu, afetando fun\u00e7\u00f5es motoras de seu c\u00e9rebro. Ela precisa de um transplante de rim e precisa de submeter a di\u00e1lise tr\u00eas vezes por semana.<\/p>\n<\/div>\n<p>&nbsp;<\/p>\n<div class=\"wp-caption alignnone\"><img data-recalc-dims=\"1\" loading=\"lazy\" decoding=\"async\" class=\"lazyloading\" src=\"https:\/\/i0.wp.com\/lmdiario.com.ar\/download\/multimedia.normal.b0832333a26088cd.506976616e6f30303030315f6e6f726d616c2e6a7067.jpg?resize=595%2C341\" alt=\"Resultado de imagem para pablo piovano el costo humano\" width=\"595\" height=\"341\" data-lazy-src=\"https:\/\/i0.wp.com\/lmdiario.com.ar\/download\/multimedia.normal.b0832333a26088cd.506976616e6f30303030315f6e6f726d616c2e6a7067.jpg\" data-was-processed=\"true\" \/><\/p>\n<p class=\"wp-caption-text\">Fabi\u00e1n Tomasi trabalhou por muitos anos manuseando agroqu\u00edmicos em uma empresa de fumiga\u00e7\u00e3o. Atualmente, ele sofre de polineuropatia t\u00f3xica severa e est\u00e1 sendo tratado por atrofia muscular generalizada. Fabi\u00e1n \u00e9 uma das vozes da luta contra o mdelo agroindustrial biotecnol\u00f3gico e o uso indiscriminado de agroqu\u00edmicos.<\/p>\n<\/div>\n<p>&nbsp;<\/p>\n<p>O ensaio completo poder ser visto\u00a0<strong><a href=\"http:\/\/www.pablopiovano.com\/\" target=\"_blank\" rel=\"noopener\">aqui<\/a>.<\/strong>\u00a0J\u00e1 o document\u00e1rio, legendado em Portugu\u00eas, pode ser visto no Youtube:<\/p>\n<p><iframe loading=\"lazy\" class=\"lazyloaded\" src=\"https:\/\/www.youtube.com\/embed\/lsu01ikLdQY\" width=\"560\" height=\"315\" frameborder=\"0\" allowfullscreen=\"allowfullscreen\" data-rocket-lazyload=\"fitvidscompatible\" data-lazy-src=\"https:\/\/www.youtube.com\/embed\/lsu01ikLdQY\" data-was-processed=\"true\" data-mce-fragment=\"1\"><\/iframe><\/p>\n<p>&nbsp;<\/p>\n","protected":false},"excerpt":{"rendered":"<p>Carta Capital &#8211; Atrofia muscular, c\u00e2ncer, muta\u00e7\u00f5es gen\u00e9ticas, hidrocefalia e retardo mental s\u00e3o algumas das condi\u00e7\u00f5es que afetam crian\u00e7as e adultos nas prov\u00edncias de Misiones, Entre R\u00edos e Chaco, no nordeste rural da Argentina, onde o glifosato, herbicida comercializado pela Monsanto sob o nome comercial de\u00a0Roundup,\u00a0\u00e9 utilizado em grande escala. Em\u00a0O custo Humano, o fot\u00f3grafo&#8230;<a class=\"more-link\" href=\"http:\/\/blogdalucianaoliveira.com.br\/blog\/2018\/07\/03\/o-custo-humano-dos-agrotoxicos\/\">Continue a leitura <span class=\"meta-nav\">&raquo;<\/span><\/a><\/p>\n","protected":false},"author":1,"featured_media":0,"comment_status":"closed","ping_status":"open","sticky":false,"template":"","format":"standard","meta":{"_exactmetrics_skip_tracking":false,"_exactmetrics_sitenote_active":false,"_exactmetrics_sitenote_note":"","_exactmetrics_sitenote_category":0,"jetpack_post_was_ever_published":false,"_jetpack_newsletter_access":"","_jetpack_dont_email_post_to_subs":false,"_jetpack_newsletter_tier_id":0,"_jetpack_memberships_contains_paywalled_content":false,"_jetpack_memberships_contains_paid_content":false,"footnotes":"","jetpack_publicize_message":"","jetpack_publicize_feature_enabled":true,"jetpack_social_post_already_shared":true,"jetpack_social_options":{"image_generator_settings":{"template":"highway","enabled":false},"version":2}},"categories":[1],"tags":[],"class_list":["post-18578","post","type-post","status-publish","format-standard","hentry","category-notas"],"jetpack_publicize_connections":[],"jetpack_sharing_enabled":true,"jetpack_featured_media_url":"","jetpack_shortlink":"https:\/\/wp.me\/p7wKYW-4PE","jetpack-related-posts":[],"_links":{"self":[{"href":"http:\/\/blogdalucianaoliveira.com.br\/blog\/wp-json\/wp\/v2\/posts\/18578","targetHints":{"allow":["GET"]}}],"collection":[{"href":"http:\/\/blogdalucianaoliveira.com.br\/blog\/wp-json\/wp\/v2\/posts"}],"about":[{"href":"http:\/\/blogdalucianaoliveira.com.br\/blog\/wp-json\/wp\/v2\/types\/post"}],"author":[{"embeddable":true,"href":"http:\/\/blogdalucianaoliveira.com.br\/blog\/wp-json\/wp\/v2\/users\/1"}],"replies":[{"embeddable":true,"href":"http:\/\/blogdalucianaoliveira.com.br\/blog\/wp-json\/wp\/v2\/comments?post=18578"}],"version-history":[{"count":1,"href":"http:\/\/blogdalucianaoliveira.com.br\/blog\/wp-json\/wp\/v2\/posts\/18578\/revisions"}],"predecessor-version":[{"id":18581,"href":"http:\/\/blogdalucianaoliveira.com.br\/blog\/wp-json\/wp\/v2\/posts\/18578\/revisions\/18581"}],"wp:attachment":[{"href":"http:\/\/blogdalucianaoliveira.com.br\/blog\/wp-json\/wp\/v2\/media?parent=18578"}],"wp:term":[{"taxonomy":"category","embeddable":true,"href":"http:\/\/blogdalucianaoliveira.com.br\/blog\/wp-json\/wp\/v2\/categories?post=18578"},{"taxonomy":"post_tag","embeddable":true,"href":"http:\/\/blogdalucianaoliveira.com.br\/blog\/wp-json\/wp\/v2\/tags?post=18578"}],"curies":[{"name":"wp","href":"https:\/\/api.w.org\/{rel}","templated":true}]}}