{"id":18582,"date":"2018-07-04T10:00:12","date_gmt":"2018-07-04T14:00:12","guid":{"rendered":"http:\/\/blogdalucianaoliveira.com.br\/blog\/?p=18582"},"modified":"2018-07-04T10:00:12","modified_gmt":"2018-07-04T14:00:12","slug":"petrobras-suspende-venda-de-refinarias-por-conta-de-liminar-no-stf","status":"publish","type":"post","link":"http:\/\/blogdalucianaoliveira.com.br\/blog\/2018\/07\/04\/petrobras-suspende-venda-de-refinarias-por-conta-de-liminar-no-stf\/","title":{"rendered":"Petrobras suspende venda de refinarias por conta de liminar no STF"},"content":{"rendered":"<p><img data-recalc-dims=\"1\" loading=\"lazy\" decoding=\"async\" data-attachment-id=\"18583\" data-permalink=\"http:\/\/blogdalucianaoliveira.com.br\/blog\/2018\/07\/04\/petrobras-suspende-venda-de-refinarias-por-conta-de-liminar-no-stf\/leva\/\" data-orig-file=\"https:\/\/i0.wp.com\/blogdalucianaoliveira.com.br\/blog\/wp-content\/uploads\/2018\/07\/leva.jpg?fit=640%2C427\" data-orig-size=\"640,427\" data-comments-opened=\"0\" data-image-meta=\"{&quot;aperture&quot;:&quot;0&quot;,&quot;credit&quot;:&quot;&quot;,&quot;camera&quot;:&quot;&quot;,&quot;caption&quot;:&quot;&quot;,&quot;created_timestamp&quot;:&quot;0&quot;,&quot;copyright&quot;:&quot;&quot;,&quot;focal_length&quot;:&quot;0&quot;,&quot;iso&quot;:&quot;0&quot;,&quot;shutter_speed&quot;:&quot;0&quot;,&quot;title&quot;:&quot;&quot;,&quot;orientation&quot;:&quot;0&quot;}\" data-image-title=\"leva\" data-image-description=\"\" data-image-caption=\"\" data-medium-file=\"https:\/\/i0.wp.com\/blogdalucianaoliveira.com.br\/blog\/wp-content\/uploads\/2018\/07\/leva.jpg?fit=300%2C200\" data-large-file=\"https:\/\/i0.wp.com\/blogdalucianaoliveira.com.br\/blog\/wp-content\/uploads\/2018\/07\/leva.jpg?fit=600%2C400\" class=\"alignnone size-full wp-image-18583\" src=\"https:\/\/i0.wp.com\/blogdalucianaoliveira.com.br\/blog\/wp-content\/uploads\/2018\/07\/leva.jpg?resize=600%2C400\" alt=\"leva\" width=\"600\" height=\"400\" srcset=\"https:\/\/i0.wp.com\/blogdalucianaoliveira.com.br\/blog\/wp-content\/uploads\/2018\/07\/leva.jpg?w=640 640w, https:\/\/i0.wp.com\/blogdalucianaoliveira.com.br\/blog\/wp-content\/uploads\/2018\/07\/leva.jpg?resize=300%2C200 300w, https:\/\/i0.wp.com\/blogdalucianaoliveira.com.br\/blog\/wp-content\/uploads\/2018\/07\/leva.jpg?resize=450%2C300 450w\" sizes=\"auto, (max-width: 600px) 100vw, 600px\" \/><\/p>\n<h2 class=\"description\">Decis\u00e3o relativa a quatro unidades foi tomada ap\u00f3s decis\u00e3o de Lewandowski<\/h2>\n<p><!--more--><\/p>\n<div class=\"details-bar\">\n<div class=\"author-time\">\n<address class=\"author\">Rafael Tatemoto<\/address>\n<div class=\"place-and-time\">\n<div class=\"place\">\n<p>Brasil de Fato | Bras\u00edlia (DF)<\/p>\n<\/div>\n<\/div>\n<\/div>\n<\/div>\n<p>A Petrobras suspendeu, nesta ter\u00e7a-feira (3), o processo de venda de quatro refinarias ap\u00f3s decis\u00e3o liminar do ministro do Supremo Tribunal Federal (STF) Ricardo Lewandowski na semana passada. A estatal chegou a anunciar no m\u00eas passado que cinco empresas da iniciativa privada manifestaram interesse na aquisi\u00e7\u00e3o das unidades.<\/p>\n<p>Lewandowski atendeu pedido da Federa\u00e7\u00e3o Nacional das Associa\u00e7\u00f5es do Pessoal da Caixa Econ\u00f4mica Federal (Fenae) e da Confedera\u00e7\u00e3o Nacional dos Trabalhadores do Ramo Financeiro (Contraf), estipulando que qualquer processo de privatiza\u00e7\u00e3o deve ser aprovado pelo Congresso Nacional. O ministro entendeu ser razo\u00e1vel o argumento, dado que a cria\u00e7\u00e3o de empresas estatais se d\u00e1 atrav\u00e9s de leis aprovadas no Parlamento.<\/p>\n<p>Integrante da diretoria da Contraf, Sergio Takemoto entende que a liminar de Lewandowski \u00e9 uma \u201cgrande vit\u00f3ria\u201d que deveria ser consolidada pelo conjunto do Supremo. Para ele, a posi\u00e7\u00e3o se reveste de import\u00e2ncia nesta conjuntura, \u00a0impedindo uma \u201ccanetada de um governo ileg\u00edtimo. \u00a0De outro lado, afirma que n\u00e3o se deve abandonar a press\u00e3o sobre os atuais parlamentares, cuja maioria j\u00e1 demonstrou n\u00e3o estar preocupada com a \u201cpopula\u00e7\u00e3o e o bem-estar da sociedade\u201d.<\/p>\n<p>\u201cO governo vai vir com tudo [para derrubar a decis\u00e3o]. \u00c9 uma liminar, n\u00e3o d\u00e1 para saber at\u00e9 quando ela vai perdurar. Para n\u00f3s, \u00e9 uma vit\u00f3ria, porque mais uma vez traz a discuss\u00e3o. As pesquisas indicam que a maioria da popula\u00e7\u00e3o \u00e9 contra as privatiza\u00e7\u00f5es.\u00a0Nossa esperan\u00e7a \u00e9 que haja uma renova\u00e7\u00e3o do Congresso. A grande disputa [em rela\u00e7\u00e3o \u00e0s privatiza\u00e7\u00f5es] vai ser em outubro\u201d, defende Takemoto.<\/p>\n<p>Cloviomar Caranine, analista do Departamento Intersindical de Estat\u00edstica e Estudos Socioecon\u00f4micos (Dieese) e assessor da Federa\u00e7\u00e3o \u00danica dos Petroleiros (FUP), aponta que as iniciativas privatizantes de Michel Temer (MDB) contrariam uma nova tend\u00eancia mundial. A decis\u00e3o de Lewandowski, segundo sua vis\u00e3o, ressalta a import\u00e2ncia de se discutir a representa\u00e7\u00e3o pol\u00edtica no Brasil. Segundo ele, o modelo decis\u00f3rio ideal em rela\u00e7\u00e3o \u00e0s privatiza\u00e7\u00f5es deveria incluir a participa\u00e7\u00e3o direta da popula\u00e7\u00e3o, atrav\u00e9s de plebiscitos e referendos.<\/p>\n<p>\u201cV\u00e1rios pa\u00edses, inclusive pa\u00edses &#8216;nada comunistas&#8217;, como Inglaterra, EUA e Fran\u00e7a, est\u00e3o reestatizando empresas de saneamento, por exemplo. O setor de energia, nos EUA, tem uma presen\u00e7a forte dos militares, ou seja, do Estado.\u00a0A decis\u00e3o foi acertada. Pode ser importante para daqui para frente fazer o debate de como escolhemos nossos representantes legislativos\u201d, analisa Caranine.<\/p>\n<p>A Petrobras pretendia vender 60% de quatro refinarias, duas no nordeste e duas no sul: Alberto Pasqualini (RS), \u00a0Presidente Get\u00falio Vargas (PR), Landulpho Alves (BA) e Abreu e Lima (PE). A medida poderia significar, no longo prazo, aumento do pre\u00e7os dos derivados do petr\u00f3leo no Brasil. Al\u00e9m de refinarias, o governo j\u00e1 sinalizou a privatiza\u00e7\u00e3o da Liquig\u00e1s e, para al\u00e9m dessa \u00e1rea, da Eletrobras, de aeroportos da Infraero e da pr\u00f3pria Caixa Econ\u00f4mica Federal.<\/p>\n<p class=\"editor\">Edi\u00e7\u00e3o: Juca Guimar\u00e3es<\/p>\n<div class=\"content-footer\"><\/div>\n","protected":false},"excerpt":{"rendered":"<p>Decis\u00e3o relativa a quatro unidades foi tomada ap\u00f3s decis\u00e3o de Lewandowski<\/p>\n","protected":false},"author":1,"featured_media":0,"comment_status":"closed","ping_status":"open","sticky":false,"template":"","format":"standard","meta":{"_exactmetrics_skip_tracking":false,"_exactmetrics_sitenote_active":false,"_exactmetrics_sitenote_note":"","_exactmetrics_sitenote_category":0,"jetpack_post_was_ever_published":false,"_jetpack_newsletter_access":"","_jetpack_dont_email_post_to_subs":false,"_jetpack_newsletter_tier_id":0,"_jetpack_memberships_contains_paywalled_content":false,"_jetpack_memberships_contains_paid_content":false,"footnotes":"","jetpack_publicize_message":"","jetpack_publicize_feature_enabled":true,"jetpack_social_post_already_shared":true,"jetpack_social_options":{"image_generator_settings":{"template":"highway","enabled":false},"version":2}},"categories":[1],"tags":[],"class_list":["post-18582","post","type-post","status-publish","format-standard","hentry","category-notas"],"jetpack_publicize_connections":[],"jetpack_sharing_enabled":true,"jetpack_featured_media_url":"","jetpack_shortlink":"https:\/\/wp.me\/p7wKYW-4PI","jetpack-related-posts":[],"_links":{"self":[{"href":"http:\/\/blogdalucianaoliveira.com.br\/blog\/wp-json\/wp\/v2\/posts\/18582","targetHints":{"allow":["GET"]}}],"collection":[{"href":"http:\/\/blogdalucianaoliveira.com.br\/blog\/wp-json\/wp\/v2\/posts"}],"about":[{"href":"http:\/\/blogdalucianaoliveira.com.br\/blog\/wp-json\/wp\/v2\/types\/post"}],"author":[{"embeddable":true,"href":"http:\/\/blogdalucianaoliveira.com.br\/blog\/wp-json\/wp\/v2\/users\/1"}],"replies":[{"embeddable":true,"href":"http:\/\/blogdalucianaoliveira.com.br\/blog\/wp-json\/wp\/v2\/comments?post=18582"}],"version-history":[{"count":1,"href":"http:\/\/blogdalucianaoliveira.com.br\/blog\/wp-json\/wp\/v2\/posts\/18582\/revisions"}],"predecessor-version":[{"id":18584,"href":"http:\/\/blogdalucianaoliveira.com.br\/blog\/wp-json\/wp\/v2\/posts\/18582\/revisions\/18584"}],"wp:attachment":[{"href":"http:\/\/blogdalucianaoliveira.com.br\/blog\/wp-json\/wp\/v2\/media?parent=18582"}],"wp:term":[{"taxonomy":"category","embeddable":true,"href":"http:\/\/blogdalucianaoliveira.com.br\/blog\/wp-json\/wp\/v2\/categories?post=18582"},{"taxonomy":"post_tag","embeddable":true,"href":"http:\/\/blogdalucianaoliveira.com.br\/blog\/wp-json\/wp\/v2\/tags?post=18582"}],"curies":[{"name":"wp","href":"https:\/\/api.w.org\/{rel}","templated":true}]}}