{"id":18585,"date":"2018-07-04T10:38:48","date_gmt":"2018-07-04T14:38:48","guid":{"rendered":"http:\/\/blogdalucianaoliveira.com.br\/blog\/?p=18585"},"modified":"2018-07-04T10:39:24","modified_gmt":"2018-07-04T14:39:24","slug":"ha-algo-errado-em-um-pais-que-proibe-os-alimentos-organicos-e-libera-o-veneno","status":"publish","type":"post","link":"http:\/\/blogdalucianaoliveira.com.br\/blog\/2018\/07\/04\/ha-algo-errado-em-um-pais-que-proibe-os-alimentos-organicos-e-libera-o-veneno\/","title":{"rendered":"H\u00e1 algo errado em um pa\u00eds que pro\u00edbe os alimentos org\u00e2nicos e libera o veneno"},"content":{"rendered":"<p><img data-recalc-dims=\"1\" loading=\"lazy\" decoding=\"async\" data-attachment-id=\"18586\" data-permalink=\"http:\/\/blogdalucianaoliveira.com.br\/blog\/2018\/07\/04\/ha-algo-errado-em-um-pais-que-proibe-os-alimentos-organicos-e-libera-o-veneno\/miguel-rossetto\/\" data-orig-file=\"https:\/\/i0.wp.com\/blogdalucianaoliveira.com.br\/blog\/wp-content\/uploads\/2018\/07\/miguel-rossetto.jpg?fit=610%2C405\" data-orig-size=\"610,405\" data-comments-opened=\"0\" data-image-meta=\"{&quot;aperture&quot;:&quot;0&quot;,&quot;credit&quot;:&quot;&quot;,&quot;camera&quot;:&quot;&quot;,&quot;caption&quot;:&quot;&quot;,&quot;created_timestamp&quot;:&quot;0&quot;,&quot;copyright&quot;:&quot;&quot;,&quot;focal_length&quot;:&quot;0&quot;,&quot;iso&quot;:&quot;0&quot;,&quot;shutter_speed&quot;:&quot;0&quot;,&quot;title&quot;:&quot;&quot;,&quot;orientation&quot;:&quot;0&quot;}\" data-image-title=\"miguel-rossetto\" data-image-description=\"\" data-image-caption=\"\" data-medium-file=\"https:\/\/i0.wp.com\/blogdalucianaoliveira.com.br\/blog\/wp-content\/uploads\/2018\/07\/miguel-rossetto.jpg?fit=300%2C199\" data-large-file=\"https:\/\/i0.wp.com\/blogdalucianaoliveira.com.br\/blog\/wp-content\/uploads\/2018\/07\/miguel-rossetto.jpg?fit=600%2C398\" class=\"alignnone size-full wp-image-18586\" src=\"https:\/\/i0.wp.com\/blogdalucianaoliveira.com.br\/blog\/wp-content\/uploads\/2018\/07\/miguel-rossetto.jpg?resize=600%2C398\" alt=\"miguel-rossetto\" width=\"600\" height=\"398\" srcset=\"https:\/\/i0.wp.com\/blogdalucianaoliveira.com.br\/blog\/wp-content\/uploads\/2018\/07\/miguel-rossetto.jpg?w=610 610w, https:\/\/i0.wp.com\/blogdalucianaoliveira.com.br\/blog\/wp-content\/uploads\/2018\/07\/miguel-rossetto.jpg?resize=300%2C199 300w, https:\/\/i0.wp.com\/blogdalucianaoliveira.com.br\/blog\/wp-content\/uploads\/2018\/07\/miguel-rossetto.jpg?resize=452%2C300 452w\" sizes=\"auto, (max-width: 600px) 100vw, 600px\" \/><\/p>\n<div id=\"js_i7\" class=\"_5pbx userContent _3576\">\n<div id=\"id_5b3c271240bd65437293075\" class=\"text_exposed_root text_exposed\">\n<div class=\"clearfix _42ef\">\n<div class=\"f_yj0l5ts-p\">\n<div>\n<div class=\"_6a _5u5j\">\n<div class=\"_6a _5u5j _6b\">\n<h5 id=\"js_i5\" class=\"_14f3 _14f5 _5pbw _5vra\"><span class=\"fwn fcg\"><span class=\"fwb fcg\"><a href=\"https:\/\/www.facebook.com\/MiguelSRossetto\/?hc_ref=ARQ4meFmS-34dUH2uY9M8eVJiNzGI8SuglWowFafpBH4Ko7pKVSO71RbqB7P2JlGN34&amp;fref=nf\">Por Miguel Rossetto no facebook<\/a><\/span><\/span><\/h5>\n<\/div>\n<\/div>\n<\/div>\n<\/div>\n<\/div>\n<p>H\u00e1 algo errado em um pa\u00eds que pro\u00edbe os alimentos org\u00e2nicos e libera o veneno. \u00c9 exatamente o que est\u00e1 acontecendo ao apagar das luzes dos mandatos no Congresso Nacional.<!--more--><\/p>\n<p>Primeiro, foi o pacote do veneno que visa facilitar ainda mais as regras para registro, fabrica\u00e7\u00e3o, comercializa\u00e7\u00e3o e utiliza\u00e7\u00e3o dos agrot\u00f3xicos no pa\u00eds e retira a compet\u00eancia do Minist\u00e9rio do Meio Ambiente e da Ag\u00eancia Nacional de Vigil\u00e2ncia Sanit\u00e1ria (Anvisa) para avaliar o seu impacto nos ecossistemas e n<span class=\"text_exposed_show\">a sa\u00fade p\u00fablica. Surge a not\u00edcia, agora, que um projeto prev\u00ea a restri\u00e7\u00e3o da venda de produtos org\u00e2nicos em supermercados ou lojas de varejos. \u00c9 um retrocesso monstruoso. O que precisamos \u00e9 exatamente o oposto: ter cada vez mais alimentos saud\u00e1veis, sustent\u00e1veis ambientalmente e criar uma rede de pol\u00edticas p\u00fablicas para estimular sua produ\u00e7\u00e3o e comercializa\u00e7\u00e3o. Um triste retrato do pa\u00eds do golpe que mudaremos em outubro!<\/span><\/p>\n<p>Miguel Rossetto,al\u00e9m de outras fun\u00e7\u00f5es, ocupou o Minist\u00e9rio do Desenvolvimento Agr\u00e1rio nos Governos Lula e Dilma e \u00e9 pr\u00e9 candidato a Governador do RS<\/p>\n<div class=\"g\"><\/div>\n<div class=\"g\">\n<div>\n<div class=\"rc\">\n<h4 class=\"r\">Leia:\u00a0<a href=\"https:\/\/www.metrojornal.com.br\/foco\/2018\/07\/03\/venda-de-produtos-organicos-pode-ser-proibida-em-mercados-entenda.html\">Venda de produtos org\u00e2nicos pode ser proibida em mercados<\/a><\/h4>\n<\/div>\n<\/div>\n<\/div>\n<\/div>\n<\/div>\n","protected":false},"excerpt":{"rendered":"<p>Por Miguel Rossetto no facebook H\u00e1 algo errado em um pa\u00eds que pro\u00edbe os alimentos org\u00e2nicos e libera o veneno. \u00c9 exatamente o que est\u00e1 acontecendo ao apagar das luzes dos mandatos no Congresso Nacional.<\/p>\n","protected":false},"author":1,"featured_media":0,"comment_status":"closed","ping_status":"open","sticky":false,"template":"","format":"standard","meta":{"_exactmetrics_skip_tracking":false,"_exactmetrics_sitenote_active":false,"_exactmetrics_sitenote_note":"","_exactmetrics_sitenote_category":0,"jetpack_post_was_ever_published":false,"_jetpack_newsletter_access":"","_jetpack_dont_email_post_to_subs":false,"_jetpack_newsletter_tier_id":0,"_jetpack_memberships_contains_paywalled_content":false,"_jetpack_memberships_contains_paid_content":false,"footnotes":"","jetpack_publicize_message":"","jetpack_publicize_feature_enabled":true,"jetpack_social_post_already_shared":true,"jetpack_social_options":{"image_generator_settings":{"template":"highway","enabled":false},"version":2}},"categories":[1],"tags":[],"class_list":["post-18585","post","type-post","status-publish","format-standard","hentry","category-notas"],"jetpack_publicize_connections":[],"jetpack_sharing_enabled":true,"jetpack_featured_media_url":"","jetpack_shortlink":"https:\/\/wp.me\/p7wKYW-4PL","jetpack-related-posts":[],"_links":{"self":[{"href":"http:\/\/blogdalucianaoliveira.com.br\/blog\/wp-json\/wp\/v2\/posts\/18585","targetHints":{"allow":["GET"]}}],"collection":[{"href":"http:\/\/blogdalucianaoliveira.com.br\/blog\/wp-json\/wp\/v2\/posts"}],"about":[{"href":"http:\/\/blogdalucianaoliveira.com.br\/blog\/wp-json\/wp\/v2\/types\/post"}],"author":[{"embeddable":true,"href":"http:\/\/blogdalucianaoliveira.com.br\/blog\/wp-json\/wp\/v2\/users\/1"}],"replies":[{"embeddable":true,"href":"http:\/\/blogdalucianaoliveira.com.br\/blog\/wp-json\/wp\/v2\/comments?post=18585"}],"version-history":[{"count":2,"href":"http:\/\/blogdalucianaoliveira.com.br\/blog\/wp-json\/wp\/v2\/posts\/18585\/revisions"}],"predecessor-version":[{"id":18588,"href":"http:\/\/blogdalucianaoliveira.com.br\/blog\/wp-json\/wp\/v2\/posts\/18585\/revisions\/18588"}],"wp:attachment":[{"href":"http:\/\/blogdalucianaoliveira.com.br\/blog\/wp-json\/wp\/v2\/media?parent=18585"}],"wp:term":[{"taxonomy":"category","embeddable":true,"href":"http:\/\/blogdalucianaoliveira.com.br\/blog\/wp-json\/wp\/v2\/categories?post=18585"},{"taxonomy":"post_tag","embeddable":true,"href":"http:\/\/blogdalucianaoliveira.com.br\/blog\/wp-json\/wp\/v2\/tags?post=18585"}],"curies":[{"name":"wp","href":"https:\/\/api.w.org\/{rel}","templated":true}]}}