{"id":18589,"date":"2018-07-04T11:01:23","date_gmt":"2018-07-04T15:01:23","guid":{"rendered":"http:\/\/blogdalucianaoliveira.com.br\/blog\/?p=18589"},"modified":"2018-07-04T11:01:23","modified_gmt":"2018-07-04T15:01:23","slug":"orcamento-de-2019-exclui-reajuste-salarial-para-servidores","status":"publish","type":"post","link":"http:\/\/blogdalucianaoliveira.com.br\/blog\/2018\/07\/04\/orcamento-de-2019-exclui-reajuste-salarial-para-servidores\/","title":{"rendered":"Or\u00e7amento de 2019 exclui reajuste salarial para servidores"},"content":{"rendered":"<p><img data-recalc-dims=\"1\" loading=\"lazy\" decoding=\"async\" data-attachment-id=\"18590\" data-permalink=\"http:\/\/blogdalucianaoliveira.com.br\/blog\/2018\/07\/04\/orcamento-de-2019-exclui-reajuste-salarial-para-servidores\/dia-3\/\" data-orig-file=\"https:\/\/i0.wp.com\/blogdalucianaoliveira.com.br\/blog\/wp-content\/uploads\/2018\/07\/dia.jpg?fit=1200%2C625\" data-orig-size=\"1200,625\" data-comments-opened=\"0\" data-image-meta=\"{&quot;aperture&quot;:&quot;0&quot;,&quot;credit&quot;:&quot;&quot;,&quot;camera&quot;:&quot;&quot;,&quot;caption&quot;:&quot;&quot;,&quot;created_timestamp&quot;:&quot;0&quot;,&quot;copyright&quot;:&quot;&quot;,&quot;focal_length&quot;:&quot;0&quot;,&quot;iso&quot;:&quot;0&quot;,&quot;shutter_speed&quot;:&quot;0&quot;,&quot;title&quot;:&quot;&quot;,&quot;orientation&quot;:&quot;0&quot;}\" data-image-title=\"dia\" data-image-description=\"\" data-image-caption=\"\" data-medium-file=\"https:\/\/i0.wp.com\/blogdalucianaoliveira.com.br\/blog\/wp-content\/uploads\/2018\/07\/dia.jpg?fit=300%2C156\" data-large-file=\"https:\/\/i0.wp.com\/blogdalucianaoliveira.com.br\/blog\/wp-content\/uploads\/2018\/07\/dia.jpg?fit=600%2C312\" class=\"alignnone size-full wp-image-18590\" src=\"https:\/\/i0.wp.com\/blogdalucianaoliveira.com.br\/blog\/wp-content\/uploads\/2018\/07\/dia.jpg?resize=600%2C313\" alt=\"dia\" width=\"600\" height=\"313\" srcset=\"https:\/\/i0.wp.com\/blogdalucianaoliveira.com.br\/blog\/wp-content\/uploads\/2018\/07\/dia.jpg?w=1200 1200w, https:\/\/i0.wp.com\/blogdalucianaoliveira.com.br\/blog\/wp-content\/uploads\/2018\/07\/dia.jpg?resize=300%2C156 300w, https:\/\/i0.wp.com\/blogdalucianaoliveira.com.br\/blog\/wp-content\/uploads\/2018\/07\/dia.jpg?resize=768%2C400 768w, https:\/\/i0.wp.com\/blogdalucianaoliveira.com.br\/blog\/wp-content\/uploads\/2018\/07\/dia.jpg?resize=1024%2C533 1024w, https:\/\/i0.wp.com\/blogdalucianaoliveira.com.br\/blog\/wp-content\/uploads\/2018\/07\/dia.jpg?resize=576%2C300 576w\" sizes=\"auto, (max-width: 600px) 100vw, 600px\" \/><\/p>\n<div class=\"td-post-content\">\n<p>Da Ag\u00eancia Brasil &#8211; O relator da Lei de Diretrizes Or\u00e7ament\u00e1rias (LDO), senador Dal\u00edrio Beber (PSDB-SC), justificou hoje (4) que elaborou um parecer mais duro para o Or\u00e7amento de 2019 devido \u00e0 crise econ\u00f4mica e fiscal que o pa\u00eds vive. O parecer apresentado por Berger esta semana n\u00e3o admite nenhum tipo de reajuste para servidores p\u00fablicos, reduz o limite de ren\u00fancias fiscais e veta a cria\u00e7\u00e3o de novos cargos.<!--more--><\/p>\n<p>O senador explicou que \u00e9 preciso adotar medidas \u201cn\u00e3o simp\u00e1ticas\u201d\u00a0 para n\u00e3o aumentar as despesas obrigat\u00f3rias para o pr\u00f3ximo governo. Ele reiterou que n\u00e3o haver\u00e1 reposi\u00e7\u00f5es no caso de vac\u00e2ncia no servi\u00e7o p\u00fablico, a n\u00e3o ser nas \u00e1reas de educa\u00e7\u00e3o, sa\u00fade, seguran\u00e7a p\u00fablica, defesa, assist\u00eancia social. Os reajustes que j\u00e1 foram aprovados de forma parcelada ou escalonada tamb\u00e9m n\u00e3o ser\u00e3o afetados.<\/p>\n<p>\u201cN\u00f3s produzimos um relat\u00f3rio de forma muito criteriosa, conscientes do grau de dificuldade que vive o pa\u00eds neste momento. N\u00f3s trazemos n\u00fameros negativos nos \u00faltimos anos e a tend\u00eancia \u00e9 que estes n\u00fameros se agravem nos anos vindouros. Por isso, n\u00e3o queremos transportar pro ano de 2019 para um governo que n\u00f3s ainda n\u00e3o sabemos quem ser\u00e1\u201d, afirmou.<\/p>\n<p>Questionado sobre a resist\u00eancia pol\u00edtica que a restri\u00e7\u00e3o aos incentivos fiscais pode enfrentar no setor produtivo, Beber explicou que o prazo de dez anos \u00e9 razo\u00e1vel para que o governo avalie a condi\u00e7\u00e3o de cada setor beneficiado e encontre um equil\u00edbrio. Em seu relat\u00f3rio, Beber estabelece que as ren\u00fancias fiscais n\u00e3o ultrapassem o percentual de 2% do Produto Interno Bruto (PIB) do pa\u00eds.<\/p>\n<p>A proposta segue recomenda\u00e7\u00e3o do Tribunal de Contas da Uni\u00e3o (TCU), que apontou que no ano passado o pa\u00eds deixou de arrecadar R$ 354 bilh\u00f5es com as ren\u00fancias fiscais, valor que representa 5,4% do PIB e 30,7% da receita prim\u00e1ria. A redu\u00e7\u00e3o do volume de incentivos fiscais poderia , segundo o TCU, reduzir o deficit previdenci\u00e1rio pela metade.<\/p>\n<p>\u201cN\u00f3s temos hoje uma previs\u00e3o de que o montante de ren\u00fancias fiscais para 2019 alcance mais de R$ 300 milh\u00f5es. Em n\u00edvel de concess\u00f5es de incentivos fiscais em outros pa\u00edses o m\u00e1ximo que isso pode representar \u00e9 em torno de 2% do PIB. Esta \u00e9 uma recomenda\u00e7\u00e3o que estamos fazendo na LDO, nos sentido de que em 10 anos, n\u00f3s tamb\u00e9m devemos no Brasil ter no m\u00e1ximo 2% do PIB em ren\u00fancias fiscais\u201d, disse.<\/p>\n<p>O senador comentou que a quest\u00e3o da reforma da Previd\u00eancia tamb\u00e9m deve ser enfrentada para garantir o equil\u00edbrio das contas p\u00fablicas. Apesar de n\u00e3o ter inclu\u00eddo no relat\u00f3rio da LDO, o relator defendeu que o assunto seja uma das prioridades dos poderes Legislativo e do Executivo a partir do ano que vem.<\/p>\n<p>Beber espera que seu relat\u00f3rio seja aprovado antes do recesso parlamentar, previsto para ter in\u00edcio no pr\u00f3ximo dia 17 de julho. A Comiss\u00e3o Mista de Or\u00e7amento se reunir\u00e1 nesta quarta-feira (4) para discutir o relat\u00f3rio.<\/p>\n<\/div>\n<footer><\/footer>\n","protected":false},"excerpt":{"rendered":"<p>Da Ag\u00eancia Brasil &#8211; O relator da Lei de Diretrizes Or\u00e7ament\u00e1rias (LDO), senador Dal\u00edrio Beber (PSDB-SC), justificou hoje (4) que elaborou um parecer mais duro para o Or\u00e7amento de 2019 devido \u00e0 crise econ\u00f4mica e fiscal que o pa\u00eds vive. O parecer apresentado por Berger esta semana n\u00e3o admite nenhum tipo de reajuste para servidores&#8230;<a class=\"more-link\" href=\"http:\/\/blogdalucianaoliveira.com.br\/blog\/2018\/07\/04\/orcamento-de-2019-exclui-reajuste-salarial-para-servidores\/\">Continue a leitura <span class=\"meta-nav\">&raquo;<\/span><\/a><\/p>\n","protected":false},"author":1,"featured_media":0,"comment_status":"closed","ping_status":"open","sticky":false,"template":"","format":"standard","meta":{"_exactmetrics_skip_tracking":false,"_exactmetrics_sitenote_active":false,"_exactmetrics_sitenote_note":"","_exactmetrics_sitenote_category":0,"jetpack_post_was_ever_published":false,"_jetpack_newsletter_access":"","_jetpack_dont_email_post_to_subs":false,"_jetpack_newsletter_tier_id":0,"_jetpack_memberships_contains_paywalled_content":false,"_jetpack_memberships_contains_paid_content":false,"footnotes":"","jetpack_publicize_message":"","jetpack_publicize_feature_enabled":true,"jetpack_social_post_already_shared":true,"jetpack_social_options":{"image_generator_settings":{"template":"highway","enabled":false},"version":2}},"categories":[1],"tags":[],"class_list":["post-18589","post","type-post","status-publish","format-standard","hentry","category-notas"],"jetpack_publicize_connections":[],"jetpack_sharing_enabled":true,"jetpack_featured_media_url":"","jetpack_shortlink":"https:\/\/wp.me\/p7wKYW-4PP","jetpack-related-posts":[],"_links":{"self":[{"href":"http:\/\/blogdalucianaoliveira.com.br\/blog\/wp-json\/wp\/v2\/posts\/18589","targetHints":{"allow":["GET"]}}],"collection":[{"href":"http:\/\/blogdalucianaoliveira.com.br\/blog\/wp-json\/wp\/v2\/posts"}],"about":[{"href":"http:\/\/blogdalucianaoliveira.com.br\/blog\/wp-json\/wp\/v2\/types\/post"}],"author":[{"embeddable":true,"href":"http:\/\/blogdalucianaoliveira.com.br\/blog\/wp-json\/wp\/v2\/users\/1"}],"replies":[{"embeddable":true,"href":"http:\/\/blogdalucianaoliveira.com.br\/blog\/wp-json\/wp\/v2\/comments?post=18589"}],"version-history":[{"count":1,"href":"http:\/\/blogdalucianaoliveira.com.br\/blog\/wp-json\/wp\/v2\/posts\/18589\/revisions"}],"predecessor-version":[{"id":18591,"href":"http:\/\/blogdalucianaoliveira.com.br\/blog\/wp-json\/wp\/v2\/posts\/18589\/revisions\/18591"}],"wp:attachment":[{"href":"http:\/\/blogdalucianaoliveira.com.br\/blog\/wp-json\/wp\/v2\/media?parent=18589"}],"wp:term":[{"taxonomy":"category","embeddable":true,"href":"http:\/\/blogdalucianaoliveira.com.br\/blog\/wp-json\/wp\/v2\/categories?post=18589"},{"taxonomy":"post_tag","embeddable":true,"href":"http:\/\/blogdalucianaoliveira.com.br\/blog\/wp-json\/wp\/v2\/tags?post=18589"}],"curies":[{"name":"wp","href":"https:\/\/api.w.org\/{rel}","templated":true}]}}