{"id":18592,"date":"2018-07-05T11:41:45","date_gmt":"2018-07-05T15:41:45","guid":{"rendered":"http:\/\/blogdalucianaoliveira.com.br\/blog\/?p=18592"},"modified":"2018-07-05T11:43:30","modified_gmt":"2018-07-05T15:43:30","slug":"feliciano-faz-enquete-sobre-depressao-doenca-natural-ou-causada-por-demonios","status":"publish","type":"post","link":"http:\/\/blogdalucianaoliveira.com.br\/blog\/2018\/07\/05\/feliciano-faz-enquete-sobre-depressao-doenca-natural-ou-causada-por-demonios\/","title":{"rendered":"Feliciano faz enquete sobre depress\u00e3o: doen\u00e7a natural ou causada por dem\u00f4nios?"},"content":{"rendered":"<p><img data-recalc-dims=\"1\" loading=\"lazy\" decoding=\"async\" data-attachment-id=\"18593\" data-permalink=\"http:\/\/blogdalucianaoliveira.com.br\/blog\/2018\/07\/05\/feliciano-faz-enquete-sobre-depressao-doenca-natural-ou-causada-por-demonios\/demon\/\" data-orig-file=\"https:\/\/i0.wp.com\/blogdalucianaoliveira.com.br\/blog\/wp-content\/uploads\/2018\/07\/demon.jpg?fit=560%2C350\" data-orig-size=\"560,350\" data-comments-opened=\"0\" data-image-meta=\"{&quot;aperture&quot;:&quot;0&quot;,&quot;credit&quot;:&quot;&quot;,&quot;camera&quot;:&quot;&quot;,&quot;caption&quot;:&quot;&quot;,&quot;created_timestamp&quot;:&quot;0&quot;,&quot;copyright&quot;:&quot;&quot;,&quot;focal_length&quot;:&quot;0&quot;,&quot;iso&quot;:&quot;0&quot;,&quot;shutter_speed&quot;:&quot;0&quot;,&quot;title&quot;:&quot;&quot;,&quot;orientation&quot;:&quot;0&quot;}\" data-image-title=\"demon\" data-image-description=\"\" data-image-caption=\"\" data-medium-file=\"https:\/\/i0.wp.com\/blogdalucianaoliveira.com.br\/blog\/wp-content\/uploads\/2018\/07\/demon.jpg?fit=300%2C188\" data-large-file=\"https:\/\/i0.wp.com\/blogdalucianaoliveira.com.br\/blog\/wp-content\/uploads\/2018\/07\/demon.jpg?fit=560%2C350\" class=\"alignnone size-full wp-image-18593\" src=\"https:\/\/i0.wp.com\/blogdalucianaoliveira.com.br\/blog\/wp-content\/uploads\/2018\/07\/demon.jpg?resize=560%2C350\" alt=\"demon\" width=\"560\" height=\"350\" srcset=\"https:\/\/i0.wp.com\/blogdalucianaoliveira.com.br\/blog\/wp-content\/uploads\/2018\/07\/demon.jpg?w=560 560w, https:\/\/i0.wp.com\/blogdalucianaoliveira.com.br\/blog\/wp-content\/uploads\/2018\/07\/demon.jpg?resize=300%2C188 300w, https:\/\/i0.wp.com\/blogdalucianaoliveira.com.br\/blog\/wp-content\/uploads\/2018\/07\/demon.jpg?resize=480%2C300 480w\" sizes=\"auto, (max-width: 560px) 100vw, 560px\" \/><\/p>\n<p>Na Revista F\u00f3rum &#8211; O deputado federal Marco Feliciano (Podemos-SP) tem sido alvo de \u201ctrolagem\u201d nas redes sociais por conta de uma pergunta absurda feita em seu perfil do Facebook. Na noite desta ter\u00e7a-feira (3), em uma enquete virtual, o pastor evang\u00e9lico perguntou: \u201cPara voc\u00ea, a depress\u00e3o \u00e9 causada por uma doen\u00e7a natural ou por dem\u00f4nios?\u201d.<!--more--><\/p>\n<p>Os internautas que responderam a enquete n\u00e3o perdoaram e a maior parte dos coment\u00e1rios s\u00e3o ironizando o questionamento. \u201c<span class=\" UFICommentActorAndBody\"><span data-ft=\"{&quot;tn&quot;:&quot;K&quot;}\"><span class=\"UFICommentBody\">Acho que \u00e9 natural. O demo t\u00e1 sempre comigo e vivo feliz\u00e3o\u201d, brincou um usu\u00e1rio do Facebook. Uma outra internauta, por sua vez, postou um coment\u00e1rio de uma psic\u00f3loga para refutar a tese do deputado.<\/span><\/span><\/span><\/p>\n<p>No Twitter, a nadadora Joanna Maranh\u00e3o disparou: \u201cComo \u00e9 que este imbecil \u00e9 parlamentar?\u201d<\/p>\n<div class=\"SandboxRoot env-bp-350\" data-twitter-event-id=\"0\">\n<div id=\"twitter-widget-0\" class=\"EmbeddedTweet EmbeddedTweet--edge js-clickToOpenTarget tweet-InformationCircle-widgetParent\" lang=\"pt\" data-click-to-open-target=\"https:\/\/twitter.com\/Jujuca1987\/status\/1014648121526190080\" data-iframe-title=\"Tweet do Twitter\" data-dt-full=\"%{hours24}: %{minutes} - %{day} %{month} %{year} \" data-dt-explicit-timestamp=\"19:12 - 4 de jul de 2018\" data-dt-months=\"jan|fev|mar|abr|maio|jun|jul|ago|set|out|nov|dez\" data-dt-am=\"AM\" data-dt-pm=\"PM\" data-dt-now=\"agora\" data-dt-s=\"s\" data-dt-m=\"m\" data-dt-h=\"h\" data-dt-second=\"segundo\" data-dt-seconds=\"segundos\" data-dt-minute=\"minuto\" data-dt-minutes=\"minutos\" data-dt-hour=\"hora\" data-dt-hours=\"horas\" data-dt-abbr=\"%{number}%{symbol}\" data-dt-short=\"%{day} %{month}\" data-dt-long=\"%{day} %{month} %{year}\" data-scribe=\"page:tweet\" data-twitter-event-id=\"1\">\n<div class=\"EmbeddedTweet-tweet\">\n<blockquote class=\"Tweet h-entry js-tweetIdInfo subject expanded\" cite=\"https:\/\/twitter.com\/Jujuca1987\/status\/1014648121526190080\" data-tweet-id=\"1014648121526190080\" data-scribe=\"section:subject\">\n<div class=\"Tweet-header\">\n<p><a class=\"TweetAuthor-avatar Identity-avatar u-linkBlend\" href=\"https:\/\/twitter.com\/Jujuca1987\" data-scribe=\"element:user_link\"><img data-recalc-dims=\"1\" decoding=\"async\" class=\"Avatar Avatar--edge\" src=\"https:\/\/i0.wp.com\/pbs.twimg.com\/profile_images\/1599657271\/2074469-7324-rec_normal.jpg?w=600&#038;ssl=1\" alt=\"\" data-scribe=\"element:avatar\" data-src-2x=\"https:\/\/pbs.twimg.com\/profile_images\/1599657271\/2074469-7324-rec_bigger.jpg\" data-src-1x=\"https:\/\/pbs.twimg.com\/profile_images\/1599657271\/2074469-7324-rec_normal.jpg\" \/><\/a><\/p>\n<div class=\"TweetAuthor js-inViewportScribingTarget\" data-scribe=\"component:author\">\n<div class=\"TweetAuthor-nameScreenNameContainer\">\n<p><span class=\"TweetAuthor-decoratedName\"><span class=\"TweetAuthor-name Identity-name customisable-highlight\" title=\"Joanna Maranh\u00e3o\" data-scribe=\"element:name\">Joanna Maranh\u00e3o<\/span><\/span><\/p>\n<div class=\"Icon Icon--verified \" title=\"Conta Verificada\"><\/div>\n<p><span class=\"TweetAuthor-decoratedName\"><span class=\"TweetAuthor-verifiedBadge\" data-scribe=\"element:verified_badge\"><b class=\"u-hiddenVisually\">\u2714<\/b><\/span><\/span><span class=\"TweetAuthor-screenName Identity-screenName\" dir=\"ltr\" title=\"@Jujuca1987\" data-scribe=\"element:screen_name\">@Jujuca1987<\/span><\/p>\n<\/div>\n<\/div>\n<div class=\"Tweet-brand\"><\/div>\n<\/div>\n<div class=\"Tweet-body e-entry-content\" data-scribe=\"component:tweet\">\n<div class=\"u-hiddenVisually js-inViewportScribingTarget\"><\/div>\n<p class=\"Tweet-text e-entry-title\" dir=\"ltr\" lang=\"pt\">como \u00e9 que ESTE IMBECIL \u00e9 parlamentar?<\/p>\n<div class=\"Tweet-card\">\n<div class=\"QuoteTweet\" tabindex=\"0\" data-scribe=\"section:quote\">\n<div class=\"QuoteTweet-nonMediaContainer\">\n<div class=\"TweetAuthor js-inViewportScribingTarget TweetAuthor--oneLine\" data-scribe=\"component:author\">\n<div class=\"TweetAuthor-nameScreenNameContainer\"><span class=\"TweetAuthor-decoratedName\"><span class=\"TweetAuthor-name Identity-name customisable-highlight\" title=\"Emerson Damasceno\" data-scribe=\"element:name\">Emerson Damasceno<\/span><\/span><span class=\"TweetAuthor-screenName Identity-screenName\" dir=\"ltr\" title=\"@EmersonAnomia\" data-scribe=\"element:screen_name\">@EmersonAnomia<\/span><\/div>\n<\/div>\n<div><\/div>\n<p class=\"QuoteTweet-text e-entry-title\" dir=\"ltr\" lang=\"pt\">Meu irm\u00e3o, algu\u00e9m assim n\u00e3o pode estar falando s\u00e9rio&#8230;<\/p>\n<\/div>\n<div class=\"QuotedTweet-media\">\n<article class=\"MediaCard customisable-border\" dir=\"ltr\" data-scribe=\"component:card\">\n<div class=\"MediaCard-media\">\n<div class=\"MediaCard-widthConstraint js-cspForcedStyle\" data-style=\"max-width: 749px\">\n<div class=\"MediaCard-mediaContainer js-cspForcedStyle\" data-style=\"padding-bottom: 77.8371%\">\n<div class=\"MediaCard-mediaAsset NaturalImageNaturalImage--roundedBottom\" data-scribe=\"element:photo\"><img loading=\"lazy\" decoding=\"async\" class=\"NaturalImage-image\" title=\"Ver imagem no Twitter\" src=\"https:\/\/pbs.twimg.com\/media\/DhS-XfwX0AAFpsz?format=jpg&amp;name=small\" alt=\"Ver imagem no Twitter\" width=\"749\" height=\"583\" data-image=\"https:\/\/pbs.twimg.com\/media\/DhS-XfwX0AAFpsz\" \/><\/div>\n<\/div>\n<\/div>\n<\/div>\n<\/article>\n<\/div>\n<\/div>\n<\/div>\n<div class=\"Tweet-metadata dateline\"><\/div>\n<\/div>\n<\/blockquote>\n<\/div>\n<\/div>\n<\/div>\n<p>&nbsp;<\/p>\n<div class=\"text\">\n<p><span class=\" UFICommentActorAndBody\">Ainda assim, um n\u00famero consider\u00e1vel de pessoas, a maior parte delas composta por apoiadores do pastor, sustentou a tese de que a doen\u00e7a possa ser causada por \u201cdem\u00f4nios\u201d.\u00a0<span data-ft=\"{&quot;tn&quot;:&quot;K&quot;}\"><span class=\"UFICommentBody _1n4g\"><br \/>\n<\/span><\/span><\/span><\/p>\n<p><iframe loading=\"lazy\" src=\"https:\/\/www.facebook.com\/plugins\/post.php?href=https%3A%2F%2Fwww.facebook.com%2FPastorMarcoFeliciano%2Fposts%2F1304113089728707&amp;width=500\" width=\"500\" height=\"309\" frameborder=\"0\" scrolling=\"no\" data-mce-fragment=\"1\"><\/iframe><\/p>\n<div class=\"text-center center-block\"><\/div>\n<\/div>\n<div><\/div>\n<div class=\"ad text-center center-block\"><\/div>\n","protected":false},"excerpt":{"rendered":"<p>Na Revista F\u00f3rum &#8211; O deputado federal Marco Feliciano (Podemos-SP) tem sido alvo de \u201ctrolagem\u201d nas redes sociais por conta de uma pergunta absurda feita em seu perfil do Facebook. Na noite desta ter\u00e7a-feira (3), em uma enquete virtual, o pastor evang\u00e9lico perguntou: \u201cPara voc\u00ea, a depress\u00e3o \u00e9 causada por uma doen\u00e7a natural ou por&#8230;<a class=\"more-link\" href=\"http:\/\/blogdalucianaoliveira.com.br\/blog\/2018\/07\/05\/feliciano-faz-enquete-sobre-depressao-doenca-natural-ou-causada-por-demonios\/\">Continue a leitura <span class=\"meta-nav\">&raquo;<\/span><\/a><\/p>\n","protected":false},"author":1,"featured_media":0,"comment_status":"closed","ping_status":"open","sticky":false,"template":"","format":"standard","meta":{"_exactmetrics_skip_tracking":false,"_exactmetrics_sitenote_active":false,"_exactmetrics_sitenote_note":"","_exactmetrics_sitenote_category":0,"jetpack_post_was_ever_published":false,"_jetpack_newsletter_access":"","_jetpack_dont_email_post_to_subs":false,"_jetpack_newsletter_tier_id":0,"_jetpack_memberships_contains_paywalled_content":false,"_jetpack_memberships_contains_paid_content":false,"footnotes":"","jetpack_publicize_message":"","jetpack_publicize_feature_enabled":true,"jetpack_social_post_already_shared":true,"jetpack_social_options":{"image_generator_settings":{"template":"highway","enabled":false},"version":2}},"categories":[1],"tags":[],"class_list":["post-18592","post","type-post","status-publish","format-standard","hentry","category-notas"],"jetpack_publicize_connections":[],"jetpack_sharing_enabled":true,"jetpack_featured_media_url":"","jetpack_shortlink":"https:\/\/wp.me\/p7wKYW-4PS","jetpack-related-posts":[],"_links":{"self":[{"href":"http:\/\/blogdalucianaoliveira.com.br\/blog\/wp-json\/wp\/v2\/posts\/18592","targetHints":{"allow":["GET"]}}],"collection":[{"href":"http:\/\/blogdalucianaoliveira.com.br\/blog\/wp-json\/wp\/v2\/posts"}],"about":[{"href":"http:\/\/blogdalucianaoliveira.com.br\/blog\/wp-json\/wp\/v2\/types\/post"}],"author":[{"embeddable":true,"href":"http:\/\/blogdalucianaoliveira.com.br\/blog\/wp-json\/wp\/v2\/users\/1"}],"replies":[{"embeddable":true,"href":"http:\/\/blogdalucianaoliveira.com.br\/blog\/wp-json\/wp\/v2\/comments?post=18592"}],"version-history":[{"count":2,"href":"http:\/\/blogdalucianaoliveira.com.br\/blog\/wp-json\/wp\/v2\/posts\/18592\/revisions"}],"predecessor-version":[{"id":18595,"href":"http:\/\/blogdalucianaoliveira.com.br\/blog\/wp-json\/wp\/v2\/posts\/18592\/revisions\/18595"}],"wp:attachment":[{"href":"http:\/\/blogdalucianaoliveira.com.br\/blog\/wp-json\/wp\/v2\/media?parent=18592"}],"wp:term":[{"taxonomy":"category","embeddable":true,"href":"http:\/\/blogdalucianaoliveira.com.br\/blog\/wp-json\/wp\/v2\/categories?post=18592"},{"taxonomy":"post_tag","embeddable":true,"href":"http:\/\/blogdalucianaoliveira.com.br\/blog\/wp-json\/wp\/v2\/tags?post=18592"}],"curies":[{"name":"wp","href":"https:\/\/api.w.org\/{rel}","templated":true}]}}