{"id":18597,"date":"2018-07-06T07:23:47","date_gmt":"2018-07-06T11:23:47","guid":{"rendered":"http:\/\/blogdalucianaoliveira.com.br\/blog\/?p=18597"},"modified":"2018-07-06T07:24:32","modified_gmt":"2018-07-06T11:24:32","slug":"diretrizes-para-uso-de-redes-sociais-do-grupo-globo-impoe-censura-a-jornalistas-diz-fenaj","status":"publish","type":"post","link":"http:\/\/blogdalucianaoliveira.com.br\/blog\/2018\/07\/06\/diretrizes-para-uso-de-redes-sociais-do-grupo-globo-impoe-censura-a-jornalistas-diz-fenaj\/","title":{"rendered":"Diretrizes para uso de redes sociais do Grupo Globo imp\u00f5e censura a jornalistas, diz FENAJ"},"content":{"rendered":"<p><img data-recalc-dims=\"1\" loading=\"lazy\" decoding=\"async\" data-attachment-id=\"18598\" data-permalink=\"http:\/\/blogdalucianaoliveira.com.br\/blog\/2018\/07\/06\/diretrizes-para-uso-de-redes-sociais-do-grupo-globo-impoe-censura-a-jornalistas-diz-fenaj\/80da53b4-524b-4072-a900-ad637e4e601f\/\" data-orig-file=\"https:\/\/i0.wp.com\/blogdalucianaoliveira.com.br\/blog\/wp-content\/uploads\/2018\/07\/80DA53B4-524B-4072-A900-AD637E4E601F.jpeg?fit=500%2C341\" data-orig-size=\"500,341\" data-comments-opened=\"0\" data-image-meta=\"{&quot;aperture&quot;:&quot;0&quot;,&quot;credit&quot;:&quot;&quot;,&quot;camera&quot;:&quot;&quot;,&quot;caption&quot;:&quot;&quot;,&quot;created_timestamp&quot;:&quot;0&quot;,&quot;copyright&quot;:&quot;&quot;,&quot;focal_length&quot;:&quot;0&quot;,&quot;iso&quot;:&quot;0&quot;,&quot;shutter_speed&quot;:&quot;0&quot;,&quot;title&quot;:&quot;&quot;,&quot;orientation&quot;:&quot;0&quot;}\" data-image-title=\"80DA53B4-524B-4072-A900-AD637E4E601F\" data-image-description=\"\" data-image-caption=\"\" data-medium-file=\"https:\/\/i0.wp.com\/blogdalucianaoliveira.com.br\/blog\/wp-content\/uploads\/2018\/07\/80DA53B4-524B-4072-A900-AD637E4E601F.jpeg?fit=300%2C205\" data-large-file=\"https:\/\/i0.wp.com\/blogdalucianaoliveira.com.br\/blog\/wp-content\/uploads\/2018\/07\/80DA53B4-524B-4072-A900-AD637E4E601F.jpeg?fit=500%2C341\" class=\"alignnone size-full wp-image-18598\" src=\"https:\/\/i0.wp.com\/blogdalucianaoliveira.com.br\/blog\/wp-content\/uploads\/2018\/07\/80DA53B4-524B-4072-A900-AD637E4E601F.jpeg?resize=500%2C341\" alt=\"80DA53B4-524B-4072-A900-AD637E4E601F\" width=\"500\" height=\"341\" srcset=\"https:\/\/i0.wp.com\/blogdalucianaoliveira.com.br\/blog\/wp-content\/uploads\/2018\/07\/80DA53B4-524B-4072-A900-AD637E4E601F.jpeg?w=500 500w, https:\/\/i0.wp.com\/blogdalucianaoliveira.com.br\/blog\/wp-content\/uploads\/2018\/07\/80DA53B4-524B-4072-A900-AD637E4E601F.jpeg?resize=300%2C205 300w, https:\/\/i0.wp.com\/blogdalucianaoliveira.com.br\/blog\/wp-content\/uploads\/2018\/07\/80DA53B4-524B-4072-A900-AD637E4E601F.jpeg?resize=440%2C300 440w\" sizes=\"auto, (max-width: 500px) 100vw, 500px\" \/><\/p>\n<p>Por Altair Tavares &#8211; Em nota, a Federa\u00e7\u00e3o Nacional dos Jornalistas (FENAJ) emitiu nota em que considera que o documento que estabelece as normas para atua\u00e7\u00e3o dos jornalistas do Grupo Globo imp\u00f5em uma \u201ccensuara pr\u00e9via\u201d aos profissionais contratados. Segundo a entidade, h\u00e1 uma afronta aos direitos e garantias fundamentais da Constitui\u00e7\u00e3o.<!--more--><\/p>\n<p>A entidade ressalta que o documento da empresa determina que \u201cos jornalistas do grupo empresarial n\u00e3o podem compartilhar mensagens que revelem posicionamentos pol\u00edticos, partid\u00e1rios ou ideol\u00f3gicos, mesmo em grupos em que se exige a confian\u00e7a absoluta em seus participantes\u201d.<\/p>\n<p>A determina\u00e7\u00e3o da empresa atinge os perfis pessoais dos jornalistas contratados pelo grupo. Eles ficam proibidos de citar marcas e, entende-se, que n\u00e3o poder\u00e3o fazer contratar veicula\u00e7\u00f5es de mensagens publicit\u00e1rias nas redes sociais.<\/p>\n<p>A FENAJ \u00e9 presidida pela jornalista Maria Jos\u00e9 Braga, de Goi\u00e1s.<\/p>\n<p>Leia a nota na \u00edntegra:<\/p>\n<p>NOTA OFICIAL \u2013 A Federa\u00e7\u00e3o Nacional dos Jornalistas (FENAJ), entidade m\u00e1xima de representa\u00e7\u00e3o da categoria, vem a p\u00fablico denunciar e repudiar a censura pr\u00e9via que o Grupo Globo estabeleceu para os seus jornalistas contratados. A pretexto de estabelecer \u201cdiretrizes para o uso de redes sociais\u201d, o Grupo Globo atenta contra a liberdade de express\u00e3o dos jornalistas, impedindo, sob amea\u00e7a, os profissionais de se manifestarem em redes sociais, as que existem e que as vierem a existir.<\/p>\n<p>As \u201cdiretrizes\u201d do Grupo Globo afrontam os direitos e garantias fundamentais da Constitui\u00e7\u00e3o Cidad\u00e3 de 1988. O artigo 5\u00ba da Constitui\u00e7\u00e3o Federal, em seus incisos IV, VIII e IX, assegura que \u00e9 livre a manifesta\u00e7\u00e3o do pensamento, que ningu\u00e9m ser\u00e1 privado de direitos por convic\u00e7\u00e3o filos\u00f3fica ou pol\u00edtica e que \u00e9 livre a atividade intelectual, cient\u00edfica e de comunica\u00e7\u00e3o, independentemente de censura ou licen\u00e7a.<\/p>\n<p>J\u00e1 em seu artigo 220, que trata da Comunica\u00e7\u00e3o Social, a Constitui\u00e7\u00e3o Federal tamb\u00e9m expressa que a manifesta\u00e7\u00e3o do pensamento, a cria\u00e7\u00e3o, a express\u00e3o e a informa\u00e7\u00e3o, sob qualquer forma, processo ou ve\u00edculo, n\u00e3o sofrer\u00e3o qualquer restri\u00e7\u00e3o.<\/p>\n<p>Pelas novas \u201cdiretrizes\u201d, os jornalistas do grupo empresarial n\u00e3o podem compartilhar mensagens que revelem posicionamentos pol\u00edticos, partid\u00e1rios ou ideol\u00f3gicos, mesmo em grupos em que se exige a confian\u00e7a absoluta em seus participantes.<\/p>\n<p>Nas redes sociais, os jornalistas devem se abster de expressar opini\u00f5es pol\u00edticas, promover e apoiar partidos e candidaturas, defender ideologias e tomar partido em quest\u00f5es controversas e pol\u00eamicas que est\u00e3o sendo cobertas jornalisticamente pelo Grupo Globo.<\/p>\n<p>Os jornalistas, chamados de comentaristas, analistas ou colunistas de opini\u00e3o, devem ter uma atua\u00e7\u00e3o na rede social que n\u00e3o permita a percep\u00e7\u00e3o de que s\u00e3o militantes de causas e que fazem parte da luta pol\u00edtico-partid\u00e1ria ou de ideias. A eles, como a todos, \u00e9 vedado apoiar candidatos ou partidos, dentro e fora de elei\u00e7\u00f5es.<\/p>\n<p>Os jornalistas do Grupo Globo tamb\u00e9m ficam impedidos de fazer publicidade, mesmo que indiretamente, ao citar ou se associar a nome de hot\u00e9is, marcas, empresas, restaurantes, produtos, companhias a\u00e9reas etc. Isso tamb\u00e9m n\u00e3o deve acontecer em contas (em redes sociais) de terceiros, e o jornalista deve zelar para evitar tais ocorr\u00eancias.<\/p>\n<p>N\u00e3o satisfeito em cercear a liberdade de express\u00e3o, a livre manifesta\u00e7\u00e3o do pensamento e privar o direito do jornalista de manifestar suas convic\u00e7\u00f5es pol\u00edticas, o Grupo Globo tamb\u00e9m amorda\u00e7a os seus colaboradores n\u00e3o-jornalistas. Pro\u00edbe os profissionais de outras \u00e1reas de atua\u00e7\u00e3o de declarar voto ou fazer propaganda para candidatos ou partidos no material produzido especificamente para os ve\u00edculos para os quais trabalham.<\/p>\n<p>Ao impor as novas \u201cdiretrizes\u201d, incorporadas aos \u201cPrinc\u00edpios Editoriais\u201d, datados de 2011, o Grupo Globo amorda\u00e7a os seus profissionais, estabelecendo a censura pr\u00e9via. As \u201cdiretrizes\u201d aparecem como \u201crecomenda\u00e7\u00f5es\u201d, mas fica evidente que quem n\u00e3o segui-las ser\u00e1 responsabilizado e sofrer\u00e1 consequ\u00eancias.<\/p>\n<p>\u201cAs regras s\u00e3o v\u00e1lidas para todos os jornalistas do Grupo Globo e devem ser rigorosamente observadas. As chefias diretas ficam com a incumb\u00eancia de implement\u00e1-las, torn\u00e1-las uma realidade e, em caso de faltas por parte de jornalistas, dividir os epis\u00f3dios com a dire\u00e7\u00e3o de reda\u00e7\u00e3o do ve\u00edculo, que decidir\u00e1 ent\u00e3o se \u00e9 o caso de lev\u00e1-los \u00e0 aprecia\u00e7\u00e3o do Conselho Editorial do Grupo Globo\u201d, estabelecem as \u201cdiretrizes\u201d.<\/p>\n<p>Em carta aos jornalistas, Jo\u00e3o Roberto Marinho tenta justificar o injustific\u00e1vel, afirmando que o objetivo da medida \u00e9 garantir a isen\u00e7\u00e3o, princ\u00edpio basilar do Jornalismo. Paradoxalmente, Marinho esquece que a isen\u00e7\u00e3o jornal\u00edstica nunca foi a marca do Grupo Globo que, inclusive, j\u00e1 veio a p\u00fablico pedir desculpas por ter apoiado a ditadura civil-militar. E, provavelmente, ter\u00e1 de vir a p\u00fablico no futuro pedir desculpas pelo apoio ao golpe pol\u00edtico de 2016.<\/p>\n<p>A FENAJ n\u00e3o admite o estabelecimento da servid\u00e3o intelectual e, junto com os Sindicatos de Jornalistas do pa\u00eds, vai procurar as medidas legais cab\u00edveis, tanto na Justi\u00e7a do Trabalho quanto na Justi\u00e7a comum, para p\u00f4r fim \u00e0 censura pr\u00e9via estabelecida e devolver a dignidade aos jornalistas do Grupo Globo.<\/p>\n<p>Bras\u00edlia, 4 de julho de 2018.<\/p>\n<p>Federa\u00e7\u00e3o Nacional dos Jornalistas \u2013 FENAJ<\/p>\n<p>Sindicato dos Jornalistas de Minas Gerais<\/p>\n<p>Sindicato dos Jornalistas de Pernambuco<\/p>\n<p>Sindicato dos Jornalistas do Munic\u00edpio do Rio de Janeiro<\/p>\n<p>Sindicato dos Jornalistas do Distrito Federal<\/p>\n<p>Sindicato dos Jornalistas de S\u00e3o Paulo<\/p>\n","protected":false},"excerpt":{"rendered":"<p>Por Altair Tavares &#8211; Em nota, a Federa\u00e7\u00e3o Nacional dos Jornalistas (FENAJ) emitiu nota em que considera que o documento que estabelece as normas para atua\u00e7\u00e3o dos jornalistas do Grupo Globo imp\u00f5em uma \u201ccensuara pr\u00e9via\u201d aos profissionais contratados. Segundo a entidade, h\u00e1 uma afronta aos direitos e garantias fundamentais da Constitui\u00e7\u00e3o.<\/p>\n","protected":false},"author":1,"featured_media":0,"comment_status":"closed","ping_status":"open","sticky":false,"template":"","format":"standard","meta":{"_exactmetrics_skip_tracking":false,"_exactmetrics_sitenote_active":false,"_exactmetrics_sitenote_note":"","_exactmetrics_sitenote_category":0,"jetpack_post_was_ever_published":false,"_jetpack_newsletter_access":"","_jetpack_dont_email_post_to_subs":false,"_jetpack_newsletter_tier_id":0,"_jetpack_memberships_contains_paywalled_content":false,"_jetpack_memberships_contains_paid_content":false,"footnotes":"","jetpack_publicize_message":"","jetpack_publicize_feature_enabled":true,"jetpack_social_post_already_shared":true,"jetpack_social_options":{"image_generator_settings":{"template":"highway","enabled":false},"version":2}},"categories":[1],"tags":[],"class_list":["post-18597","post","type-post","status-publish","format-standard","hentry","category-notas"],"jetpack_publicize_connections":[],"jetpack_sharing_enabled":true,"jetpack_featured_media_url":"","jetpack_shortlink":"https:\/\/wp.me\/p7wKYW-4PX","jetpack-related-posts":[],"_links":{"self":[{"href":"http:\/\/blogdalucianaoliveira.com.br\/blog\/wp-json\/wp\/v2\/posts\/18597","targetHints":{"allow":["GET"]}}],"collection":[{"href":"http:\/\/blogdalucianaoliveira.com.br\/blog\/wp-json\/wp\/v2\/posts"}],"about":[{"href":"http:\/\/blogdalucianaoliveira.com.br\/blog\/wp-json\/wp\/v2\/types\/post"}],"author":[{"embeddable":true,"href":"http:\/\/blogdalucianaoliveira.com.br\/blog\/wp-json\/wp\/v2\/users\/1"}],"replies":[{"embeddable":true,"href":"http:\/\/blogdalucianaoliveira.com.br\/blog\/wp-json\/wp\/v2\/comments?post=18597"}],"version-history":[{"count":2,"href":"http:\/\/blogdalucianaoliveira.com.br\/blog\/wp-json\/wp\/v2\/posts\/18597\/revisions"}],"predecessor-version":[{"id":18600,"href":"http:\/\/blogdalucianaoliveira.com.br\/blog\/wp-json\/wp\/v2\/posts\/18597\/revisions\/18600"}],"wp:attachment":[{"href":"http:\/\/blogdalucianaoliveira.com.br\/blog\/wp-json\/wp\/v2\/media?parent=18597"}],"wp:term":[{"taxonomy":"category","embeddable":true,"href":"http:\/\/blogdalucianaoliveira.com.br\/blog\/wp-json\/wp\/v2\/categories?post=18597"},{"taxonomy":"post_tag","embeddable":true,"href":"http:\/\/blogdalucianaoliveira.com.br\/blog\/wp-json\/wp\/v2\/tags?post=18597"}],"curies":[{"name":"wp","href":"https:\/\/api.w.org\/{rel}","templated":true}]}}