{"id":1860,"date":"2016-06-22T17:55:01","date_gmt":"2016-06-22T21:55:01","guid":{"rendered":"http:\/\/blogdalucianaoliveira.com.br\/blog\/?p=1860"},"modified":"2016-06-22T17:55:01","modified_gmt":"2016-06-22T21:55:01","slug":"instituicoes-dizem-nao-ao-nao-e-proibido-proibir-estudantes-de-protestarem","status":"publish","type":"post","link":"http:\/\/blogdalucianaoliveira.com.br\/blog\/2016\/06\/22\/instituicoes-dizem-nao-ao-nao-e-proibido-proibir-estudantes-de-protestarem\/","title":{"rendered":"Institui\u00e7\u00f5es dizem n\u00e3o ao n\u00e3o. \u00c9 proibido proibir estudantes de protestarem"},"content":{"rendered":"<p><img data-recalc-dims=\"1\" loading=\"lazy\" decoding=\"async\" data-attachment-id=\"1861\" data-permalink=\"http:\/\/blogdalucianaoliveira.com.br\/blog\/2016\/06\/22\/instituicoes-dizem-nao-ao-nao-e-proibido-proibir-estudantes-de-protestarem\/panfleto_distribuicao\/\" data-orig-file=\"https:\/\/i0.wp.com\/blogdalucianaoliveira.com.br\/blog\/wp-content\/uploads\/2016\/06\/PANFLETO_DISTRIBUI%C3%87%C3%83O.jpg?fit=700%2C467\" data-orig-size=\"700,467\" data-comments-opened=\"0\" data-image-meta=\"{&quot;aperture&quot;:&quot;0&quot;,&quot;credit&quot;:&quot;&quot;,&quot;camera&quot;:&quot;&quot;,&quot;caption&quot;:&quot;&quot;,&quot;created_timestamp&quot;:&quot;0&quot;,&quot;copyright&quot;:&quot;&quot;,&quot;focal_length&quot;:&quot;0&quot;,&quot;iso&quot;:&quot;0&quot;,&quot;shutter_speed&quot;:&quot;0&quot;,&quot;title&quot;:&quot;&quot;,&quot;orientation&quot;:&quot;0&quot;}\" data-image-title=\"PANFLETO_DISTRIBUI\u00c7\u00c3O\" data-image-description=\"\" data-image-caption=\"\" data-medium-file=\"https:\/\/i0.wp.com\/blogdalucianaoliveira.com.br\/blog\/wp-content\/uploads\/2016\/06\/PANFLETO_DISTRIBUI%C3%87%C3%83O.jpg?fit=300%2C200\" data-large-file=\"https:\/\/i0.wp.com\/blogdalucianaoliveira.com.br\/blog\/wp-content\/uploads\/2016\/06\/PANFLETO_DISTRIBUI%C3%87%C3%83O.jpg?fit=600%2C400\" src=\"https:\/\/i0.wp.com\/blogdalucianaoliveira.com.br\/blog\/wp-content\/uploads\/2016\/06\/PANFLETO_DISTRIBUI%C3%87%C3%83O.jpg?resize=600%2C400\" alt=\"PANFLETO_DISTRIBUI\u00c7\u00c3O\" width=\"600\" height=\"400\" class=\"alignnone size-full wp-image-1861\" srcset=\"https:\/\/i0.wp.com\/blogdalucianaoliveira.com.br\/blog\/wp-content\/uploads\/2016\/06\/PANFLETO_DISTRIBUI%C3%87%C3%83O.jpg?w=700 700w, https:\/\/i0.wp.com\/blogdalucianaoliveira.com.br\/blog\/wp-content\/uploads\/2016\/06\/PANFLETO_DISTRIBUI%C3%87%C3%83O.jpg?resize=300%2C200 300w, https:\/\/i0.wp.com\/blogdalucianaoliveira.com.br\/blog\/wp-content\/uploads\/2016\/06\/PANFLETO_DISTRIBUI%C3%87%C3%83O.jpg?resize=450%2C300 450w\" sizes=\"auto, (max-width: 600px) 100vw, 600px\" \/><\/p>\n<p>Cinco institui\u00e7\u00f5es recomendam que governo de Rond\u00f4nia respeite a liberdade de express\u00e3o<!--more--><\/p>\n<p>Do site Tudorondonia<\/p>\n<p>O Minist\u00e9rio P\u00fablico nos \u00e2mbitos federal e estadual, a OAB-Seccional Rond\u00f4nia, as defensorias p\u00fablicas da Uni\u00e3o e de Rond\u00f4nia emitiram uma recomenda\u00e7\u00e3o ao governador Conf\u00facio Moura, ao secret\u00e1rio estadual de Seguran\u00e7a P\u00fablica e ao comandante-geral da Pol\u00edcia Militar (PM) para que respeitem a liberdade de express\u00e3o de manifestantes.<\/p>\n<p>A recomenda\u00e7\u00e3o foi expedida ap\u00f3s not\u00edcia veiculada no s\u00edtio eletr\u00f4nico oficial da PM de Rond\u00f4nia, intitulada \u201cEm Ji-Paran\u00e1, professor e universit\u00e1rios de Porto Velho s\u00e3o presos distribuindo panfletos caluniando oficiais da Pol\u00edcia Militar\u201d. A not\u00edcia foi reproduzida em alguns jornais eletr\u00f4nicos de Rond\u00f4nia, inclusive com exposi\u00e7\u00e3o indevida das imagens dos manifestantes. Para os \u00f3rg\u00e3os, as deten\u00e7\u00f5es e a apreens\u00e3o de seus folhetos foram atos arbitr\u00e1rios e que atentam contra o direito de qualquer cidad\u00e3o de protestar contra o Estado e contra autoridades no exerc\u00edcio de fun\u00e7\u00e3o p\u00fablica.<\/p>\n<p><img data-recalc-dims=\"1\" loading=\"lazy\" decoding=\"async\" data-attachment-id=\"1862\" data-permalink=\"http:\/\/blogdalucianaoliveira.com.br\/blog\/2016\/06\/22\/instituicoes-dizem-nao-ao-nao-e-proibido-proibir-estudantes-de-protestarem\/panfletos_apocrifos\/\" data-orig-file=\"https:\/\/i0.wp.com\/blogdalucianaoliveira.com.br\/blog\/wp-content\/uploads\/2016\/06\/PANFLETOS_AP%C3%93CRIFOS.jpg?fit=700%2C467\" data-orig-size=\"700,467\" data-comments-opened=\"0\" data-image-meta=\"{&quot;aperture&quot;:&quot;0&quot;,&quot;credit&quot;:&quot;&quot;,&quot;camera&quot;:&quot;&quot;,&quot;caption&quot;:&quot;&quot;,&quot;created_timestamp&quot;:&quot;0&quot;,&quot;copyright&quot;:&quot;&quot;,&quot;focal_length&quot;:&quot;0&quot;,&quot;iso&quot;:&quot;0&quot;,&quot;shutter_speed&quot;:&quot;0&quot;,&quot;title&quot;:&quot;&quot;,&quot;orientation&quot;:&quot;0&quot;}\" data-image-title=\"PANFLETOS_AP\u00d3CRIFOS\" data-image-description=\"\" data-image-caption=\"\" data-medium-file=\"https:\/\/i0.wp.com\/blogdalucianaoliveira.com.br\/blog\/wp-content\/uploads\/2016\/06\/PANFLETOS_AP%C3%93CRIFOS.jpg?fit=300%2C200\" data-large-file=\"https:\/\/i0.wp.com\/blogdalucianaoliveira.com.br\/blog\/wp-content\/uploads\/2016\/06\/PANFLETOS_AP%C3%93CRIFOS.jpg?fit=600%2C400\" src=\"https:\/\/i0.wp.com\/blogdalucianaoliveira.com.br\/blog\/wp-content\/uploads\/2016\/06\/PANFLETOS_AP%C3%93CRIFOS.jpg?resize=600%2C400\" alt=\"PANFLETOS_AP\u00d3CRIFOS\" width=\"600\" height=\"400\" class=\"alignnone size-full wp-image-1862\" srcset=\"https:\/\/i0.wp.com\/blogdalucianaoliveira.com.br\/blog\/wp-content\/uploads\/2016\/06\/PANFLETOS_AP%C3%93CRIFOS.jpg?w=700 700w, https:\/\/i0.wp.com\/blogdalucianaoliveira.com.br\/blog\/wp-content\/uploads\/2016\/06\/PANFLETOS_AP%C3%93CRIFOS.jpg?resize=300%2C200 300w, https:\/\/i0.wp.com\/blogdalucianaoliveira.com.br\/blog\/wp-content\/uploads\/2016\/06\/PANFLETOS_AP%C3%93CRIFOS.jpg?resize=450%2C300 450w\" sizes=\"auto, (max-width: 600px) 100vw, 600px\" \/><\/p>\n<p>O folheto distribu\u00eddo pelos manifestantes narrava atos sobre o despejo do acampamento Jhone Santos de Oliveira, com cr\u00edticas contra os comandantes da Pol\u00edcia Militar, latifundi\u00e1rios e ju\u00edzes. Para os \u00f3rg\u00e3os, os oficiais mencionados no material distribu\u00eddo poderiam buscar na Justi\u00e7a a responsabiliza\u00e7\u00e3o dos produtores e propagadores, sem usar o aparato de seguran\u00e7a p\u00fablica do Estado (a Pol\u00edcia Militar) para deter pessoas que se manifestavam sobre atos considerados ileg\u00edtimos pelos camponeses de Ariquemes e Ji-Paran\u00e1 e pelos detidos.<\/p>\n<p>Os \u00f3rg\u00e3o apontam que a Constitui\u00e7\u00e3o Federal assegura como direito fundamental a liberdade de express\u00e3o, sendo proibida toda e qualquer censura de natureza pol\u00edtica, ideol\u00f3gica e art\u00edstica. \u201cA express\u00e3o do pensamento \u00e9 v\u00e1lida n\u00e3o apenas para as informa\u00e7\u00f5es ou ideias favor\u00e1veis, inofensivas ou indiferentes, mas tamb\u00e9m para aquelas que chocam, inquietam ou ofendem o Estado ou uma fra\u00e7\u00e3o qualquer da popula\u00e7\u00e3o. Qualquer indiv\u00edduo que exerce sua liberdade de express\u00e3o assume deveres e responsabilidades\u201d, exp\u00f5em os autores da recomenda\u00e7\u00e3o \u2013 o procurador da Rep\u00fablica Raphael Bevilaqua; o procurador-geral de Justi\u00e7a, Airton Pedro Marin Filho; as defensoras p\u00fablicas federais Andressa Santana Arce e Alana R\u00fabia Matinas, o presidente da OAB-Seccional Rond\u00f4nia, Andrey Cavalcante; e as defensoras p\u00fablicas do Estado D&#8217;Angioli Costa e Luiziana Teles Feitosa Anacleto.<\/p>\n<p>Na recomenda\u00e7\u00e3o, os autores pedem que se investigue a conduta dos agentes que detiveram os manifestantes e apreenderam seus materiais, especialmente quanto \u00e0 divulga\u00e7\u00e3o da imagem dos detidos, dentre eles um adolescente, e quanto ao uso excessivo da for\u00e7a. Tamb\u00e9m orientam que n\u00e3o se fa\u00e7a pris\u00e3o, repress\u00e3o ou embara\u00e7o a atividade de manifestantes. O governador, o secret\u00e1rio de Seguran\u00e7a P\u00fablica e o comandante da PM t\u00eam 15 dias \u00fateis para informar se acatar\u00e3o ou n\u00e3o a recomenda\u00e7\u00e3o. A recusa poder\u00e1 resultar em outras provid\u00eancias por parte dos \u00f3rg\u00e3os.<\/p>\n","protected":false},"excerpt":{"rendered":"<p>Cinco institui\u00e7\u00f5es recomendam que governo de Rond\u00f4nia respeite a liberdade de express\u00e3o<\/p>\n","protected":false},"author":1,"featured_media":0,"comment_status":"closed","ping_status":"open","sticky":false,"template":"","format":"standard","meta":{"_exactmetrics_skip_tracking":false,"_exactmetrics_sitenote_active":false,"_exactmetrics_sitenote_note":"","_exactmetrics_sitenote_category":0,"jetpack_post_was_ever_published":false,"_jetpack_newsletter_access":"","_jetpack_dont_email_post_to_subs":false,"_jetpack_newsletter_tier_id":0,"_jetpack_memberships_contains_paywalled_content":false,"_jetpack_memberships_contains_paid_content":false,"footnotes":"","jetpack_publicize_message":"","jetpack_publicize_feature_enabled":true,"jetpack_social_post_already_shared":true,"jetpack_social_options":{"image_generator_settings":{"template":"highway","enabled":false},"version":2}},"categories":[1],"tags":[],"class_list":["post-1860","post","type-post","status-publish","format-standard","hentry","category-notas"],"jetpack_publicize_connections":[],"jetpack_sharing_enabled":true,"jetpack_featured_media_url":"","jetpack_shortlink":"https:\/\/wp.me\/p7wKYW-u0","jetpack-related-posts":[],"_links":{"self":[{"href":"http:\/\/blogdalucianaoliveira.com.br\/blog\/wp-json\/wp\/v2\/posts\/1860","targetHints":{"allow":["GET"]}}],"collection":[{"href":"http:\/\/blogdalucianaoliveira.com.br\/blog\/wp-json\/wp\/v2\/posts"}],"about":[{"href":"http:\/\/blogdalucianaoliveira.com.br\/blog\/wp-json\/wp\/v2\/types\/post"}],"author":[{"embeddable":true,"href":"http:\/\/blogdalucianaoliveira.com.br\/blog\/wp-json\/wp\/v2\/users\/1"}],"replies":[{"embeddable":true,"href":"http:\/\/blogdalucianaoliveira.com.br\/blog\/wp-json\/wp\/v2\/comments?post=1860"}],"version-history":[{"count":1,"href":"http:\/\/blogdalucianaoliveira.com.br\/blog\/wp-json\/wp\/v2\/posts\/1860\/revisions"}],"predecessor-version":[{"id":1863,"href":"http:\/\/blogdalucianaoliveira.com.br\/blog\/wp-json\/wp\/v2\/posts\/1860\/revisions\/1863"}],"wp:attachment":[{"href":"http:\/\/blogdalucianaoliveira.com.br\/blog\/wp-json\/wp\/v2\/media?parent=1860"}],"wp:term":[{"taxonomy":"category","embeddable":true,"href":"http:\/\/blogdalucianaoliveira.com.br\/blog\/wp-json\/wp\/v2\/categories?post=1860"},{"taxonomy":"post_tag","embeddable":true,"href":"http:\/\/blogdalucianaoliveira.com.br\/blog\/wp-json\/wp\/v2\/tags?post=1860"}],"curies":[{"name":"wp","href":"https:\/\/api.w.org\/{rel}","templated":true}]}}