{"id":18607,"date":"2018-07-08T09:32:55","date_gmt":"2018-07-08T13:32:55","guid":{"rendered":"http:\/\/blogdalucianaoliveira.com.br\/blog\/?p=18607"},"modified":"2018-07-08T09:32:55","modified_gmt":"2018-07-08T13:32:55","slug":"inflacao-sobe-e-custo-de-vida-dobra-em-junho-para-consumidores-de-renda-mais-baixa","status":"publish","type":"post","link":"http:\/\/blogdalucianaoliveira.com.br\/blog\/2018\/07\/08\/inflacao-sobe-e-custo-de-vida-dobra-em-junho-para-consumidores-de-renda-mais-baixa\/","title":{"rendered":"Infla\u00e7\u00e3o sobe e custo de vida dobra em junho para consumidores de renda mais baixa"},"content":{"rendered":"<p><img data-recalc-dims=\"1\" loading=\"lazy\" decoding=\"async\" data-attachment-id=\"18608\" data-permalink=\"http:\/\/blogdalucianaoliveira.com.br\/blog\/2018\/07\/08\/inflacao-sobe-e-custo-de-vida-dobra-em-junho-para-consumidores-de-renda-mais-baixa\/ee371c71-18da-4c0f-a430-1ad2374ad2b3\/\" data-orig-file=\"https:\/\/i0.wp.com\/blogdalucianaoliveira.com.br\/blog\/wp-content\/uploads\/2018\/07\/EE371C71-18DA-4C0F-A430-1AD2374AD2B3.jpeg?fit=523%2C345\" data-orig-size=\"523,345\" data-comments-opened=\"0\" data-image-meta=\"{&quot;aperture&quot;:&quot;0&quot;,&quot;credit&quot;:&quot;&quot;,&quot;camera&quot;:&quot;&quot;,&quot;caption&quot;:&quot;&quot;,&quot;created_timestamp&quot;:&quot;0&quot;,&quot;copyright&quot;:&quot;&quot;,&quot;focal_length&quot;:&quot;0&quot;,&quot;iso&quot;:&quot;0&quot;,&quot;shutter_speed&quot;:&quot;0&quot;,&quot;title&quot;:&quot;&quot;,&quot;orientation&quot;:&quot;0&quot;}\" data-image-title=\"EE371C71-18DA-4C0F-A430-1AD2374AD2B3\" data-image-description=\"\" data-image-caption=\"\" data-medium-file=\"https:\/\/i0.wp.com\/blogdalucianaoliveira.com.br\/blog\/wp-content\/uploads\/2018\/07\/EE371C71-18DA-4C0F-A430-1AD2374AD2B3.jpeg?fit=300%2C198\" data-large-file=\"https:\/\/i0.wp.com\/blogdalucianaoliveira.com.br\/blog\/wp-content\/uploads\/2018\/07\/EE371C71-18DA-4C0F-A430-1AD2374AD2B3.jpeg?fit=523%2C345\" src=\"https:\/\/i0.wp.com\/blogdalucianaoliveira.com.br\/blog\/wp-content\/uploads\/2018\/07\/EE371C71-18DA-4C0F-A430-1AD2374AD2B3.jpeg?resize=523%2C345\" alt=\"EE371C71-18DA-4C0F-A430-1AD2374AD2B3\" width=\"523\" height=\"345\" class=\"alignnone size-full wp-image-18608\" srcset=\"https:\/\/i0.wp.com\/blogdalucianaoliveira.com.br\/blog\/wp-content\/uploads\/2018\/07\/EE371C71-18DA-4C0F-A430-1AD2374AD2B3.jpeg?w=523 523w, https:\/\/i0.wp.com\/blogdalucianaoliveira.com.br\/blog\/wp-content\/uploads\/2018\/07\/EE371C71-18DA-4C0F-A430-1AD2374AD2B3.jpeg?resize=300%2C198 300w, https:\/\/i0.wp.com\/blogdalucianaoliveira.com.br\/blog\/wp-content\/uploads\/2018\/07\/EE371C71-18DA-4C0F-A430-1AD2374AD2B3.jpeg?resize=455%2C300 455w\" sizes=\"auto, (max-width: 523px) 100vw, 523px\" \/><\/p>\n<p>Alta na cesta b\u00e1sica, reajuste do botij\u00e3o de g\u00e1s e manuten\u00e7\u00e3o da tarifa vermelha de energia penalizam mais pobres<!--more--><\/p>\n<p>J\u00falia Dolce<br \/>\nBrasil de Fato | S\u00e3o Paulo <\/p>\n<p>A empregada dom\u00e9stica Luciene Ferreira, moradora de Queimados, na regi\u00e3o metropolitana do Rio de Janeiro, tem feito compras em um supermercado popular no bairro de Copacabana, onde trabalha, e carregado as sacolas no transporte p\u00fablico at\u00e9 a sua casa. Ela afirma que l\u00e1 encontra algumas promo\u00e7\u00f5es que n\u00e3o acha perto de seu bairro. <\/p>\n<p>&#8220;Est\u00e1 tudo muito caro, \u00e9 absurdo. Tenho deixado de comprar, principalmente carne. At\u00e9 os legumes que est\u00e3o muito caros, tem que ficar procurando promo\u00e7\u00e3o. Os legumes entram na promo\u00e7\u00e3o quando est\u00e3o come\u00e7ando a ficar; a\u00ed eu compro. Mas a carne n\u00e3o tem jeito&#8221;, lamentou.<\/p>\n<p>J\u00e1 Elis\u00e2ngela Lima, que vive na periferia de S\u00e3o Paulo, reclama que n\u00e3o tem conseguido fechar as contas com o sal\u00e1rio que recebe como gari. &#8220;Est\u00e1 tudo mais caro. Antes, um pacote de cinco quilos de arroz custava 5 reais, agora \u00e9 10, tem at\u00e9 de 18. Feij\u00e3o, que antes o quilo era de 1 real, agora chega a 7 reais. As coisas aumentam, mas o sal\u00e1rio que \u00e9 bom nada. Quando aumenta um pouquinho, os pre\u00e7os v\u00e3o l\u00e1 para cima&#8221;, disse.<\/p>\n<p>No caso da professora K\u00e1tia Rejane Lopes, moradora de Ouricuri, no sert\u00e3o pernambucano, o pre\u00e7o que tem mais impactado no or\u00e7amento tem sido o do botij\u00e3o de g\u00e1s. Ela afirma que, na regi\u00e3o, os moradores t\u00eam trocado o botij\u00e3o e o g\u00e1s encanado por fog\u00e3o a lenha.<\/p>\n<p>&#8220;A gente consegue sentir na pele. Quando tem uma crise, uma dificuldade no pa\u00eds, normalmente quem sofre primeiro s\u00e3o as classes desfavorecidas, as mulheres, os jovens, o Nordeste. Se voc\u00ea for pensar, o que voc\u00ea comprava h\u00e1 um ano com determinada quantidade de dinheiro, hoje voc\u00ea n\u00e3o consegue mais comprar. Do golpe para c\u00e1 aumentou bastante. O g\u00e1s era 50 reais e agora est\u00e1 por 85 reais. Aqui na regi\u00e3o est\u00e3o at\u00e9 vendendo fog\u00f5es \u00e0 lenha adaptados para a cidade&#8221;, contou.<\/p>\n<p>Custo de vida deve subir ainda mais<\/p>\n<p>As tr\u00eas mulheres ouvidas pelo Brasil de Fato revelam os impactos do aumento no custo de vida e da infla\u00e7\u00e3o na rotina dos brasileiros em diferentes estados. Nesta semana, diversas pesquisas, \u00edndices e an\u00fancios do governo expuseram que essa situa\u00e7\u00e3o continuar\u00e1 se intensificando nos pr\u00f3ximos meses.<\/p>\n<p>Divulgado nesta sexta-feira (6) o IPCA, \u00edndice oficial de infla\u00e7\u00e3o do pa\u00eds, cresceu para 1,26%, a maior alta para o m\u00eas de junho desde o ano de 1995. Considerando todos os meses do ano, foi o maior \u00edndice desde janeiro de 2016.<\/p>\n<p>J\u00e1 a pesquisa do \u00cdndice do Custo de Vida do munic\u00edpio de S\u00e3o Paulo, produzido pelo Departamento Intersindical de Estat\u00edstica e Estudos Socioecon\u00f4micos (Dieese), e tamb\u00e9m divulgada na sexta-feira, mostrou uma varia\u00e7\u00e3o de 1,38% de maio para junho. No \u00faltimo ano, o custo de vida na regi\u00e3o aumentou em 4,24%.<\/p>\n<p>Outro estudo, divulgado na quinta-feira (5) pelo Instituto Brasileiro de Economia da Funda\u00e7\u00e3o Get\u00falio Vargas (Ibre FGV), mostrou que o \u00cdndice de Pre\u00e7os ao Consumidor &#8211; Classe 1 (IPC-C1), que abrange fam\u00edlias que ganham at\u00e9 2,5 sal\u00e1rios m\u00ednimos por m\u00eas, teve um aumento de 0,60% para 1,52% entre maio e junho deste ano, indicando que a infla\u00e7\u00e3o para os mais pobres teve sua maior taxa desde janeiro de 2016.<\/p>\n<p>A queda na infla\u00e7\u00e3o vinha sendo uma das principais bandeiras do governo de Michel Temer (MDB), que comemorou, na virada de 2018, a infla\u00e7\u00e3o anual em 2,95%, abaixo do piso estipulado de 3%. De acordo com o economista Pedro Lapa, no entanto, a infla\u00e7\u00e3o relativamente baixa do governo Temer vem no mesmo cen\u00e1rio de uma austeridade fiscal.<\/p>\n<p>&#8220;O governo n\u00e3o investe, os empres\u00e1rios n\u00e3o investem, e a infla\u00e7\u00e3o apenas assegura o ganho financeiro e n\u00e3o a atividade produtiva. O que a gente tem encontrado, a partir da solu\u00e7\u00e3o conservadora, \u00e9 infla\u00e7\u00e3o baixa e atividade produtiva baixa. Para quem pode corrigir os pre\u00e7os, ela n\u00e3o representa amea\u00e7a, mas para quem compra \u00e9 sempre uma perda&#8221;, afirmou.<\/p>\n<p>Pre\u00e7os administrados<\/p>\n<p>A recente alta na infla\u00e7\u00e3o e no custo de vida tem sido justificada por ve\u00edculos de imprensa, como os jornais Valor Econ\u00f4mico e Folha de S. Paulo, como uma consequ\u00eancia da paralisa\u00e7\u00e3o dos caminhoneiros, que aconteceu na \u00faltima semana do m\u00eas de maio. Para Lapa, no entanto, o principal culpado \u00e9 a pol\u00edtica de aumento dos pre\u00e7os administrados, caracterizados pelos pre\u00e7os fixados pelo Estado, como o GLP (g\u00e1s liquefeito de petr\u00f3leo), a luz, o \u00e1lcool, o diesel e as tarifas de transportes p\u00fablicos.<\/p>\n<p>&#8220;Eu acho que a greve dos caminhoneiros foi muito importante e teve uma influ\u00eancia grande no funcionamento da economia, mas n\u00e3o acredito que seja respons\u00e1vel por essa varia\u00e7\u00e3o. Isso porque, tanto as estruturas produtivas quanto comerciais est\u00e3o na m\u00e3o de um n\u00famero muito pequeno de grandes corpora\u00e7\u00f5es. Parte do pre\u00e7os s\u00e3o administrados pelo Estado e outra parte por grandes corpora\u00e7\u00f5es. Nesse sentido podemos afirmar que o consumidor \u00e9 um expectador do aumento de pre\u00e7os&#8221;, afirmou o economista.<\/p>\n<p>A Petrobras anunciou na quarta-feira (4) um aumento de 4,4% no pre\u00e7o m\u00e9dio dos botij\u00f5es de at\u00e9 13 kg, para uso residencial, o chamado g\u00e1s de cozinha. A alta \u00e9 sobre o pre\u00e7o cobrado nas refinarias, e j\u00e1 come\u00e7ou a valer no dia seguinte do an\u00fancio. Desde o in\u00edcio deste ano, a estatal passou a adotar uma regra de reajuste trimestral para o GLP. Desde outubro de 2016, a Petrobras adotou o pareamento de GLP com os pre\u00e7os internacionais, pol\u00edtica que vem sendo amplamente criticada pelos petroleiros.<\/p>\n<p>Em nota, a Federa\u00e7\u00e3o \u00danica dos Petroleiros (FUP) destacou que a atual ordem da Petrobr\u00e1s \u00e9 reduzir o processamento das refinarias e comprar GLP do mercado estrangeiro. A FUP tamb\u00e9m anunciou uma greve de abastecimento, principalmente do Nordeste, regi\u00e3o mais afetada.<\/p>\n<p>&#8220;O governo Temer est\u00e1 desabastecendo o pa\u00eds com essa pol\u00edtica de desmonte que reduziu a carga das refinarias e elevou os pre\u00e7os dos combust\u00edveis e do g\u00e1s de cozinha, obrigando milh\u00f5es de brasileiros a voltarem a cozinhar com lenha e carv\u00e3o. Nossa greve \u00e9 para que as refinarias voltem a operar com carga m\u00e1xima, e a Petrobr\u00e1s, a cumprir a sua miss\u00e3o&#8221;, destaca a nota.<\/p>\n<p>Conta de luz mais cara<\/p>\n<p>Paralelamente, tamb\u00e9m nesta semana, A Ag\u00eancia Nacional de Energia El\u00e9trica (Aneel) comunicou que a conta de luz dos brasileiros ficar\u00e1 ainda mais cara em julho, j\u00e1 que a bandeira tarif\u00e1ria vermelha patamar 2, n\u00edvel mais alto dentro do sistema criado para sinalizar aos consumidores os custos da energia, ser\u00e1 mantida. Com a bandeira nesse n\u00edvel, os consumidores ter\u00e3o que pagar 5 reais a mais a cada 100kWh (quilowattz-hora) de energia el\u00e9trica consumido. Com a chegada do inverno e seus dias mais curtos, o aumento da demanda por energia tende a prejudicar ainda mais as contas. J\u00e1 nas cidades da regi\u00e3o metropolitana de S\u00e3o Paulo, a AES Eletropaulo divulgou um reajuste m\u00e9dio de 15,84% nas tarifas de energia a partir da quarta-feira (4).<\/p>\n<p>De acordo com a economista Patr\u00edcia Lino Costa, respons\u00e1vel pela pesquisa do ICV no Dieese, os pre\u00e7os administrados e seus constantes aumentos representam a maior preocupa\u00e7\u00e3o para o custo de vida.<\/p>\n<p>&#8220;Quando olhamos para a infla\u00e7\u00e3o e vimos ela t\u00e3o baixa a sensa\u00e7\u00e3o que d\u00e1, e o que o governo coloca, \u00e9 que o brasileiro est\u00e1 ganhando poder de compra. Mas a infla\u00e7\u00e3o est\u00e1 baixa porque \u00e9 uma m\u00e9dia. Quando voc\u00ea abre esse n\u00famero, v\u00ea que os pre\u00e7os administrados sobem muito acima da infla\u00e7\u00e3o, em patamares de 20%. Se a popula\u00e7\u00e3o tem uma renda limitada e gasta mais da metade dela apenas para pagar os servi\u00e7os essenciais, sobra muito pouco para comer, para viver. Em algumas capitais, as fam\u00edlias de baixa renda gastam 40% de sua renda apenas para comprar um botij\u00e3o de g\u00e1s, como voc\u00ea vive assim?&#8221;, questionou.<\/p>\n<p>Para Pedro Lapa, al\u00e9m da pol\u00edtica de pre\u00e7os, a amea\u00e7a de privatiza\u00e7\u00e3o do setor energ\u00e9tico no pa\u00eds colabora para a instabilidade dos pre\u00e7os. &#8220;No \u00faltimo caso voc\u00ea tem uma mudan\u00e7a na tarifa mas tamb\u00e9m tem o an\u00fancio e um forte processo de privatiza\u00e7\u00e3o. Ent\u00e3o estamos vendo uma transi\u00e7\u00e3o de uma pol\u00edtica p\u00fablica de pre\u00e7o para energia para uma pol\u00edtica privada&#8217;, afirmou.<\/p>\n<p>Cesta b\u00e1sica<\/p>\n<p>O aumento dos pre\u00e7os administrados impactam, direta e indiretamente, em diversos servi\u00e7os, como a produ\u00e7\u00e3o de alimentos, o que impacta nos custos do cidad\u00e3o.  Lan\u00e7ada na quinta-feira (5), a Pesquisa Nacional de Cesta B\u00e1sica de Alimentos do Dieese, que mede a varia\u00e7\u00e3o da cesta b\u00e1sica em 20 capitais brasileiras, mostrou um aumento nos alimentos pelo segundo m\u00eas consecutivo. Em junho, houve uma eleva\u00e7\u00e3o do conjunto de alimentos essenciais em 16 capitais. Em maio, a cesta b\u00e1sica mais cara era a do estado do Rio de Janeiro, custando R$446,03, o que representa 50,82% do sal\u00e1rio m\u00ednimo. J\u00e1 no m\u00eas de junho, a cesta b\u00e1sica em Porto Alegre ficou em primeiro lugar na lista (R$452,81), seguida por S\u00e3o Paulo (R$451,63) e o estado fluminense (R$445,58).<\/p>\n<p>De acordo com a economista Patr\u00edcia Lino Costa, com o alto pre\u00e7o dos alimentos e a alta taxa de desemprego \u2014  s\u00e3o 13 milh\u00f5es de desempregados e um crescimento de 6% do trabalho informal, de acordo com dados divulgado pelo Instituto Brasileiro de Geografia e Estat\u00edstica (IBGE) em 29 de junho \u2014 as fam\u00edlias brasileiras est\u00e3o precisando substituir os h\u00e1bitos de consumo para fechar as contas no fim do m\u00eas.<\/p>\n<p>&#8220;Para as fam\u00edlias de baixa renda, a estrat\u00e9gia de sobreviv\u00eancia est\u00e1 ficando cada vez mais complicada, porque voc\u00ea n\u00e3o gera empregos de longa dura\u00e7\u00e3o, e sim intermitentes, ent\u00e3o n\u00e3o d\u00e1 a seguran\u00e7a para a fam\u00edlia conseguir o cr\u00e9dito, e de outro lado, a renda do cotidiano \u00e9 gasta toda para pagar pre\u00e7os administrados. Elas v\u00eam em processo de empobrecimento. Voc\u00ea tem a op\u00e7\u00e3o da substitui\u00e7\u00e3o de alimentos, mas com isso, h\u00e1 uma queda na qualidade da pr\u00f3pria vida dos brasileiros, que v\u00e3o se alimentar mal, menos e com produtos mais baratos que s\u00e3o pagos depois de que todos os pre\u00e7os administrados s\u00e3o pagos&#8221;, afirmou.<\/p>\n<p>O economista Pedro Lapa conclui afirmando que &#8220;o golpe tornou a cesta b\u00e1sica mais cara e menor para o cidad\u00e3o, e em muitos casos, prendeu muitos brasileiros na pobreza&#8221;. <\/p>\n<p>Edi\u00e7\u00e3o: Daniela Stefano<\/p>\n","protected":false},"excerpt":{"rendered":"<p>Alta na cesta b\u00e1sica, reajuste do botij\u00e3o de g\u00e1s e manuten\u00e7\u00e3o da tarifa vermelha de energia penalizam mais pobres<\/p>\n","protected":false},"author":1,"featured_media":0,"comment_status":"closed","ping_status":"open","sticky":false,"template":"","format":"standard","meta":{"_exactmetrics_skip_tracking":false,"_exactmetrics_sitenote_active":false,"_exactmetrics_sitenote_note":"","_exactmetrics_sitenote_category":0,"jetpack_post_was_ever_published":false,"_jetpack_newsletter_access":"","_jetpack_dont_email_post_to_subs":false,"_jetpack_newsletter_tier_id":0,"_jetpack_memberships_contains_paywalled_content":false,"_jetpack_memberships_contains_paid_content":false,"footnotes":"","jetpack_publicize_message":"","jetpack_publicize_feature_enabled":true,"jetpack_social_post_already_shared":true,"jetpack_social_options":{"image_generator_settings":{"template":"highway","enabled":false},"version":2}},"categories":[1],"tags":[],"class_list":["post-18607","post","type-post","status-publish","format-standard","hentry","category-notas"],"jetpack_publicize_connections":[],"jetpack_sharing_enabled":true,"jetpack_featured_media_url":"","jetpack_shortlink":"https:\/\/wp.me\/p7wKYW-4Q7","jetpack-related-posts":[],"_links":{"self":[{"href":"http:\/\/blogdalucianaoliveira.com.br\/blog\/wp-json\/wp\/v2\/posts\/18607","targetHints":{"allow":["GET"]}}],"collection":[{"href":"http:\/\/blogdalucianaoliveira.com.br\/blog\/wp-json\/wp\/v2\/posts"}],"about":[{"href":"http:\/\/blogdalucianaoliveira.com.br\/blog\/wp-json\/wp\/v2\/types\/post"}],"author":[{"embeddable":true,"href":"http:\/\/blogdalucianaoliveira.com.br\/blog\/wp-json\/wp\/v2\/users\/1"}],"replies":[{"embeddable":true,"href":"http:\/\/blogdalucianaoliveira.com.br\/blog\/wp-json\/wp\/v2\/comments?post=18607"}],"version-history":[{"count":1,"href":"http:\/\/blogdalucianaoliveira.com.br\/blog\/wp-json\/wp\/v2\/posts\/18607\/revisions"}],"predecessor-version":[{"id":18609,"href":"http:\/\/blogdalucianaoliveira.com.br\/blog\/wp-json\/wp\/v2\/posts\/18607\/revisions\/18609"}],"wp:attachment":[{"href":"http:\/\/blogdalucianaoliveira.com.br\/blog\/wp-json\/wp\/v2\/media?parent=18607"}],"wp:term":[{"taxonomy":"category","embeddable":true,"href":"http:\/\/blogdalucianaoliveira.com.br\/blog\/wp-json\/wp\/v2\/categories?post=18607"},{"taxonomy":"post_tag","embeddable":true,"href":"http:\/\/blogdalucianaoliveira.com.br\/blog\/wp-json\/wp\/v2\/tags?post=18607"}],"curies":[{"name":"wp","href":"https:\/\/api.w.org\/{rel}","templated":true}]}}