{"id":18613,"date":"2018-07-09T10:03:20","date_gmt":"2018-07-09T14:03:20","guid":{"rendered":"http:\/\/blogdalucianaoliveira.com.br\/blog\/?p=18613"},"modified":"2018-07-09T10:03:20","modified_gmt":"2018-07-09T14:03:20","slug":"ministros-do-stf-e-do-stj-veem-moro-desmascarado-pelo-hc-para-lula","status":"publish","type":"post","link":"http:\/\/blogdalucianaoliveira.com.br\/blog\/2018\/07\/09\/ministros-do-stf-e-do-stj-veem-moro-desmascarado-pelo-hc-para-lula\/","title":{"rendered":"Ministros do STF e do STJ veem Moro \u201cdesmascarado\u201d pelo HC para Lula"},"content":{"rendered":"<p><img data-recalc-dims=\"1\" loading=\"lazy\" decoding=\"async\" data-attachment-id=\"18614\" data-permalink=\"http:\/\/blogdalucianaoliveira.com.br\/blog\/2018\/07\/09\/ministros-do-stf-e-do-stj-veem-moro-desmascarado-pelo-hc-para-lula\/moro-tucano\/\" data-orig-file=\"https:\/\/i0.wp.com\/blogdalucianaoliveira.com.br\/blog\/wp-content\/uploads\/2018\/07\/moro-tucano.jpg?fit=750%2C420\" data-orig-size=\"750,420\" data-comments-opened=\"0\" data-image-meta=\"{&quot;aperture&quot;:&quot;0&quot;,&quot;credit&quot;:&quot;&quot;,&quot;camera&quot;:&quot;&quot;,&quot;caption&quot;:&quot;&quot;,&quot;created_timestamp&quot;:&quot;0&quot;,&quot;copyright&quot;:&quot;&quot;,&quot;focal_length&quot;:&quot;0&quot;,&quot;iso&quot;:&quot;0&quot;,&quot;shutter_speed&quot;:&quot;0&quot;,&quot;title&quot;:&quot;&quot;,&quot;orientation&quot;:&quot;1&quot;}\" data-image-title=\"moro-tucano\" data-image-description=\"\" data-image-caption=\"\" data-medium-file=\"https:\/\/i0.wp.com\/blogdalucianaoliveira.com.br\/blog\/wp-content\/uploads\/2018\/07\/moro-tucano.jpg?fit=300%2C168\" data-large-file=\"https:\/\/i0.wp.com\/blogdalucianaoliveira.com.br\/blog\/wp-content\/uploads\/2018\/07\/moro-tucano.jpg?fit=600%2C336\" class=\"alignnone size-full wp-image-18614\" src=\"https:\/\/i0.wp.com\/blogdalucianaoliveira.com.br\/blog\/wp-content\/uploads\/2018\/07\/moro-tucano.jpg?resize=600%2C336\" alt=\"moro-tucano\" width=\"600\" height=\"336\" srcset=\"https:\/\/i0.wp.com\/blogdalucianaoliveira.com.br\/blog\/wp-content\/uploads\/2018\/07\/moro-tucano.jpg?w=750 750w, https:\/\/i0.wp.com\/blogdalucianaoliveira.com.br\/blog\/wp-content\/uploads\/2018\/07\/moro-tucano.jpg?resize=300%2C168 300w, https:\/\/i0.wp.com\/blogdalucianaoliveira.com.br\/blog\/wp-content\/uploads\/2018\/07\/moro-tucano.jpg?resize=536%2C300 536w\" sizes=\"auto, (max-width: 600px) 100vw, 600px\" \/><\/p>\n<p>No Blog do Eduardo Guimar\u00e3es &#8211; Segundo a Folha de S\u00e3o Paulo, integrantes de tribunais superiores (STF e STJ) chegaram \u00e0 conclus\u00e3o de que o juiz Sergio Moro \u201cescorregou numa casca de banana atirada pelos petistas\u201d. Para ministros do STJ e do STF, o PT teria conseguido \u201cexpor o voluntarismo de Moro, refor\u00e7ando a tese de que ele n\u00e3o \u00e9 imparcial nos casos do ex-presidente\u201d.<!--more--><\/p>\n<p>Para os ministros, o PT obteve a \u00fanica vit\u00f3ria de m\u00e9dio prazo poss\u00edvel: fazer Moro errar. Na avalia\u00e7\u00e3o deles, o juiz pisou em falso ao ordenar que a PF n\u00e3o cumprisse a ordem de soltura, em afronta \u00e0 hierarquia do Judici\u00e1rio, e quando mobilizou outros ju\u00edzes do TRF-4 para derrubar a decis\u00e3o.<\/p>\n<p>Segundo relatos, Moro chegou a ligar para o diretor-geral da Pol\u00edcia Federal, Rog\u00e9rio Galloro, para argumentar contra o cumprimento da decis\u00e3o de Favreto.<\/p>\n<p>Para os ministros do STJ e do STF, mesmo que a ordem do desembargador possa ter sido errada, Moro errou ao se insurgir. O jornal diz que a \u201cposi\u00e7\u00e3o [de Moro] ser\u00e1 explorada em a\u00e7\u00f5es no Conselho Nacional de Justi\u00e7a e pela defesa de Lula nos recursos \u00e0s cortes superiores\u201d. O jornal n\u00e3o diz se acha cab\u00edvel que Moro tenha agido como agiu.<\/p>\n<div class=\"addtoany_share_save_container addtoany_content addtoany_content_bottom\"><\/div>\n","protected":false},"excerpt":{"rendered":"<p>No Blog do Eduardo Guimar\u00e3es &#8211; Segundo a Folha de S\u00e3o Paulo, integrantes de tribunais superiores (STF e STJ) chegaram \u00e0 conclus\u00e3o de que o juiz Sergio Moro \u201cescorregou numa casca de banana atirada pelos petistas\u201d. Para ministros do STJ e do STF, o PT teria conseguido \u201cexpor o voluntarismo de Moro, refor\u00e7ando a tese&#8230;<a class=\"more-link\" href=\"http:\/\/blogdalucianaoliveira.com.br\/blog\/2018\/07\/09\/ministros-do-stf-e-do-stj-veem-moro-desmascarado-pelo-hc-para-lula\/\">Continue a leitura <span class=\"meta-nav\">&raquo;<\/span><\/a><\/p>\n","protected":false},"author":1,"featured_media":0,"comment_status":"closed","ping_status":"open","sticky":false,"template":"","format":"standard","meta":{"_exactmetrics_skip_tracking":false,"_exactmetrics_sitenote_active":false,"_exactmetrics_sitenote_note":"","_exactmetrics_sitenote_category":0,"jetpack_post_was_ever_published":false,"_jetpack_newsletter_access":"","_jetpack_dont_email_post_to_subs":false,"_jetpack_newsletter_tier_id":0,"_jetpack_memberships_contains_paywalled_content":false,"_jetpack_memberships_contains_paid_content":false,"footnotes":"","jetpack_publicize_message":"","jetpack_publicize_feature_enabled":true,"jetpack_social_post_already_shared":true,"jetpack_social_options":{"image_generator_settings":{"template":"highway","enabled":false},"version":2}},"categories":[1],"tags":[],"class_list":["post-18613","post","type-post","status-publish","format-standard","hentry","category-notas"],"jetpack_publicize_connections":[],"jetpack_sharing_enabled":true,"jetpack_featured_media_url":"","jetpack_shortlink":"https:\/\/wp.me\/p7wKYW-4Qd","jetpack-related-posts":[],"_links":{"self":[{"href":"http:\/\/blogdalucianaoliveira.com.br\/blog\/wp-json\/wp\/v2\/posts\/18613","targetHints":{"allow":["GET"]}}],"collection":[{"href":"http:\/\/blogdalucianaoliveira.com.br\/blog\/wp-json\/wp\/v2\/posts"}],"about":[{"href":"http:\/\/blogdalucianaoliveira.com.br\/blog\/wp-json\/wp\/v2\/types\/post"}],"author":[{"embeddable":true,"href":"http:\/\/blogdalucianaoliveira.com.br\/blog\/wp-json\/wp\/v2\/users\/1"}],"replies":[{"embeddable":true,"href":"http:\/\/blogdalucianaoliveira.com.br\/blog\/wp-json\/wp\/v2\/comments?post=18613"}],"version-history":[{"count":1,"href":"http:\/\/blogdalucianaoliveira.com.br\/blog\/wp-json\/wp\/v2\/posts\/18613\/revisions"}],"predecessor-version":[{"id":18615,"href":"http:\/\/blogdalucianaoliveira.com.br\/blog\/wp-json\/wp\/v2\/posts\/18613\/revisions\/18615"}],"wp:attachment":[{"href":"http:\/\/blogdalucianaoliveira.com.br\/blog\/wp-json\/wp\/v2\/media?parent=18613"}],"wp:term":[{"taxonomy":"category","embeddable":true,"href":"http:\/\/blogdalucianaoliveira.com.br\/blog\/wp-json\/wp\/v2\/categories?post=18613"},{"taxonomy":"post_tag","embeddable":true,"href":"http:\/\/blogdalucianaoliveira.com.br\/blog\/wp-json\/wp\/v2\/tags?post=18613"}],"curies":[{"name":"wp","href":"https:\/\/api.w.org\/{rel}","templated":true}]}}