{"id":18616,"date":"2018-07-09T10:22:29","date_gmt":"2018-07-09T14:22:29","guid":{"rendered":"http:\/\/blogdalucianaoliveira.com.br\/blog\/?p=18616"},"modified":"2018-07-09T10:22:29","modified_gmt":"2018-07-09T14:22:29","slug":"caso-nicolas-naitz-a-linha-de-investigacao-que-quase-ficou-para-tras","status":"publish","type":"post","link":"http:\/\/blogdalucianaoliveira.com.br\/blog\/2018\/07\/09\/caso-nicolas-naitz-a-linha-de-investigacao-que-quase-ficou-para-tras\/","title":{"rendered":"Caso Nicolas Naitz: a linha de investiga\u00e7\u00e3o que \u2013 quase \u2013 ficou para tr\u00e1s"},"content":{"rendered":"<p><img data-recalc-dims=\"1\" loading=\"lazy\" decoding=\"async\" data-attachment-id=\"18618\" data-permalink=\"http:\/\/blogdalucianaoliveira.com.br\/blog\/2018\/07\/09\/caso-nicolas-naitz-a-linha-de-investigacao-que-quase-ficou-para-tras\/mmm\/\" data-orig-file=\"https:\/\/i0.wp.com\/blogdalucianaoliveira.com.br\/blog\/wp-content\/uploads\/2018\/07\/mmm.jpg?fit=700%2C478\" data-orig-size=\"700,478\" data-comments-opened=\"0\" data-image-meta=\"{&quot;aperture&quot;:&quot;0&quot;,&quot;credit&quot;:&quot;&quot;,&quot;camera&quot;:&quot;&quot;,&quot;caption&quot;:&quot;&quot;,&quot;created_timestamp&quot;:&quot;0&quot;,&quot;copyright&quot;:&quot;&quot;,&quot;focal_length&quot;:&quot;0&quot;,&quot;iso&quot;:&quot;0&quot;,&quot;shutter_speed&quot;:&quot;0&quot;,&quot;title&quot;:&quot;&quot;,&quot;orientation&quot;:&quot;1&quot;}\" data-image-title=\"mmm\" data-image-description=\"\" data-image-caption=\"\" data-medium-file=\"https:\/\/i0.wp.com\/blogdalucianaoliveira.com.br\/blog\/wp-content\/uploads\/2018\/07\/mmm.jpg?fit=300%2C205\" data-large-file=\"https:\/\/i0.wp.com\/blogdalucianaoliveira.com.br\/blog\/wp-content\/uploads\/2018\/07\/mmm.jpg?fit=600%2C410\" class=\"alignnone size-full wp-image-18618\" src=\"https:\/\/i0.wp.com\/blogdalucianaoliveira.com.br\/blog\/wp-content\/uploads\/2018\/07\/mmm.jpg?resize=600%2C410\" alt=\"mmm\" width=\"600\" height=\"410\" srcset=\"https:\/\/i0.wp.com\/blogdalucianaoliveira.com.br\/blog\/wp-content\/uploads\/2018\/07\/mmm.jpg?w=700 700w, https:\/\/i0.wp.com\/blogdalucianaoliveira.com.br\/blog\/wp-content\/uploads\/2018\/07\/mmm.jpg?resize=300%2C205 300w, https:\/\/i0.wp.com\/blogdalucianaoliveira.com.br\/blog\/wp-content\/uploads\/2018\/07\/mmm.jpg?resize=439%2C300 439w\" sizes=\"auto, (max-width: 600px) 100vw, 600px\" \/><\/p>\n<p><strong>POR VINICIUS CANOVA\u00a0<\/strong><strong>\u2013\u00a0<\/strong>&#8220;Cora\u00e7\u00e3o de m\u00e3e n\u00e3o se engana. Ele est\u00e1 vivo e vou encontr\u00e1-lo&#8221;. Esse \u00e9 o pensamento de Marciele Naitz Sampaio Pereira mais de 1460 dias ap\u00f3s o desaparecimento de seu \u00fanico filho. Quando deu a luz, tinha apenas 17 anos; atualmente, est\u00e1 com 21, ainda mora em Cujubim, \u00e9 formada em Administra\u00e7\u00e3o e trabalha numa loja local.<!--more--><\/p>\n<p>O hist\u00f3rico do mist\u00e9rio envolto ao sumi\u00e7o da crian\u00e7a revela que o beb\u00ea\u00a0Nicolas\u00a0Naitz nasceu no dia 22 de maio, \u00e0s 9h20, com 2,8 kg \u2013 de parto normal \u2013 no hospital Santa Izabel, em Candeias do Jamari.<\/p>\n<p>Logo ap\u00f3s o nascimento, o menino apresentava boas condi\u00e7\u00f5es de sa\u00fade, segundo informou o obstetra tanto \u00e0 m\u00e3e quanto \u00e0 av\u00f3 do rebento.<\/p>\n<p>E n\u00e3o s\u00f3 isso. A t\u00e9cnica em enfermagem Marli Dahm acompanhou o traslado de Marciele \u2013 ainda gr\u00e1vida \u2013 de Cujubim a Candeias. Ela tem 20 anos de experi\u00eancia profissional e garantiu \u00e0 reportagem:<\/p>\n<p>\u201cEu assisti ao parto do Nicolas, inclusive fui eu que tirei as fotos de quando ele nasceu. O beb\u00ea nasceu bem, chorou muito. N\u00e3o precisou ser aspirado nem de oxig\u00eanio. Tenho certeza que o Nicolas est\u00e1 vivo em algum lugar\u201d, disse.<\/p>\n<p><img data-recalc-dims=\"1\" decoding=\"async\" class=\"entry-thumb\" src=\"https:\/\/i0.wp.com\/rondoniadinamica.com\/uploads\/caso-nicolas-09072018_1.jpg?w=600\" alt=\"\" \/><br \/>\n<em>Nicolas nasceu saud\u00e1vel, atesta enfermeira que acompanhou o parto \/ Divulga\u00e7\u00e3o<\/em><\/p>\n<p>A opini\u00e3o de Marli est\u00e1 ligada ao que, na vis\u00e3o dela, ocorreu ap\u00f3s o nascimento.<\/p>\n<p>\u201cDe repente, de uma hora para a outra, o m\u00e9dico disse que levaria a crian\u00e7a para Porto Velho. E me disse: \u2018Eu levo o beb\u00ea e voc\u00ea segue com a m\u00e3e em outra ambul\u00e2ncia. Eu estranhei a atitude dele, mas \u00e9 como dizem: \u2018Conduta m\u00e9dica n\u00e3o pode ser questionada\u201d, revelou.<\/p>\n<p>Cerca de nove horas depois, no entanto, o rec\u00e9m-nascido estaria morto, isto ap\u00f3s passar pelos hospitais S\u00e3o Cosme e Dami\u00e3o e Regina Pacis, de Porto Velho.<\/p>\n<p>Nesse meio tempo, in\u00fameras informa\u00e7\u00f5es desencontradas convergiram \u00e0s margens do dram\u00e1tico desaparecimento cujas incertezas perduram at\u00e9 hoje.<\/p>\n<p><img data-recalc-dims=\"1\" decoding=\"async\" class=\"entry-thumb\" src=\"https:\/\/i0.wp.com\/www.rondoniadinamica.com\/uploads\/parto.jpg?w=600\" alt=\"\" \/><br \/>\n<em>O parto de Nicolas n\u00e3o foi realizado na ambul\u00e2ncia \/ Divulga\u00e7\u00e3o<\/em><\/p>\n<p>Uma pediatra da institui\u00e7\u00e3o foi quem atestou o \u00f3bito de\u00a0Nicolas\u00a0apontando, como causas, \u201cparto na ambul\u00e2ncia\u201d, \u201csepse neonatal\u201d, o mesmo que infec\u00e7\u00e3o em rec\u00e9m-nascido\u00a0e tamb\u00e9m \u201casfixia pr\u00e9-natal\u201d.<\/p>\n<p>O apontamento equivocado patrocinado pela pediatra lhe rendeu o indiciamento por falsidade ideol\u00f3gica, mas, no dia 20 de novembro de 2014, a 1\u00aa C\u00e2mara do Tribunal de Justi\u00e7a (TJ\/RO) anulou o procedimento sob entendimento de que n\u00e3o havia qualquer ind\u00edcio de prova que o justificasse.<\/p>\n<p>O caso de\u00a0Nicolas\u00a0Naitz Silva ganhou as manchetes do notici\u00e1rio rondoniense h\u00e1 pouco mais de quatro anos e, maior do que o tempo decorrido de l\u00e1 at\u00e9 agora, s\u00f3 o n\u00famero de perguntas sem respostas.<\/p>\n<p>Entretanto, um fio solto quase ficou para tr\u00e1s. Quase&#8230;<\/p>\n<p><strong>Mist\u00e9rios<\/strong>. Um personagem sem nome e ainda n\u00e3o identificado pode ser a pe\u00e7a-chave para resolver o quebra-cabe\u00e7a, ou, no m\u00ednimo, diminuir drasticamente os questionamentos remanescentes.<\/p>\n<p>Dar nome e rosto ao motoboy que andou pelos corredores da unidade hospitalar Regina Pacis, na Capital, de capacete, cal\u00e7a e jaqueta, enfim, completamente coberto da cabe\u00e7a aos p\u00e9s e ainda sem apresentar credenciais, soa como tarefa complexa ap\u00f3s quase meia d\u00e9cada.<\/p>\n<p>Por mais errado e fora de protocolo que seja desfilar com o rosto coberto numa unidade de sa\u00fade, claro, seria poss\u00edvel abra\u00e7ar a hip\u00f3tese de descuido por parte do entregador e, em contrapartida, absorver paralelamente a ideia de neglig\u00eancia do estabelecimento privado que o respaldou sem questionar.<\/p>\n<p>Mesmo assim, o sujeito poderia se anunciar de bom grado, espontaneamente, como sugeriu o ex-diretor-geral da PC\/RO Pedro Mancebo. Em entrevista \u00e0 Record em setembro de 2014, menos de tr\u00eas meses antes de a Homic\u00eddios concluir o caso, o delegado ressaltou a import\u00e2ncia de identificar o motoboy desconhecido.<\/p>\n<p>\u201cA partir do momento em que uma pessoa entra e ningu\u00e9m sabe quem \u00e9, entra e sai de capacete com um isopor que cabe perfeitamente uma crian\u00e7a, n\u00e3o se descarta a hip\u00f3tese de a crian\u00e7a ter sa\u00eddo dali viva ou morta\u201d, disse. Logo mais, complementou: \u201cSe essa pessoa se viu nas imagens e nada deve, compare\u00e7a \u00e0 pol\u00edcia para tirar as d\u00favidas\u201d, conclamou sem sucesso. A tal pessoa nunca apareceu&#8230;<\/p>\n<p><iframe loading=\"lazy\" class=\"entry-thumb\" src=\"https:\/\/www.youtube.com\/embed\/VRXAHvUD6Ms\" width=\"700\" height=\"467\" frameborder=\"0\" scrolling=\"no\" data-mce-fragment=\"1\"><\/iframe><br \/>\n<em>Em setembro de 2014, diretor da PC\/RO falou sobre a import\u00e2ncia de se identificar o motoboy \/ SicTV<\/em><\/p>\n<p>A repercuss\u00e3o do v\u00eddeo vazado \u00e0 Internet em agosto de 2014, um m\u00eas antes das declara\u00e7\u00f5es de Pedro Mancebo \u00e0 imprensa, faria qualquer pessoa em s\u00e3 consci\u00eancia sair em disparada para se defender, deixando clara sua inoc\u00eancia no epis\u00f3dio \u00e0s autoridades.<\/p>\n<p>No Judici\u00e1rio, a fam\u00edlia contesta decis\u00e3o de um juiz que condenou o Estado de Rond\u00f4nia a pagar R$ 90 mil \u00e0 fam\u00edlia pela &#8220;perda&#8221;.\u00a0\u00a0\u00c0 \u00e9poca,\u00a0<strong>Rond\u00f4nia Din\u00e2mica<\/strong>\u00a0publicou mat\u00e9ria a respeito (<strong><a href=\"https:\/\/goo.gl\/SoMtBC\" target=\"_blank\">https:\/\/goo.gl\/SoMtBC<\/a><\/strong>) e, logo mais, not\u00edcia sobre a impress\u00e3o dos familiares acerca da senten\u00e7a (<strong><u><a href=\"https:\/\/goo.gl\/25e9c8\" target=\"_blank\">https:\/\/goo.gl\/25e9c8<\/a><\/u><\/strong>).<\/p>\n<p>Atualmente, Marciele n\u00e3o dorme mais. Al\u00e9m do sono prejudicado por pensamentos e perturba\u00e7\u00f5es constantes, chora todos os dias. Pensar em\u00a0Nicolas\u00a0causa sensa\u00e7\u00f5es variadas que come\u00e7am numa alegria amena ao pensar no filho junto dela e na possibilidade de encontr\u00e1-lo bem e com sa\u00fade, passa por rompantes de agonia, terror e medo ao relembrar todo o corrido ainda sem desfecho e, finalmente, termina numa tristeza let\u00e1rgica a aplacar todos os seus sentidos.<\/p>\n<p><img data-recalc-dims=\"1\" decoding=\"async\" class=\"entry-thumb\" src=\"https:\/\/i0.wp.com\/www.rondoniadinamica.com\/uploads\/010202020202.jpg?w=600\" alt=\"\" \/><br \/>\n<em>Trecho da senten\u00e7a de Edenir Sebasti\u00e3o Barbosa: ele recha\u00e7ou tamb\u00e9m a tese do motoboy<\/em><\/p>\n<p>O ninho preparado para o beb\u00ea ruiu com o estresse do caso. H\u00e1 dois anos, a m\u00e3e e o pai se separaram. Ademar da Silva Severino quis seguir a vida mesmo sem esquecer o filho. Prop\u00f4s a Marciele, ent\u00e3o, que tivessem outras crian\u00e7as, tentassem viver de formas alternativas da melhor maneira poss\u00edvel enquanto aguardam informa\u00e7\u00f5es sobre o paradeiro do primog\u00eanito.<\/p>\n<p>Ela, relutante, n\u00e3o quis. S\u00f3 ir\u00e1 pensar num futuro familiar com novos ramos quando estiver com o pequeno\u00a0Nicolas\u00a0em seus bra\u00e7os \u2013 coisa que ainda n\u00e3o teve o prazer de experimentar. Assim, romperam.<\/p>\n<p>\u201cEu nunca vou desistir. Mesmo com coisas horr\u00edveis sendo ditas para mim, como, por exemplo, a sugest\u00e3o de uma delegada que atuou no caso. Ela queria que eu esquecesse o Nicolas. Disse que eu era nova e poderia ter mais filhos. Al\u00e9m disso, falou diversas vezes a outras pessoas: \u2018O que essa menina quer que eu fa\u00e7a? Ser\u00e1 que vou ter de parir um filho pra ela ficar quieta?\u201d, revelou.<\/p>\n<p><img data-recalc-dims=\"1\" decoding=\"async\" class=\"entry-thumb\" src=\"https:\/\/i0.wp.com\/www.rondoniadinamica.com\/uploads\/LAUDO-ARANTES.jpg?w=600\" alt=\"\" \/><br \/>\n<em>Antes de morrer, m\u00e9dico atestou incolumidade da gravidez de Marciele \/ Divulga\u00e7\u00e3o<\/em><\/p>\n<p><strong>Coincid\u00eancia mortal<\/strong><\/p>\n<p>A pedido de Marciele, o m\u00e9dico Mauro Arantes Costa Resende atestou, seis dias ap\u00f3s o nascimento de\u00a0Nicolas, a incolumidade da gravidez. Ele foi respons\u00e1vel pelo pr\u00e9-natal e deixou claro que a m\u00e3e do menino, sua paciente, apresentou boas condi\u00e7\u00f5es de sa\u00fade durante todo o acompanhamento cl\u00ednico. As ultrassonografias realizadas \u201cevidenciavam feto com boa vitaliciedade e crescimento adequado\u201d.<\/p>\n<p>Al\u00e9m do mais foi exposto, logo ao final do documento, que \u201ca paciente n\u00e3o apresentou nenhuma intercorr\u00eancia obst\u00e9trica durante o pr\u00e9-natal\u201d.<\/p>\n<p><iframe loading=\"lazy\" class=\"entry-thumb\" src=\"https:\/\/www.youtube.com\/embed\/PKTMAat1Qew\" width=\"700\" height=\"467\" frameborder=\"0\" scrolling=\"no\" data-mce-fragment=\"1\"><\/iframe><br \/>\n<em>Mauro Arantes \u00e9 assassinado em Cujubim; tese de latroc\u00ednio n\u00e3o foi confirmada \/ Divulga\u00e7\u00e3o<\/em><\/p>\n<p>Por\u00e9m, no dia 12 de abril de 2016 o m\u00e9dico foi executado em Cujubim (<u><strong><a href=\"https:\/\/goo.gl\/FpFMk5\" target=\"_blank\">https:\/\/goo.gl\/FpFMk5<\/a><\/strong><\/u>). Autoridades chegaram a indicar caracter\u00edsticas de latroc\u00ednio, pois Mauro Arantes teria reagido \u00e0 tentativa de assalto.<\/p>\n<p>A morte tamb\u00e9m n\u00e3o esclarecida de Arantes ocorreu dias antes de ele ser intimado a depor como testemunha \u00e0 Delegacia Especializada de Prote\u00e7\u00e3o \u00e0 Crian\u00e7a e ao Adolescente (DEPCA).<\/p>\n<p>O que n\u00e3o fecha \u00e9: Mauro Arantes foi o mesmo m\u00e9dico que informou \u00e0 t\u00e9cnica Marli que encaminharia a crian\u00e7a a Porto Velho, sem mais nem menos, determinando que ela acompanhasse a m\u00e3e, tamb\u00e9m remanejada, em outra viatura rumo \u00e0 Capital.<\/p>\n<p>Para Marciele, \u00e9 outro mist\u00e9rio.<\/p>\n<p>\u201cAntes de acontecer o suposto latroc\u00ednio, ele me ligou e disse: \u2018Marciele, n\u00e3o desista, pois o seu filho est\u00e1 vivo\u201d. Ela retrucou: \u201cComo voc\u00ea tem tanta certeza?\u201d.<\/p>\n<p>A resposta nunca veio.<\/p>\n<p><img data-recalc-dims=\"1\" decoding=\"async\" class=\"entry-thumb\" src=\"https:\/\/i0.wp.com\/www.rondoniadinamica.com\/uploads\/bb-02.jpg?w=600\" alt=\"\" \/><br \/>\n<em>Outra passagem na decis\u00e3o da esfera c\u00edvel; juiz questiona linha do entregador \/ Divulga\u00e7\u00e3o<\/em><\/p>\n<p><strong>Investiga\u00e7\u00f5es e inqu\u00e9rito contestado<\/strong><\/p>\n<p>Fl\u00e1vio Rodrigues, agente da Pol\u00edcia Civil (PC\/RO), coordenou os trabalhos de investiga\u00e7\u00e3o nos autos do inqu\u00e9rito sob comando da delegada Noelle Caroline Xavier. A \u00faltima saiu da delegacia ainda em 2015; o primeiro, tamb\u00e9m removido a outro setor \u2013 mais recentemente.<\/p>\n<p>Eles trabalharam diuturnamente de maio a outubro de 2014; depois disso, o inqu\u00e9rito foi retirado da DEPCA pelo ex-diretor da PC\/RO e encaminhado \u00e0 Delegacia Especializada em Repress\u00e3o aos Crimes Contra a Vida (Homic\u00eddios).<\/p>\n<p><img data-recalc-dims=\"1\" decoding=\"async\" class=\"entry-thumb\" src=\"https:\/\/i0.wp.com\/www.rondoniadinamica.com\/uploads\/flavio-rodrigues-lima_1.jpg?w=600\" alt=\"\" \/><br \/>\n<em>Agente Fl\u00e1vio Rodrigues n\u00e3o acredita que o caso tenha sido encerrado \/ Divulga\u00e7\u00e3o<\/em><\/p>\n<p>O delegado respons\u00e1vel pela Homic\u00eddios \u00e0 ocasi\u00e3o era Jeremias Mendes de Souza, ora diretor do Departamento de Pol\u00edcia Metropolitana (DEPOM). Naquela \u00e9poca, o delegado concluiu o inqu\u00e9rito dando termo \u00e0 situa\u00e7\u00e3o. Na vers\u00e3o dele,\u00a0Nicolas\u00a0Naitz teria sido incinerado por engano pela empresa Amazon Fort (<a href=\"https:\/\/goo.gl\/51fCde\" target=\"_blank\"><u><strong>https:\/\/goo.gl\/51fCde<\/strong><\/u><\/a>)<\/p>\n<p>O promotor de Justi\u00e7a Alan Castiel Barbosa n\u00e3o aceitou a conclus\u00e3o policial e encaminhou o inqu\u00e9rito de volta \u00e0 DEPCA onde, segundo M\u00e1rcia Gazoni, atual delegada titular, est\u00e1 prestes a exaurir a cota de dilig\u00eancias solicitada pelo Minist\u00e9rio P\u00fablico (MP\/RO). O promotor n\u00e3o quis conversar com a reportagem &#8220;para n\u00e3o atrapalhar as investiga\u00e7\u00f5es&#8221;.<\/p>\n<p>Na vis\u00e3o de Rodrigues, se as imagens do motoboy n\u00e3o fossem publicadas em tempo h\u00e1bil e o MP\/RO n\u00e3o interferisse reencaminhando os autos do inqu\u00e9rito \u00e0\u00a0<strong>DEPCA<\/strong>, a investiga\u00e7\u00e3o teria sido encerrada sem que se esgotassem outras linhas de apura\u00e7\u00e3o, como a do motoboy \u2013 por exemplo.<\/p>\n<p><strong>O relat\u00f3rio ignorado pela Homic\u00eddios<\/strong><\/p>\n<p><strong>Rond\u00f4nia Din\u00e2mica\u00a0<\/strong>teve acesso, exclusivamente, e \u00e9 a primeira vez que um ve\u00edculo de comunica\u00e7\u00e3o fala a respeito disso, a um relat\u00f3rio de 66 p\u00e1ginas elaborado pelos agentes da PC\/RO Elsedir Leite Ara\u00fajo e Humberto Johnson de Castro In\u00e1cio, destacados pela dire\u00e7\u00e3o-geral para investigar paralelamente os acontecimentos no Regina Pacis \u2013 onde o beb\u00ea com certeza entrou como comprovam as imagens do circuito interno da unidade hospitalar.<\/p>\n<p>Resumidamente, informa\u00e7\u00f5es que desmentem o quesito \u201cparto na ambul\u00e2ncia\u201d, informa\u00e7\u00e3o inicial oficializada atrav\u00e9s da m\u00e9dica respons\u00e1vel pelo Atestado de \u00d3bito. Por isso, n\u00e3o h\u00e1 certeza absoluta e incontest\u00e1vel sobre como \u2013 e em que estado \u2013 Nicolas saiu do hospital.<\/p>\n<p>O documento foi assinado no dia 10 de outubro de 2014; pouco mais de dois meses ap\u00f3s o relat\u00f3rio ser protocolado, recebido e rubricado pelo delegado Jeremias Mendes, a Homic\u00eddios encerrou o caso com a conclus\u00e3o de incinera\u00e7\u00e3o por engano. Mendes n\u00e3o anexou o relat\u00f3rio ao inqu\u00e9rito \u2013 o que s\u00f3 ocorreu ap\u00f3s interven\u00e7\u00e3o do MP\/RO no caso.<\/p>\n<p>Procurado pelo\u00a0<strong>Rond\u00f4nia Din\u00e2mica<\/strong>, Elsedir Leite limitou-se a dizer: \u201cEu n\u00e3o sei por que o delegado n\u00e3o mencionou [o relat\u00f3rio] na conclus\u00e3o dele\u201d.<\/p>\n<p>Ele sugeriu, ainda, que a reportagem procurasse Raimundo Mendes, delegado diretor do Departamento de Pol\u00edcia Especializada (DPE) para que este desse seu posicionamento acerca do assunto.<\/p>\n<p>Antes da sugest\u00e3o do agente, o jornalista respons\u00e1vel pela mat\u00e9ria tentou contato com Mendes diretamente via WhatsApp; a mensagem foi recebida e lida, mas o delegado bloqueou o contato sem responder ao questionamento exposto.<\/p>\n<p><img data-recalc-dims=\"1\" decoding=\"async\" class=\"entry-thumb\" src=\"https:\/\/i0.wp.com\/www.rondoniadinamica.com\/uploads\/PARA%2520USAR.jpg?w=600\" alt=\"\" \/><br \/>\n<em>Relat\u00f3rio n\u00e3o foi juntado ao inqu\u00e9rito pelo delegado Jeremias Mendes \/ Divulga\u00e7\u00e3o<\/em><\/p>\n<p>Mas documentalmente, Ara\u00fajo e In\u00e1cio n\u00e3o s\u00f3 consideraram o entregador pe\u00e7a-chave para dirimir quest\u00f5es, como tamb\u00e9m propuseram s\u00e9rie de dilig\u00eancias \u00e0 autoridade policial que poderia render a identifica\u00e7\u00e3o do homem \u2013 ainda n\u00e3o revelada, segundo a delegada M\u00e1rcia Gazoni.<\/p>\n<p>Os agentes conclu\u00edram, na linha de investiga\u00e7\u00e3o ignorada pela Homic\u00eddios, que houve, \u201cna verdade\u201d, a pr\u00e1tica dos crimes de oculta\u00e7\u00e3o de cad\u00e1ver e associa\u00e7\u00e3o criminosa. Eles asseveraram no relat\u00f3rio que no dia em que\u00a0Nicolas\u00a0nasceu e desapareceu, pelo menos dois funcion\u00e1rios trocaram de plant\u00e3o com outras pessoas sem maiores explica\u00e7\u00f5es.<\/p>\n<p>Ao final, sugeriram a bilhetagem das linhas telef\u00f4nicas de dois homens e tamb\u00e9m que fosse solicitada \u00e0 Justi\u00e7a Mandado de Busca e Apreens\u00e3o na casa de um deles porque, segundo os investigadores, trabalhou e foi propriet\u00e1rio de pelo menos tr\u00eas pizzarias em Porto Velho, onde no m\u00ednimo duas funcionaram em sua resid\u00eancia.<\/p>\n<p>A ideia dos policiais era apreender a motocicleta, capacete, casaco, cal\u00e7a de chuva e a mochila de entrega do motoboy utilizada no dia em que fora flagrado pelas c\u00e2meras de circuito interno do Regina Pacis.<\/p>\n<p>Segundo Fl\u00e1vio Rodrigues, essas dilig\u00eancias nunca foram solicitadas.<\/p>\n<p><img data-recalc-dims=\"1\" decoding=\"async\" class=\"entry-thumb\" src=\"https:\/\/i0.wp.com\/www.rondoniadinamica.com\/uploads\/delegado_1.jpg?w=600\" alt=\"\" \/><br \/>\n<em>Delegado Jeremias Mendes, que encerrou o caso em 2014 \/ Divulga\u00e7\u00e3o<\/em><\/p>\n<p><strong>\u201cUm dos melhores trabalhos&#8230;\u201d<\/strong><\/p>\n<p>O delegado Jeremias Mendes conversou com a equipe do\u00a0<strong>Rond\u00f4nia Din\u00e2mica<\/strong>\u00a0e contou suas impress\u00f5es sobre o caso; revelou detalhes das investiga\u00e7\u00f5es e relatou, ainda, por que descartou a hip\u00f3tese de o motoboy ter participado da trama. Com 24 anos de pol\u00edcia, Mendes alega ser a autoridade que mais trabalhou na Homic\u00eddios, conquistando o \u00edndice favor\u00e1vel de 75% de casos solucionados.<\/p>\n<p>Sobre Nicolas Naitz, disse:<\/p>\n<p>\u201cUm dos melhores trabalhos que tive a satisfa\u00e7\u00e3o de realizar\u201d.<\/p>\n<p>Mendes asseverou, ainda, que\u00a0\u00a0o inqu\u00e9rito tem duas partes.<\/p>\n<p>\u201cQuando eu assumi, fiz um despacho: \u2018A partir desta data, assumo a investiga\u00e7\u00e3o. Existem tr\u00eas linhas de investiga\u00e7\u00e3o, vou explorar todas elas. Quando analisei, decidi seguir pela linha do Hospital de Base\u201d.<\/p>\n<p>Foi enf\u00e1tico tamb\u00e9m ao falar sobre o entregador flagrado nos corredores do Hospital Regina Pacis:<\/p>\n<p>\u201cEsse neg\u00f3cio de motoboy n\u00e3o existe. Isso \u00e9 conversa, n\u00e3o existe isso da\u00ed\u201d.<\/p>\n<p>Acerca do relat\u00f3rio elaborado pelos investigadores Elsedir Leite Ara\u00fajo e Humberto Johnson de Castro In\u00e1cio Sobre, pontuou: \u201cN\u00e3o, n\u00e3o, n\u00e3o, n\u00e3o. Furado. Ilus\u00e3o pura\u201d.<\/p>\n<p><strong>Rond\u00f4nia Din\u00e2mica \u2013 Por que o senhor recebeu o relat\u00f3rio, mas n\u00e3o o juntou ao inqu\u00e9rito?<\/strong><\/p>\n<p>Jeremias Mendes \u2013 O relat\u00f3rio foi juntado depois, n\u00e3o por mim. Mas olha, quando me passaram o inqu\u00e9rito a investiga\u00e7\u00e3o deveria estar ali. Essa investiga\u00e7\u00e3o era do passado, n\u00e3o era minha. Eles n\u00e3o trabalharam na minha equipe, nada.<\/p>\n<p><strong>RD \u2013 Mas o senhor leu?<\/strong><\/p>\n<p>JM \u2013 Eu li. Analisei tudo. Mas quando tive acesso ao relat\u00f3rio eu j\u00e1 tinha descartado a linha do motoboy. E por que eu iria juntar uma coisa se eu j\u00e1 tinha achado o fio da meada ? O inqu\u00e9rito precisa ser enxuto, com coisas cr\u00edveis. N\u00e3o d\u00e1 pra juntar tudo. Se surgir uma den\u00fancia, primeiro checamos. Se n\u00e3o tiver nada a ver com o caso, fica de fora. \u00c9 isso. N\u00e3o tem mist\u00e9rio. \u00c9 preciso juntar s\u00f3 o essencial.<\/p>\n<p><strong>RD \u2013 Mas nem pra descartar?<\/strong><\/p>\n<p>JM \u2013 Eu j\u00e1 tinha explorado a linha do Regina Pacis. Entrei, investiguei, ouvi as pessoas, ouvi as enfermeiras, ouvi os m\u00e9dicos, todo mundo. Pronto. N\u00e3o fiquei satisfeito, n\u00e3o era ali! Agora, quando comecei a averiguar a do Hospital de Base entendi que era ali mesmo o neg\u00f3cio.<\/p>\n<p><strong>RD \u2013 O senhor n\u00e3o concorda que saber a identidade do motoboy ajudaria a eliminar dez quaisquer d\u00favidas remanescentes sobre essa vertente?<\/strong><\/p>\n<p>JM \u2013 Mas o que tem a ver o motoboy? Por que eu vou atr\u00e1s de motoboy se eu sei e ouvi pessoas que pegaram o corpo e o colocaram no necrot\u00e9rio? Eu descartei de imediato. N\u00e3o chegamos a pegar o cr\u00e2nio, porque nunca ningu\u00e9m vai achar, \u00e9 \u00f3bvio.<\/p>\n<p><strong>RD \u2013 Mas como \u00e9 um caso praticamente envolto a provas testemunhais, n\u00e3o seria de bom alvitre descartar o motoboy?<\/strong><\/p>\n<p>JM \u2013 Eu descartei. Eu descartei, fui ouvido em Ju\u00edzo e falei a mesma coisa que estou dizendo pra voc\u00ea aqui. Falei para o juiz: \u201cExcel\u00eancia, eu descartei a possibilidade\u201d. E assumo toda a responsabilidade se algu\u00e9m achar esse corpo um dia. E podem me chamar de mentiroso publicamente caso aconte\u00e7a.<\/p>\n<p><strong>RD \u2013 O caso est\u00e1 encerrado, ent\u00e3o?<\/strong><\/p>\n<p>JM \u2013 Est\u00e1 encerrado. Pode mexer. N\u00e3o existe outra situa\u00e7\u00e3o.<\/p>\n<p><strong>RD \u2013 Na sua vis\u00e3o, por que o MP\/RO n\u00e3o deixou o caso ser encerrado com sua vers\u00e3o dos fatos?<\/strong><\/p>\n<p>JM \u2013 Ah, cada um&#8230; Agora eu pergunto: foi analisado? Foi analisado?<\/p>\n<p><strong>RD \u2013 O promotor n\u00e3o analisou?<\/strong><\/p>\n<p>JM \u2013 N\u00e3o sei. N\u00e3o sei&#8230; Tanto \u00e9 que eu fui chamado para uma reuni\u00e3o e depois pediram pra eu n\u00e3o ir. Chamaram a delegada-geral para a reuni\u00e3o, a fam\u00edlia e o MP\/RO.\u00a0\u00a0A\u00ed falaram: \u201cN\u00e3o chama o delegado, n\u00e3o\u201d. Por qu\u00ea? Nunca participei de reuni\u00e3o para discutir sobre o assunto com o MP\/RO. Nunca. Porque se eu estivesse l\u00e1 eu diria: \u201cA situa\u00e7\u00e3o \u00e9 essa, essa e essa. N\u00e3o existe outra possibilidade\u201d.\u00a0\u00a0Voc\u00ea pode chamar quem quiser pra debater sobre esse assunto. E estou \u00e0 disposi\u00e7\u00e3o.<\/p>\n<p><strong>RD \u2013 S\u00f3 para encerrar o assunto motoboy, o senhor n\u00e3o acha que houve, no m\u00ednimo, uma quebra de protocolo?<\/strong><\/p>\n<p>JM \u2013 Ah, exatamente. E a delegada anterior explorou isso, tanto \u00e9 que indiciou a m\u00e9dica. Aqui em Rond\u00f4nia, velho, vou falar a verdade pra voc\u00ea, eu fui ao hospital, chamei o diretor do Hospital de Base, e \u00e9 preciso observar a mudan\u00e7a que ocorreu l\u00e1 ap\u00f3s esse fato. Era tudo bagun\u00e7ado.<\/p>\n<p><strong>RD \u2013 A conclus\u00e3o Hospital de Base\/Amazon Fort\u00a0\u00e9 mais plaus\u00edvel, ent\u00e3o?<\/strong><\/p>\n<p>JM \u2013 \u00c9 isso. \u00c9 ali que est\u00e1. E quem \u00e9 o culpado?\u00a0\u00a0N\u00e3o sou eu quem vai decidir. Os dois s\u00e3o culpados, mas quem vai responsabilizar \u00e9 o Judici\u00e1rio atrav\u00e9s da atua\u00e7\u00e3o do MP\/RO. Mas como eu disse, sobre o meu trabalho voc\u00ea pode marcar debate, reuni\u00e3o ou qualquer coisa a respeito dessa investiga\u00e7\u00e3o. Eu estou convicto. N\u00e3o segui a linha do motoboy porque isso nem me interessou. N\u00e3o me importa quem seja. Se houve falha na entrada, \u00e9 um problema administrativo deles. A mulher l\u00e1 falou que pegou&#8230;<\/p>\n<p><img data-recalc-dims=\"1\" decoding=\"async\" class=\"entry-thumb\" src=\"https:\/\/i0.wp.com\/www.rondoniadinamica.com\/uploads\/depo.jpg?w=600\" alt=\"\" \/><br \/>\n<em>O depoimento de Ant\u00f4nia Orleane \u00e0 Justi\u00e7a \/ Reprodu\u00e7\u00e3o<\/em><\/p>\n<p><strong>RD \u2013 Que mulher?<\/strong><\/p>\n<p>JM \u2013 A ex-funcion\u00e1ria da Amazon Fort, que apalpou o saco [refere-se a um dos sacos com vest\u00edgios hospitalares sa\u00eddos do Hospital de Base) e sentiu o beb\u00ea. Ela ficou t\u00e3o indignada com aquilo que pegou o telefone e passou a fazer den\u00fancias an\u00f4nimas. Ela falou para mim e est\u00e1 no depoimento. Mas ela n\u00e3o podia falar abertamente, estava proibida. A acarea\u00e7\u00e3o com outras pessoas comprovou tudo isso de maneira natural, uma conversa franca e saud\u00e1vel. Uma vontade incessante de esclarecer a situa\u00e7\u00e3o. E a\u00ed voc\u00ea v\u00ea que tudo era verdade.<\/p>\n<p><strong>RD \u2013 O relat\u00f3rio, ent\u00e3o, n\u00e3o tem base?<\/strong><\/p>\n<p>JM \u2013 Os caras escreveram 66 p\u00e1ginas s\u00f3 de imagina\u00e7\u00e3o, porque de concreto n\u00e3o tinha nada. N\u00e3o tinha nada. \u201cPoderia\u201d, \u201csupostamente\u201d, enfim, s\u00f3 ilus\u00e3o. Entendeu? Eu trabalho com fatos! Al\u00e9m do mais, por que eles n\u00e3o apresentaram o motoboy, ent\u00e3o?<\/p>\n<p><strong>RD \u2013 Na sua vis\u00e3o, n\u00e3o est\u00e1 na hora de encerrar o caso e deixar a fam\u00edlia seguir a vida?<\/strong><\/p>\n<p>JM \u2013 Eu n\u00e3o sei por que n\u00e3o acabou de vez, mas fiquei indignado quando o inqu\u00e9rito voltou.<\/p>\n<p><img data-recalc-dims=\"1\" decoding=\"async\" class=\"entry-thumb\" src=\"https:\/\/i0.wp.com\/www.rondoniadinamica.com\/uploads\/RS_1.jpg?w=600\" alt=\"\" \/><br \/>\n<em>Rildo Silveira, perito \/ Divulga\u00e7\u00e3o<\/em><\/p>\n<p><strong>Rildo Silveira, a PF e o PLID<\/strong><\/p>\n<p>O perito em crimes de abuso sexual \u00edtalo-brasileiro Rildo Silveira, do Rio de Janeiro, tamb\u00e9m especialista em investiga\u00e7\u00e3o de crimes de pedofilia, decidiu comprar a luta de Marciele e de toda a fam\u00edlia Naitz a fim de encontrar uma resposta definitiva sobre o que ocorreu com o beb\u00ea Nicolas. Ele \u00e9 cadastrado na Assist\u00eancia Judici\u00e1ria Gratuita (AJG), vinculada \u00e0 32\u00aa Vara Federal. Para o perito, o caso deve ser investigado como sequestro a partir de agora.<\/p>\n<p>Gratuitamente, Silveira passou a trabalhar reunindo informa\u00e7\u00f5es para apresentar tanto \u00e0 Pol\u00edcia Federal (PF) quanto ao Programa de Localiza\u00e7\u00e3o e Identifica\u00e7\u00e3o de Desaparecidos (PLID), \u00f3rg\u00e3o do Minist\u00e9rio P\u00fablico do Estado do Rio de Janeiro. O dossi\u00ea (<a href=\"https:\/\/goo.gl\/cBuJHB\" target=\"_blank\"><u><strong>https:\/\/goo.gl\/cBuJHB<\/strong><\/u><\/a>), como ele chama o documento, j\u00e1 foi protocolado nos dois \u00f3rg\u00e3os.<\/p>\n<p>Paralelamente \u00e0s dilig\u00eancias realizadas em Rond\u00f4nia, o investigador evita criticar os trabalhos desenvolvidos at\u00e9 aqui, mas garante, de antem\u00e3o, que de acordo com suas convic\u00e7\u00f5es profissionais houve uma s\u00e9rie de equ\u00edvocos que poderiam ter sido evitados.<\/p>\n<p>Sua ideia, no entanto, \u00e9 criar novas linhas de investiga\u00e7\u00f5es at\u00e9 que as possibilidades sejam exauridas.<\/p>\n<p>Ele cr\u00ea, diferentemente da posi\u00e7\u00e3o oficial do delegado Jeremias, que a linha do Regina Pacis, principalmente em rela\u00e7\u00e3o ao motoboy, \u00e9 primordial para que a resposta sobre o paradeiro de Nicolas seja esclarecida de uma vez por todas.<\/p>\n<p><img data-recalc-dims=\"1\" decoding=\"async\" class=\"entry-thumb\" src=\"https:\/\/i0.wp.com\/www.rondoniadinamica.com\/uploads\/nicolasn.jpg?w=600\" alt=\"\" \/><br \/>\n<em>Cadastro do caso Nicolas no PLID \/ Divulga\u00e7\u00e3o<\/em><\/p>\n<p>\u201cPrecisamos saber quem \u00e9 o motoboy. E n\u00e3o apenas isso, \u00e9 necess\u00e1rio compreender tudo o que ocorreu no hospital particular. Porque as imagens s\u00e3o gritantes\u201d, disse.<\/p>\n<p>Logo em seguida, sacramentou:<\/p>\n<p>\u201cE a hist\u00f3ria do cr\u00e2nio n\u00e3o me convenceu porque ainda que o incinerador da Amazon Fort estivesse defeituoso, queimando e n\u00e3o incinerando, conforme relatado no inqu\u00e9rito, mesmo assim seria o suficiente para n\u00e3o deixar vest\u00edgios. O cr\u00e2nio dos rec\u00e9m-nascidos \u00e9 fr\u00e1gil, cheio de membranas e cartilagens. N\u00e3o aguentaria o m\u00ednimo contato com fogo\u201d, destacou. Vamos analisar tudo, nos m\u00ednimos detalhes\u201d, concluiu.<\/p>\n<p><img data-recalc-dims=\"1\" decoding=\"async\" class=\"entry-thumb\" src=\"https:\/\/i0.wp.com\/www.rondoniadinamica.com\/uploads\/encaminhados.jpg?w=600\" \/><br \/>\n<em>Silveira protocolou o dossi\u00ea na Pol\u00edcia Federal do Rio \/ Divulga\u00e7\u00e3o<\/em><\/p>\n<p>O enigma, portanto, continua em aberto. Silveira, Fl\u00e1vio Rodrigues, o MP\/RO, o PLID, a PF\/RJ, e, principalmente, a insist\u00eancia de Marciele, s\u00e3o as raz\u00f5es encarnadas a ilustrar o ensinamento do fil\u00f3sofo franc\u00eas Ren\u00e9 Descartes:\u00a0\u201cSe voc\u00ea estiver mesmo atr\u00e1s da verdade \u00e9 necess\u00e1rio que, pelo menos uma vez em sua vida, duvide, tanto quanto for poss\u00edvel, de todas as coisas\u201d.<\/p>\n<p><strong>Autor \/ Fonte: Vinicius Canova \/ Rondoniadinamica<\/strong><\/p>\n","protected":false},"excerpt":{"rendered":"<p>POR VINICIUS CANOVA\u00a0\u2013\u00a0&#8220;Cora\u00e7\u00e3o de m\u00e3e n\u00e3o se engana. Ele est\u00e1 vivo e vou encontr\u00e1-lo&#8221;. Esse \u00e9 o pensamento de Marciele Naitz Sampaio Pereira mais de 1460 dias ap\u00f3s o desaparecimento de seu \u00fanico filho. Quando deu a luz, tinha apenas 17 anos; atualmente, est\u00e1 com 21, ainda mora em Cujubim, \u00e9 formada em Administra\u00e7\u00e3o e&#8230;<a class=\"more-link\" href=\"http:\/\/blogdalucianaoliveira.com.br\/blog\/2018\/07\/09\/caso-nicolas-naitz-a-linha-de-investigacao-que-quase-ficou-para-tras\/\">Continue a leitura <span class=\"meta-nav\">&raquo;<\/span><\/a><\/p>\n","protected":false},"author":1,"featured_media":0,"comment_status":"closed","ping_status":"open","sticky":false,"template":"","format":"standard","meta":{"_exactmetrics_skip_tracking":false,"_exactmetrics_sitenote_active":false,"_exactmetrics_sitenote_note":"","_exactmetrics_sitenote_category":0,"jetpack_post_was_ever_published":false,"_jetpack_newsletter_access":"","_jetpack_dont_email_post_to_subs":false,"_jetpack_newsletter_tier_id":0,"_jetpack_memberships_contains_paywalled_content":false,"_jetpack_memberships_contains_paid_content":false,"footnotes":"","jetpack_publicize_message":"","jetpack_publicize_feature_enabled":true,"jetpack_social_post_already_shared":true,"jetpack_social_options":{"image_generator_settings":{"template":"highway","enabled":false},"version":2}},"categories":[1],"tags":[],"class_list":["post-18616","post","type-post","status-publish","format-standard","hentry","category-notas"],"jetpack_publicize_connections":[],"jetpack_sharing_enabled":true,"jetpack_featured_media_url":"","jetpack_shortlink":"https:\/\/wp.me\/p7wKYW-4Qg","jetpack-related-posts":[],"_links":{"self":[{"href":"http:\/\/blogdalucianaoliveira.com.br\/blog\/wp-json\/wp\/v2\/posts\/18616","targetHints":{"allow":["GET"]}}],"collection":[{"href":"http:\/\/blogdalucianaoliveira.com.br\/blog\/wp-json\/wp\/v2\/posts"}],"about":[{"href":"http:\/\/blogdalucianaoliveira.com.br\/blog\/wp-json\/wp\/v2\/types\/post"}],"author":[{"embeddable":true,"href":"http:\/\/blogdalucianaoliveira.com.br\/blog\/wp-json\/wp\/v2\/users\/1"}],"replies":[{"embeddable":true,"href":"http:\/\/blogdalucianaoliveira.com.br\/blog\/wp-json\/wp\/v2\/comments?post=18616"}],"version-history":[{"count":1,"href":"http:\/\/blogdalucianaoliveira.com.br\/blog\/wp-json\/wp\/v2\/posts\/18616\/revisions"}],"predecessor-version":[{"id":18619,"href":"http:\/\/blogdalucianaoliveira.com.br\/blog\/wp-json\/wp\/v2\/posts\/18616\/revisions\/18619"}],"wp:attachment":[{"href":"http:\/\/blogdalucianaoliveira.com.br\/blog\/wp-json\/wp\/v2\/media?parent=18616"}],"wp:term":[{"taxonomy":"category","embeddable":true,"href":"http:\/\/blogdalucianaoliveira.com.br\/blog\/wp-json\/wp\/v2\/categories?post=18616"},{"taxonomy":"post_tag","embeddable":true,"href":"http:\/\/blogdalucianaoliveira.com.br\/blog\/wp-json\/wp\/v2\/tags?post=18616"}],"curies":[{"name":"wp","href":"https:\/\/api.w.org\/{rel}","templated":true}]}}