{"id":18623,"date":"2018-07-11T10:05:19","date_gmt":"2018-07-11T14:05:19","guid":{"rendered":"http:\/\/blogdalucianaoliveira.com.br\/blog\/?p=18623"},"modified":"2018-07-11T10:05:19","modified_gmt":"2018-07-11T14:05:19","slug":"duzentos-agrotoxicos-na-sua-salada","status":"publish","type":"post","link":"http:\/\/blogdalucianaoliveira.com.br\/blog\/2018\/07\/11\/duzentos-agrotoxicos-na-sua-salada\/","title":{"rendered":"Duzentos agrot\u00f3xicos na sua salada!"},"content":{"rendered":"<p><img data-recalc-dims=\"1\" loading=\"lazy\" decoding=\"async\" data-attachment-id=\"18624\" data-permalink=\"http:\/\/blogdalucianaoliveira.com.br\/blog\/2018\/07\/11\/duzentos-agrotoxicos-na-sua-salada\/grau\/\" data-orig-file=\"https:\/\/i0.wp.com\/blogdalucianaoliveira.com.br\/blog\/wp-content\/uploads\/2018\/07\/grau.jpg?fit=640%2C400\" data-orig-size=\"640,400\" data-comments-opened=\"0\" data-image-meta=\"{&quot;aperture&quot;:&quot;0&quot;,&quot;credit&quot;:&quot;&quot;,&quot;camera&quot;:&quot;&quot;,&quot;caption&quot;:&quot;&quot;,&quot;created_timestamp&quot;:&quot;0&quot;,&quot;copyright&quot;:&quot;&quot;,&quot;focal_length&quot;:&quot;0&quot;,&quot;iso&quot;:&quot;0&quot;,&quot;shutter_speed&quot;:&quot;0&quot;,&quot;title&quot;:&quot;&quot;,&quot;orientation&quot;:&quot;0&quot;}\" data-image-title=\"grau\" data-image-description=\"\" data-image-caption=\"\" data-medium-file=\"https:\/\/i0.wp.com\/blogdalucianaoliveira.com.br\/blog\/wp-content\/uploads\/2018\/07\/grau.jpg?fit=300%2C188\" data-large-file=\"https:\/\/i0.wp.com\/blogdalucianaoliveira.com.br\/blog\/wp-content\/uploads\/2018\/07\/grau.jpg?fit=600%2C375\" class=\"alignnone size-full wp-image-18624\" src=\"https:\/\/i0.wp.com\/blogdalucianaoliveira.com.br\/blog\/wp-content\/uploads\/2018\/07\/grau.jpg?resize=600%2C375\" alt=\"grau\" width=\"600\" height=\"375\" srcset=\"https:\/\/i0.wp.com\/blogdalucianaoliveira.com.br\/blog\/wp-content\/uploads\/2018\/07\/grau.jpg?w=640 640w, https:\/\/i0.wp.com\/blogdalucianaoliveira.com.br\/blog\/wp-content\/uploads\/2018\/07\/grau.jpg?resize=300%2C188 300w, https:\/\/i0.wp.com\/blogdalucianaoliveira.com.br\/blog\/wp-content\/uploads\/2018\/07\/grau.jpg?resize=480%2C300 480w\" sizes=\"auto, (max-width: 600px) 100vw, 600px\" \/><\/p>\n<h2 class=\"description\">Libera\u00e7\u00e3o do uso de agrot\u00f3xicos no Brasil \u00e9 tema de carta de Ivan para o seu pai, o cartunista Henfil, morto h\u00e1 30 anos<\/h2>\n<p><!--more--><\/p>\n<div class=\"details-bar\">\n<div class=\"author-time\">\n<address class=\"author\">No Brasil De Fato &#8211; Ivan Cosenza de Souza*<\/address>\n<div class=\"place-and-time\">\n<div class=\"place\">\n<p><a href=\"https:\/\/bit.ly\/2mcH1Uh\">A Carta do Pai<\/a><\/p>\n<\/div>\n<p>O produtor cultural Ivan Consenza, filho do cartunista Henfil,\u00a0mant\u00e9m um blog onde publica cartas para o pai, morto em 1988, contando sobre temas da atualidade. No texto mais recente de &#8220;As Cartas do Pai&#8221;, Ivan comenta a recente libera\u00e7\u00e3o do uso de mais agrot\u00f3xicos na agricultura.<\/p>\n<p>Confira:<\/p>\n<p><em>Rio de janeiro, 10 de Julho de 2018.<\/em><\/p>\n<p>Pai,<\/p>\n<p><em>Quando eu era pequeno, voc\u00ea escreveu numa das \u201cCartas Da M\u00e3e\u201d, que queria que eu aprendesse a comer ab\u00f3bora. Nunca fui muito f\u00e3 de legumes, e lembro que queria que eu tivesse uma alimenta\u00e7\u00e3o mais saud\u00e1vel.<\/em><\/p>\n<p><em>Cada vez mais as pessoas querem comer melhor, mas desde que eu era pequeno j\u00e1 t\u00ednhamos problemas com agrot\u00f3xico nos legumes e verduras. Voc\u00ea fez v\u00e1rios cartuns sobre esse assunto, mas tenho um preferido, que fala sobre agrot\u00f3xico no alface.<\/em><\/p>\n<p><em>Pois bem, pai. No mundo todo est\u00e3o preocupados com isso, e proibindo cada vez mais o uso de agrot\u00f3xicos, menos aqui no Brasil\u2026<\/p>\n<p>A \u00faltima, \u00e9 que liberaram s\u00f3 este ano, cerca de 200 agrot\u00f3xicos diferentes\u2026.isso mesmo, DUZENTOS!!!<\/em><\/p>\n<p><em>Muitos deles proibidos no mundo todo, mas aqui est\u00e3o sendo liberados.<\/p>\n<p>Parece que tem fabricante de inseticida que vai lan\u00e7ar molho pra salada tamb\u00e9m.<\/em><\/p>\n<p><em>J\u00e1 imaginou?<\/em><\/p>\n<p><em>\u2013 O senhor quer uma Ceasar Salad, com molho Ros\u00e9, SBP ou Baygon?<\/em><\/p>\n<p><em>Vamos comer comida envenenada agora. Juntando com o congelamento de investimento na sa\u00fade por 20 anos e o aumento no valor dos planos de sa\u00fade, acho que agora que ningu\u00e9m se aposenta mais mesmo!<\/em><\/p>\n<p><em>E n\u00e3o acabou!<\/em><\/p>\n<p><em>Querem proibir a venda de produtos org\u00e2nicos em supermercado. Sabe por qu\u00ea?<\/em><\/p>\n<p><em>Porque o maior produtor de org\u00e2nicos do Brasil \u00e9 o MST, e os ruralistas do congresso sabem disso.<\/em><\/p>\n<p><em>Eles querem produ\u00e7\u00e3o, dinheiro, e n\u00e3o produtos saud\u00e1veis.<\/em><\/p>\n<p><em>Viu pai! Por isso eu n\u00e3o gosto de ab\u00f3bora\u2026<\/em><\/p>\n<p><em>Um beijo do seu filho<\/em><\/p>\n<p><em>*Ivan<\/em><\/p>\n<p class=\"editor\">Edi\u00e7\u00e3o: Juca Guimar\u00e3es<\/p>\n<div class=\"content-footer\"><\/div>\n<\/div>\n<\/div>\n<\/div>\n","protected":false},"excerpt":{"rendered":"<p>Libera\u00e7\u00e3o do uso de agrot\u00f3xicos no Brasil \u00e9 tema de carta de Ivan para o seu pai, o cartunista Henfil, morto h\u00e1 30 anos<\/p>\n","protected":false},"author":1,"featured_media":0,"comment_status":"closed","ping_status":"open","sticky":false,"template":"","format":"standard","meta":{"_exactmetrics_skip_tracking":false,"_exactmetrics_sitenote_active":false,"_exactmetrics_sitenote_note":"","_exactmetrics_sitenote_category":0,"jetpack_post_was_ever_published":false,"_jetpack_newsletter_access":"","_jetpack_dont_email_post_to_subs":false,"_jetpack_newsletter_tier_id":0,"_jetpack_memberships_contains_paywalled_content":false,"_jetpack_memberships_contains_paid_content":false,"footnotes":"","jetpack_publicize_message":"","jetpack_publicize_feature_enabled":true,"jetpack_social_post_already_shared":true,"jetpack_social_options":{"image_generator_settings":{"template":"highway","enabled":false},"version":2}},"categories":[1],"tags":[],"class_list":["post-18623","post","type-post","status-publish","format-standard","hentry","category-notas"],"jetpack_publicize_connections":[],"jetpack_sharing_enabled":true,"jetpack_featured_media_url":"","jetpack_shortlink":"https:\/\/wp.me\/p7wKYW-4Qn","jetpack-related-posts":[],"_links":{"self":[{"href":"http:\/\/blogdalucianaoliveira.com.br\/blog\/wp-json\/wp\/v2\/posts\/18623","targetHints":{"allow":["GET"]}}],"collection":[{"href":"http:\/\/blogdalucianaoliveira.com.br\/blog\/wp-json\/wp\/v2\/posts"}],"about":[{"href":"http:\/\/blogdalucianaoliveira.com.br\/blog\/wp-json\/wp\/v2\/types\/post"}],"author":[{"embeddable":true,"href":"http:\/\/blogdalucianaoliveira.com.br\/blog\/wp-json\/wp\/v2\/users\/1"}],"replies":[{"embeddable":true,"href":"http:\/\/blogdalucianaoliveira.com.br\/blog\/wp-json\/wp\/v2\/comments?post=18623"}],"version-history":[{"count":1,"href":"http:\/\/blogdalucianaoliveira.com.br\/blog\/wp-json\/wp\/v2\/posts\/18623\/revisions"}],"predecessor-version":[{"id":18625,"href":"http:\/\/blogdalucianaoliveira.com.br\/blog\/wp-json\/wp\/v2\/posts\/18623\/revisions\/18625"}],"wp:attachment":[{"href":"http:\/\/blogdalucianaoliveira.com.br\/blog\/wp-json\/wp\/v2\/media?parent=18623"}],"wp:term":[{"taxonomy":"category","embeddable":true,"href":"http:\/\/blogdalucianaoliveira.com.br\/blog\/wp-json\/wp\/v2\/categories?post=18623"},{"taxonomy":"post_tag","embeddable":true,"href":"http:\/\/blogdalucianaoliveira.com.br\/blog\/wp-json\/wp\/v2\/tags?post=18623"}],"curies":[{"name":"wp","href":"https:\/\/api.w.org\/{rel}","templated":true}]}}