{"id":18629,"date":"2018-07-11T10:22:06","date_gmt":"2018-07-11T14:22:06","guid":{"rendered":"http:\/\/blogdalucianaoliveira.com.br\/blog\/?p=18629"},"modified":"2018-07-11T10:22:06","modified_gmt":"2018-07-11T14:22:06","slug":"campanha-pretende-aumentar-numero-de-mulheres-nos-parlamentos-do-pais","status":"publish","type":"post","link":"http:\/\/blogdalucianaoliveira.com.br\/blog\/2018\/07\/11\/campanha-pretende-aumentar-numero-de-mulheres-nos-parlamentos-do-pais\/","title":{"rendered":"Campanha pretende aumentar n\u00famero de mulheres nos parlamentos do pa\u00eds"},"content":{"rendered":"<p><img data-recalc-dims=\"1\" loading=\"lazy\" decoding=\"async\" data-attachment-id=\"18630\" data-permalink=\"http:\/\/blogdalucianaoliveira.com.br\/blog\/2018\/07\/11\/campanha-pretende-aumentar-numero-de-mulheres-nos-parlamentos-do-pais\/nene\/\" data-orig-file=\"https:\/\/i0.wp.com\/blogdalucianaoliveira.com.br\/blog\/wp-content\/uploads\/2018\/07\/nene.jpg?fit=780%2C490\" data-orig-size=\"780,490\" data-comments-opened=\"0\" data-image-meta=\"{&quot;aperture&quot;:&quot;0&quot;,&quot;credit&quot;:&quot;&quot;,&quot;camera&quot;:&quot;&quot;,&quot;caption&quot;:&quot;&quot;,&quot;created_timestamp&quot;:&quot;0&quot;,&quot;copyright&quot;:&quot;&quot;,&quot;focal_length&quot;:&quot;0&quot;,&quot;iso&quot;:&quot;0&quot;,&quot;shutter_speed&quot;:&quot;0&quot;,&quot;title&quot;:&quot;&quot;,&quot;orientation&quot;:&quot;0&quot;}\" data-image-title=\"nene\" data-image-description=\"\" data-image-caption=\"\" data-medium-file=\"https:\/\/i0.wp.com\/blogdalucianaoliveira.com.br\/blog\/wp-content\/uploads\/2018\/07\/nene.jpg?fit=300%2C188\" data-large-file=\"https:\/\/i0.wp.com\/blogdalucianaoliveira.com.br\/blog\/wp-content\/uploads\/2018\/07\/nene.jpg?fit=600%2C377\" class=\"alignnone size-full wp-image-18630\" src=\"https:\/\/i0.wp.com\/blogdalucianaoliveira.com.br\/blog\/wp-content\/uploads\/2018\/07\/nene.jpg?resize=600%2C377\" alt=\"nene\" width=\"600\" height=\"377\" srcset=\"https:\/\/i0.wp.com\/blogdalucianaoliveira.com.br\/blog\/wp-content\/uploads\/2018\/07\/nene.jpg?w=780 780w, https:\/\/i0.wp.com\/blogdalucianaoliveira.com.br\/blog\/wp-content\/uploads\/2018\/07\/nene.jpg?resize=300%2C188 300w, https:\/\/i0.wp.com\/blogdalucianaoliveira.com.br\/blog\/wp-content\/uploads\/2018\/07\/nene.jpg?resize=768%2C482 768w, https:\/\/i0.wp.com\/blogdalucianaoliveira.com.br\/blog\/wp-content\/uploads\/2018\/07\/nene.jpg?resize=478%2C300 478w\" sizes=\"auto, (max-width: 600px) 100vw, 600px\" \/><\/p>\n<div class=\"\">\n<div id=\"content\">\n<div id=\"content-core\">\n<p>Rede Brasil Atual &#8211; A primeira mulher eleita para um governo estadual no pa\u00eds foi Roseana Sarney, apenas em 1994. O cargo de governadora foi ocupado por apenas 10 mulheres na hist\u00f3ria brasileira. No caso das mulheres negras, elas n\u00e3o chegaram a 1% de candidaturas na disputa por prefeituras nas elei\u00e7\u00f5es de 2016. No Congresso Nacional, n\u00e3o h\u00e1 mulheres ind\u00edgenas ou trans.<!--more--><\/p>\n<p>S\u00f3 em 24 de fevereiro de 1932 as mulheres puderam votar no Brasil, e mesmo assim com v\u00e1rias restri\u00e7\u00f5es: somente mulheres casadas e com autoriza\u00e7\u00e3o dos maridos, al\u00e9m de vi\u00favas e solteiras com &#8220;renda pr\u00f3pria&#8221; podiam exercer o direito, que foi ampliado em 1934, com a elimina\u00e7\u00e3o das restri\u00e7\u00f5es ao voto feminino.<\/p>\n<p>Pensando em transformar essa realidade, militantes feministas lideradas pela M\u00eddia Ninja criaram a\u00a0<a class=\"external-link\" title=\"\" href=\"http:\/\/campanhademulher.org\/\" target=\"_self\">Campanha de Mulhe<\/a>r, projeto de comunica\u00e7\u00e3o cujo objetivo \u00e9 apoiar mulheres candidatas nas elei\u00e7\u00f5es de 2018. O objetivo, diz o coletivo, \u00e9 dar &#8220;suporte operativo&#8221; (design, fotografia, audiovisual, assessoria de imprensa, redes sociais) e &#8220;romper com a ideia de que mulheres n\u00e3o pertencem \u00e0 pol\u00edtica&#8221;. O movimento convida comunicadoras e pr\u00e9-candidatas para &#8220;provar que pol\u00edtica \u00e9 coisa de mulher&#8221;, reunindo ativistas e pr\u00e9-candidatas feministas para eleger mulheres.<\/p>\n<p>&#8220;A situa\u00e7\u00e3o que temos no Brasil hoje adv\u00e9m da pr\u00f3pria estrutura da sociedade. Desde pequenas, as mulheres s\u00e3o ensinadas a estar no espa\u00e7o privado, e n\u00e3o no espa\u00e7o p\u00fablico. Por isso \u00e9 dif\u00edcil ver mulheres na pol\u00edtica. Nossa ideia com a campanha liderada pela Midia Ninja \u00e9 chamar a aten\u00e7\u00e3o e criar uma rede de apoio para candidaturas femininas&#8221;, afirma Carina Vitral, ex-presidente da Uni\u00e3o Nacional dos Estudantes (UNE) e pr\u00e9-candidata a deputada estadual pelo PCdoB.<\/p>\n<p>&#8220;Se n\u00e3o temos financiamento de grandes empresas e dos poderosos, vamos ter uma rede de solidariedade em comunica\u00e7\u00e3o, pessoas e militantes que possam ajudar voluntariamente nas campanhas&#8221;, acrescenta.<\/p>\n<p>Mas Carina explica que, para participar da Campanha de Mulher, as candidatas t\u00eam de estar \u00a0comprometidas com pautas que influenciam a vida das mulheres diretamente, como empregabilidade, direitos reprodutivos, licen\u00e7a maternidade, creches, educa\u00e7\u00e3o e pol\u00edticas voltadas para as mulheres de modo geral. &#8220;\u00c0 medida que a gente tenha mais mulheres na pol\u00edtica, o comprometimento com essas pautas ser\u00e1 maior. Mas n\u00e3o s\u00e3o todas as mulheres que se candidatam que est\u00e3o comprometidas com essas pautas.&#8221;<\/p>\n<p>Para a vereadora Juliana Cardoso (PT), as mulheres seguem sem o devido espa\u00e7o nos partidos pol\u00edticos. &#8220;Em todos eles, por mais que tenhamos partidos de esquerda&#8221;, ressalta. Pr\u00e9-candidata a deputada federal pelo PT, Juliana considera muito bem-vinda a decis\u00e3o do Tribunal Superior Eleitoral (TSE) que, em maio, definiu que as agremia\u00e7\u00f5es partid\u00e1rias devem repassar 30% dos recursos do Fundo Especial de Financiamento de Campanha (FEFC) para candidaturas de mulheres.<\/p>\n<p>A vereadora acredita que a decis\u00e3o do TST deve proporcionar mais estrutura \u00e0s campanhas femininas, e destaca o papel da imprensa alternativa na divulga\u00e7\u00e3o das candidaturas. &#8220;Toda a m\u00eddia alternativa \u00e9 extremamente importante para romper a bolha da imprensa, que s\u00f3 d\u00e1 espa\u00e7o para os homens e coloca as mulheres em subgrupos&#8221;, diz Juliana.<\/p>\n<p>Carina Vitral lembra que n\u00e3o \u00e9 por ser uma campanha de mulheres feministas\u00a0 que os homens n\u00e3o podem dar seu apoio. &#8220;Tem muitos eleitores homens que est\u00e3o sensibilizados com essas quest\u00f5es, que podem procurar votar em mulheres para superar as desigualdades. Essa n\u00e3o \u00e9 uma campanha destinada somente \u00e0s mulheres, mas a toda a sociedade, para acabar com a desigualdade de g\u00eanero na pol\u00edtica.&#8221;<\/p>\n<p>Hoje, h\u00e1 10 pa\u00edses cujos chefes de Estado s\u00e3o mulheres: Chile, Cro\u00e1cia, Est\u00f4nia, Ilhas Marshall, Lib\u00e9ria, Litu\u00e2nia, Malta, Ilhas Maur\u00edcias, Nepal e Taiwan. As na\u00e7\u00f5es governadas por uma primeira-ministra s\u00e3o sete: Alemanha, Bangladesh, Nam\u00edbia, Noruega, Pol\u00f4nia, Reino Unido e Esc\u00f3cia.<\/p>\n<p><strong>Assista ao v\u00eddeo de lan\u00e7amento da campanha:<\/strong><\/p>\n<div class=\"jetpack-video-wrapper\"><iframe loading=\"lazy\" title=\"Campanha de Mulher - Lutaremos pra eleger\" width=\"600\" height=\"338\" src=\"https:\/\/www.youtube.com\/embed\/Iu8m9kJvHB4?feature=oembed\" frameborder=\"0\" allow=\"accelerometer; autoplay; clipboard-write; encrypted-media; gyroscope; picture-in-picture; web-share\" referrerpolicy=\"strict-origin-when-cross-origin\" allowfullscreen><\/iframe><\/div>\n<\/div>\n<div id=\"viewlet-below-content-body\"><\/div>\n<\/div>\n<\/div>\n<div id=\"viewlet-below-content\"><\/div>\n","protected":false},"excerpt":{"rendered":"<p>Rede Brasil Atual &#8211; A primeira mulher eleita para um governo estadual no pa\u00eds foi Roseana Sarney, apenas em 1994. O cargo de governadora foi ocupado por apenas 10 mulheres na hist\u00f3ria brasileira. No caso das mulheres negras, elas n\u00e3o chegaram a 1% de candidaturas na disputa por prefeituras nas elei\u00e7\u00f5es de 2016. No Congresso&#8230;<a class=\"more-link\" href=\"http:\/\/blogdalucianaoliveira.com.br\/blog\/2018\/07\/11\/campanha-pretende-aumentar-numero-de-mulheres-nos-parlamentos-do-pais\/\">Continue a leitura <span class=\"meta-nav\">&raquo;<\/span><\/a><\/p>\n","protected":false},"author":1,"featured_media":0,"comment_status":"closed","ping_status":"open","sticky":false,"template":"","format":"standard","meta":{"_exactmetrics_skip_tracking":false,"_exactmetrics_sitenote_active":false,"_exactmetrics_sitenote_note":"","_exactmetrics_sitenote_category":0,"jetpack_post_was_ever_published":false,"_jetpack_newsletter_access":"","_jetpack_dont_email_post_to_subs":false,"_jetpack_newsletter_tier_id":0,"_jetpack_memberships_contains_paywalled_content":false,"_jetpack_memberships_contains_paid_content":false,"footnotes":"","jetpack_publicize_message":"","jetpack_publicize_feature_enabled":true,"jetpack_social_post_already_shared":true,"jetpack_social_options":{"image_generator_settings":{"template":"highway","enabled":false},"version":2}},"categories":[1],"tags":[],"class_list":["post-18629","post","type-post","status-publish","format-standard","hentry","category-notas"],"jetpack_publicize_connections":[],"jetpack_sharing_enabled":true,"jetpack_featured_media_url":"","jetpack_shortlink":"https:\/\/wp.me\/p7wKYW-4Qt","jetpack-related-posts":[],"_links":{"self":[{"href":"http:\/\/blogdalucianaoliveira.com.br\/blog\/wp-json\/wp\/v2\/posts\/18629","targetHints":{"allow":["GET"]}}],"collection":[{"href":"http:\/\/blogdalucianaoliveira.com.br\/blog\/wp-json\/wp\/v2\/posts"}],"about":[{"href":"http:\/\/blogdalucianaoliveira.com.br\/blog\/wp-json\/wp\/v2\/types\/post"}],"author":[{"embeddable":true,"href":"http:\/\/blogdalucianaoliveira.com.br\/blog\/wp-json\/wp\/v2\/users\/1"}],"replies":[{"embeddable":true,"href":"http:\/\/blogdalucianaoliveira.com.br\/blog\/wp-json\/wp\/v2\/comments?post=18629"}],"version-history":[{"count":1,"href":"http:\/\/blogdalucianaoliveira.com.br\/blog\/wp-json\/wp\/v2\/posts\/18629\/revisions"}],"predecessor-version":[{"id":18631,"href":"http:\/\/blogdalucianaoliveira.com.br\/blog\/wp-json\/wp\/v2\/posts\/18629\/revisions\/18631"}],"wp:attachment":[{"href":"http:\/\/blogdalucianaoliveira.com.br\/blog\/wp-json\/wp\/v2\/media?parent=18629"}],"wp:term":[{"taxonomy":"category","embeddable":true,"href":"http:\/\/blogdalucianaoliveira.com.br\/blog\/wp-json\/wp\/v2\/categories?post=18629"},{"taxonomy":"post_tag","embeddable":true,"href":"http:\/\/blogdalucianaoliveira.com.br\/blog\/wp-json\/wp\/v2\/tags?post=18629"}],"curies":[{"name":"wp","href":"https:\/\/api.w.org\/{rel}","templated":true}]}}