{"id":18654,"date":"2018-07-12T11:50:26","date_gmt":"2018-07-12T15:50:26","guid":{"rendered":"http:\/\/blogdalucianaoliveira.com.br\/blog\/?p=18654"},"modified":"2018-07-12T11:50:26","modified_gmt":"2018-07-12T15:50:26","slug":"cpt-lanca-nesta-sexta-feira-13-caderno-de-conflitos-e-violencia-no-campo-2017","status":"publish","type":"post","link":"http:\/\/blogdalucianaoliveira.com.br\/blog\/2018\/07\/12\/cpt-lanca-nesta-sexta-feira-13-caderno-de-conflitos-e-violencia-no-campo-2017\/","title":{"rendered":"CPT lan\u00e7a nesta sexta-feira (13) caderno de conflitos e viol\u00eancia no campo &#8211; 2017"},"content":{"rendered":"<p><img data-recalc-dims=\"1\" loading=\"lazy\" decoding=\"async\" data-attachment-id=\"18655\" data-permalink=\"http:\/\/blogdalucianaoliveira.com.br\/blog\/2018\/07\/12\/cpt-lanca-nesta-sexta-feira-13-caderno-de-conflitos-e-violencia-no-campo-2017\/19a5c8c9-940e-4f86-bf75-0acbb1a732cf\/\" data-orig-file=\"https:\/\/i0.wp.com\/blogdalucianaoliveira.com.br\/blog\/wp-content\/uploads\/2018\/07\/19A5C8C9-940E-4F86-BF75-0ACBB1A732CF.jpeg?fit=3241%2C2161\" data-orig-size=\"3241,2161\" data-comments-opened=\"0\" data-image-meta=\"{&quot;aperture&quot;:&quot;2.8&quot;,&quot;credit&quot;:&quot;&quot;,&quot;camera&quot;:&quot;Canon EOS REBEL T4i&quot;,&quot;caption&quot;:&quot;&quot;,&quot;created_timestamp&quot;:&quot;1528121202&quot;,&quot;copyright&quot;:&quot;&quot;,&quot;focal_length&quot;:&quot;30&quot;,&quot;iso&quot;:&quot;400&quot;,&quot;shutter_speed&quot;:&quot;0.02&quot;,&quot;title&quot;:&quot;&quot;,&quot;orientation&quot;:&quot;0&quot;}\" data-image-title=\"19A5C8C9-940E-4F86-BF75-0ACBB1A732CF\" data-image-description=\"\" data-image-caption=\"\" data-medium-file=\"https:\/\/i0.wp.com\/blogdalucianaoliveira.com.br\/blog\/wp-content\/uploads\/2018\/07\/19A5C8C9-940E-4F86-BF75-0ACBB1A732CF.jpeg?fit=300%2C200\" data-large-file=\"https:\/\/i0.wp.com\/blogdalucianaoliveira.com.br\/blog\/wp-content\/uploads\/2018\/07\/19A5C8C9-940E-4F86-BF75-0ACBB1A732CF.jpeg?fit=600%2C400\" src=\"https:\/\/i0.wp.com\/blogdalucianaoliveira.com.br\/blog\/wp-content\/uploads\/2018\/07\/19A5C8C9-940E-4F86-BF75-0ACBB1A732CF.jpeg?resize=600%2C400\" alt=\"19A5C8C9-940E-4F86-BF75-0ACBB1A732CF\" width=\"600\" height=\"400\" class=\"alignnone size-full wp-image-18655\" srcset=\"https:\/\/i0.wp.com\/blogdalucianaoliveira.com.br\/blog\/wp-content\/uploads\/2018\/07\/19A5C8C9-940E-4F86-BF75-0ACBB1A732CF.jpeg?w=3241 3241w, https:\/\/i0.wp.com\/blogdalucianaoliveira.com.br\/blog\/wp-content\/uploads\/2018\/07\/19A5C8C9-940E-4F86-BF75-0ACBB1A732CF.jpeg?resize=300%2C200 300w, https:\/\/i0.wp.com\/blogdalucianaoliveira.com.br\/blog\/wp-content\/uploads\/2018\/07\/19A5C8C9-940E-4F86-BF75-0ACBB1A732CF.jpeg?resize=768%2C512 768w, https:\/\/i0.wp.com\/blogdalucianaoliveira.com.br\/blog\/wp-content\/uploads\/2018\/07\/19A5C8C9-940E-4F86-BF75-0ACBB1A732CF.jpeg?resize=1024%2C683 1024w, https:\/\/i0.wp.com\/blogdalucianaoliveira.com.br\/blog\/wp-content\/uploads\/2018\/07\/19A5C8C9-940E-4F86-BF75-0ACBB1A732CF.jpeg?resize=450%2C300 450w, https:\/\/i0.wp.com\/blogdalucianaoliveira.com.br\/blog\/wp-content\/uploads\/2018\/07\/19A5C8C9-940E-4F86-BF75-0ACBB1A732CF.jpeg?w=1200 1200w, https:\/\/i0.wp.com\/blogdalucianaoliveira.com.br\/blog\/wp-content\/uploads\/2018\/07\/19A5C8C9-940E-4F86-BF75-0ACBB1A732CF.jpeg?w=1800 1800w\" sizes=\"auto, (max-width: 600px) 100vw, 600px\" \/><\/p>\n<p>O Caderno de Conflitos no Campo Brasil 2017, fruto do registro e documento dos acontecimentos no campo no Brasil, \u00e9 um dos retratos mais completos da realidade agr\u00e1ria do pa\u00eds. <!--more--><\/p>\n<p>Ap\u00f3s lan\u00e7amento a n\u00edvel nacional, a CPT Regional Rond\u00f4nia promove o lan\u00e7amento do caderno tamb\u00e9m no estado, buscando versar sobre os pontos de destaque em nosso estado e regi\u00e3o vizinhas.<\/p>\n<p>A viol\u00eancia no campo em Rond\u00f4nia segue ainda como um dos principais dramas, tornando-se, n\u00e3o s\u00f3 um problema de registro e estat\u00edstica, mas um convite \u00e0 reflex\u00e3o e a\u00e7\u00f5es concretas. <\/p>\n<p>Rond\u00f4nia segue sendo uma \u00e1rea desafiadora quando se fala em Conflitos Agr\u00e1rios, foram 91 ocorr\u00eancias de conflitos registradas, envolvendo cerca de 4.317 fam\u00edlias. Com menos ocorr\u00eancia de morte por conflitos agr\u00e1rios em rela\u00e7\u00e3o aos outros anos, 20 em 2015, 21 em 2016, em 2017 esse n\u00famero decresce para 17 casos. Contudo, a viol\u00eancia segue acontecendo e os casos de conflitos seguem sem solu\u00e7\u00f5es s\u00f3lidas, e tal realidade n\u00e3o pode ser silenciada.<\/p>\n<p>O conflito pelas \u00e1guas, foram 10 registros envolvendo 2705 fam\u00edlias e 03 casos de trabalho escravo, envolvendo 08 trabalhadores.<br \/>\nCom a presen\u00e7a de representantes dos movimentos sociais do campo de Rond\u00f4nia, de representantes das CPTs do estado do Acre, Amazonas, Roraima, Rond\u00f4nia, Mato Grosso e os atores principais relatados no Caderno de Conflitos, a CPT\/RO pretende mais do que lan\u00e7ar um livro, dar voz aqueles que vivem e enfrentam toda forma de viol\u00eancia, trazido por eles mesmos a realidade agr\u00e1ria do estado.<\/p>\n<p>Data: 13 de julho (sexta feira)<br \/>\nLocal: Audit\u00f3rio da Catedral ao lado da C\u00faria Arquidiocesana, Cito: Av. Carlos Gomes, 964 \u2013 Centro em Porto Velho.<br \/>\nHor\u00e1rio: 9:00 hs (nove horas).<br \/>\nContato: 69-98473-5453 Maria Petronila Neto \u2013 membro da coordena\u00e7\u00e3o da CPT-RO<\/p>\n","protected":false},"excerpt":{"rendered":"<p>O Caderno de Conflitos no Campo Brasil 2017, fruto do registro e documento dos acontecimentos no campo no Brasil, \u00e9 um dos retratos mais completos da realidade agr\u00e1ria do pa\u00eds.<\/p>\n","protected":false},"author":1,"featured_media":0,"comment_status":"closed","ping_status":"open","sticky":false,"template":"","format":"standard","meta":{"_exactmetrics_skip_tracking":false,"_exactmetrics_sitenote_active":false,"_exactmetrics_sitenote_note":"","_exactmetrics_sitenote_category":0,"jetpack_post_was_ever_published":false,"_jetpack_newsletter_access":"","_jetpack_dont_email_post_to_subs":false,"_jetpack_newsletter_tier_id":0,"_jetpack_memberships_contains_paywalled_content":false,"_jetpack_memberships_contains_paid_content":false,"footnotes":"","jetpack_publicize_message":"","jetpack_publicize_feature_enabled":true,"jetpack_social_post_already_shared":true,"jetpack_social_options":{"image_generator_settings":{"template":"highway","enabled":false},"version":2}},"categories":[1],"tags":[],"class_list":["post-18654","post","type-post","status-publish","format-standard","hentry","category-notas"],"jetpack_publicize_connections":[],"jetpack_sharing_enabled":true,"jetpack_featured_media_url":"","jetpack_shortlink":"https:\/\/wp.me\/p7wKYW-4QS","jetpack-related-posts":[],"_links":{"self":[{"href":"http:\/\/blogdalucianaoliveira.com.br\/blog\/wp-json\/wp\/v2\/posts\/18654","targetHints":{"allow":["GET"]}}],"collection":[{"href":"http:\/\/blogdalucianaoliveira.com.br\/blog\/wp-json\/wp\/v2\/posts"}],"about":[{"href":"http:\/\/blogdalucianaoliveira.com.br\/blog\/wp-json\/wp\/v2\/types\/post"}],"author":[{"embeddable":true,"href":"http:\/\/blogdalucianaoliveira.com.br\/blog\/wp-json\/wp\/v2\/users\/1"}],"replies":[{"embeddable":true,"href":"http:\/\/blogdalucianaoliveira.com.br\/blog\/wp-json\/wp\/v2\/comments?post=18654"}],"version-history":[{"count":1,"href":"http:\/\/blogdalucianaoliveira.com.br\/blog\/wp-json\/wp\/v2\/posts\/18654\/revisions"}],"predecessor-version":[{"id":18656,"href":"http:\/\/blogdalucianaoliveira.com.br\/blog\/wp-json\/wp\/v2\/posts\/18654\/revisions\/18656"}],"wp:attachment":[{"href":"http:\/\/blogdalucianaoliveira.com.br\/blog\/wp-json\/wp\/v2\/media?parent=18654"}],"wp:term":[{"taxonomy":"category","embeddable":true,"href":"http:\/\/blogdalucianaoliveira.com.br\/blog\/wp-json\/wp\/v2\/categories?post=18654"},{"taxonomy":"post_tag","embeddable":true,"href":"http:\/\/blogdalucianaoliveira.com.br\/blog\/wp-json\/wp\/v2\/tags?post=18654"}],"curies":[{"name":"wp","href":"https:\/\/api.w.org\/{rel}","templated":true}]}}