{"id":18657,"date":"2018-07-14T16:18:50","date_gmt":"2018-07-14T20:18:50","guid":{"rendered":"http:\/\/blogdalucianaoliveira.com.br\/blog\/?p=18657"},"modified":"2018-07-14T16:18:50","modified_gmt":"2018-07-14T20:18:50","slug":"pochmann-reverter-retrocessos-exigira-parlamento-comprometido-com-projeto-nacional","status":"publish","type":"post","link":"http:\/\/blogdalucianaoliveira.com.br\/blog\/2018\/07\/14\/pochmann-reverter-retrocessos-exigira-parlamento-comprometido-com-projeto-nacional\/","title":{"rendered":"Pochmann: Reverter retrocessos exigir\u00e1 Parlamento comprometido com projeto nacional"},"content":{"rendered":"<p><img data-recalc-dims=\"1\" loading=\"lazy\" decoding=\"async\" data-attachment-id=\"18658\" data-permalink=\"http:\/\/blogdalucianaoliveira.com.br\/blog\/2018\/07\/14\/pochmann-reverter-retrocessos-exigira-parlamento-comprometido-com-projeto-nacional\/trai-2\/\" data-orig-file=\"https:\/\/i0.wp.com\/blogdalucianaoliveira.com.br\/blog\/wp-content\/uploads\/2018\/07\/trai.jpg?fit=960%2C960\" data-orig-size=\"960,960\" data-comments-opened=\"0\" data-image-meta=\"{&quot;aperture&quot;:&quot;0&quot;,&quot;credit&quot;:&quot;&quot;,&quot;camera&quot;:&quot;&quot;,&quot;caption&quot;:&quot;&quot;,&quot;created_timestamp&quot;:&quot;0&quot;,&quot;copyright&quot;:&quot;&quot;,&quot;focal_length&quot;:&quot;0&quot;,&quot;iso&quot;:&quot;0&quot;,&quot;shutter_speed&quot;:&quot;0&quot;,&quot;title&quot;:&quot;&quot;,&quot;orientation&quot;:&quot;0&quot;}\" data-image-title=\"trai\" data-image-description=\"\" data-image-caption=\"\" data-medium-file=\"https:\/\/i0.wp.com\/blogdalucianaoliveira.com.br\/blog\/wp-content\/uploads\/2018\/07\/trai.jpg?fit=300%2C300\" data-large-file=\"https:\/\/i0.wp.com\/blogdalucianaoliveira.com.br\/blog\/wp-content\/uploads\/2018\/07\/trai.jpg?fit=600%2C600\" src=\"https:\/\/i0.wp.com\/blogdalucianaoliveira.com.br\/blog\/wp-content\/uploads\/2018\/07\/trai.jpg?resize=600%2C600\" alt=\"trai\" width=\"600\" height=\"600\" class=\"alignnone size-full wp-image-18658\" srcset=\"https:\/\/i0.wp.com\/blogdalucianaoliveira.com.br\/blog\/wp-content\/uploads\/2018\/07\/trai.jpg?w=960 960w, https:\/\/i0.wp.com\/blogdalucianaoliveira.com.br\/blog\/wp-content\/uploads\/2018\/07\/trai.jpg?resize=150%2C150 150w, https:\/\/i0.wp.com\/blogdalucianaoliveira.com.br\/blog\/wp-content\/uploads\/2018\/07\/trai.jpg?resize=300%2C300 300w, https:\/\/i0.wp.com\/blogdalucianaoliveira.com.br\/blog\/wp-content\/uploads\/2018\/07\/trai.jpg?resize=768%2C768 768w\" sizes=\"auto, (max-width: 600px) 100vw, 600px\" \/><\/p>\n<p>Economista falou ao Brasil de Fato sobre cen\u00e1rio econ\u00f4mico do atual governo e possibilidades de supera\u00e7\u00e3o<!--more--><\/p>\n<p>Rafael Tatemoto<br \/>\nBrasil de Fato | Bras\u00edlia (DF)<\/p>\n<p>O n\u00famero de pessoas com com fortuna maior que US$ 1 milh\u00e3o aumentou em 7 mil no Brasil durante 2017. Um incremento de 4,25%, aumentando de 164,5 mil pessoas para 171,5 mil. Somado, o patrim\u00f4nio total deste grupo equivale a US$ 4,5 trilh\u00f5es, crescimento de mais de 8% em rela\u00e7\u00e3o a 2016. Os dados s\u00e3o da consultoria francesa Capgemini. <\/p>\n<p>Do outro lado, segundo o Instituto Brasileiro de Economia da FGV a desigualdade aumentou: no primeiro trimestre de 2018 em compara\u00e7\u00e3o com o mesmo per\u00edodo do ano anterior, os 20% mais pobres tiveram queda de 5% em sua renda, enquanto a dos 20% mais ricos aumentou em 10,8%. A renda dos que integram os estratos inferiores diminuiu de R$ 400 para R$ 380.<\/p>\n<p>Comentando esse cen\u00e1rio em entrevista ao Brasil de Fato, o economista Marcio Pochmann, o Brasil enfrenta o pior cen\u00e1rio econ\u00f4mico desde a d\u00e9cada de 1930. Em sua vis\u00e3o, as altera\u00e7\u00f5es promovidas por Michel Temer (MDB) devem ser responsabilizadas por isso. Para que sejam revertidas em um pr\u00f3ximo governo, entende que a discuss\u00e3o sobre a composi\u00e7\u00e3o do futuro Parlamento deve ter uma import\u00e2ncia maior durante as elei\u00e7\u00f5es gerais. <\/p>\n<p><img data-recalc-dims=\"1\" loading=\"lazy\" decoding=\"async\" data-attachment-id=\"18659\" data-permalink=\"http:\/\/blogdalucianaoliveira.com.br\/blog\/2018\/07\/14\/pochmann-reverter-retrocessos-exigira-parlamento-comprometido-com-projeto-nacional\/poch\/\" data-orig-file=\"https:\/\/i0.wp.com\/blogdalucianaoliveira.com.br\/blog\/wp-content\/uploads\/2018\/07\/poch.jpg?fit=640%2C426\" data-orig-size=\"640,426\" data-comments-opened=\"0\" data-image-meta=\"{&quot;aperture&quot;:&quot;0&quot;,&quot;credit&quot;:&quot;&quot;,&quot;camera&quot;:&quot;&quot;,&quot;caption&quot;:&quot;&quot;,&quot;created_timestamp&quot;:&quot;0&quot;,&quot;copyright&quot;:&quot;&quot;,&quot;focal_length&quot;:&quot;0&quot;,&quot;iso&quot;:&quot;0&quot;,&quot;shutter_speed&quot;:&quot;0&quot;,&quot;title&quot;:&quot;&quot;,&quot;orientation&quot;:&quot;0&quot;}\" data-image-title=\"poch\" data-image-description=\"\" data-image-caption=\"\" data-medium-file=\"https:\/\/i0.wp.com\/blogdalucianaoliveira.com.br\/blog\/wp-content\/uploads\/2018\/07\/poch.jpg?fit=300%2C200\" data-large-file=\"https:\/\/i0.wp.com\/blogdalucianaoliveira.com.br\/blog\/wp-content\/uploads\/2018\/07\/poch.jpg?fit=600%2C399\" src=\"https:\/\/i0.wp.com\/blogdalucianaoliveira.com.br\/blog\/wp-content\/uploads\/2018\/07\/poch.jpg?resize=600%2C399\" alt=\"poch\" width=\"600\" height=\"399\" class=\"alignnone size-full wp-image-18659\" srcset=\"https:\/\/i0.wp.com\/blogdalucianaoliveira.com.br\/blog\/wp-content\/uploads\/2018\/07\/poch.jpg?w=640 640w, https:\/\/i0.wp.com\/blogdalucianaoliveira.com.br\/blog\/wp-content\/uploads\/2018\/07\/poch.jpg?resize=300%2C200 300w, https:\/\/i0.wp.com\/blogdalucianaoliveira.com.br\/blog\/wp-content\/uploads\/2018\/07\/poch.jpg?resize=451%2C300 451w\" sizes=\"auto, (max-width: 600px) 100vw, 600px\" \/><\/p>\n<p>Brasil de Fato: H\u00e1 dados indicando uma piora na quest\u00e3o da igualdade no Brasil no \u00faltimo ano. O quanto isso \u00e9 responsabilidade direta de Temer e o quanto pode ser creditado \u00e0 crise econ\u00f4mica iniciada antes de sua chegada ao governo?<\/p>\n<p>Marcio Pochmann: A recess\u00e3o, a partir de 2015, j\u00e1 colocou constrangimentos para o rendimento dos trabalhadores. Houve o aumento do desemprego, ou seja, mais pessoas sem rendimento. Esse \u00e9 o primeiro aspecto. N\u00e3o poderia deixar de chamar a aten\u00e7\u00e3o de que a op\u00e7\u00e3o pela recess\u00e3o significou um desvio da pol\u00edtica de crescimento e de busca do pleno emprego que havia sido uma marca desde o in\u00edcio dos governos do PT. <\/p>\n<p>Ocorre que esta interrup\u00e7\u00e3o, a partir da recess\u00e3o, foi aprofundada pelo uso generalizado de pol\u00edticas de corte neoliberal com a entrada do governo Temer. Aparecem constrangimentos que n\u00e3o estavam colocados anteriormente. A redu\u00e7\u00e3o do gasto social, com a decis\u00e3o de estabelecer um teto para a expans\u00e3o do gasto p\u00fablico, excluindo os gastos financeiros. Adicionalmente, tivemos a pr\u00f3pria mudan\u00e7a na legisla\u00e7\u00e3o trabalhista. <\/p>\n<p>Temos constrangimentos do ponto de vista do gasto p\u00fablico, que em tese sustentariam a renda do trabalho, mesmo que diante de uma recess\u00e3o, e, ao mesmo tempo, a liberaliza\u00e7\u00e3o do mercado de trabalho que tornou, de alguma forma, n\u00e3o o crescimento do emprego mas a redu\u00e7\u00e3o do custo do trabalho para quem est\u00e1 empregado.<\/p>\n<p>Em 2014, o custo do trabalho brasileiro na ind\u00fastria era quase quatro vezes maior que na ind\u00fastria chinesa. Em 2018, o custo do trabalho brasileiro j\u00e1 \u00e9 um quinto menor que o chin\u00eas. O que n\u00f3s estamos assistindo por for\u00e7a da mudan\u00e7a na legisla\u00e7\u00e3o trabalhista \u00e9 a precariza\u00e7\u00e3o acelerada dos empregos existentes. A substitui\u00e7\u00e3o do emprego regular por empregos que s\u00e3o caracterizados por contratos de zero hora. Ou seja, a empresa contrata a pessoa e a remunera\u00e7\u00e3o e os direitos [s\u00e3o] vinculados \u00e0 jornada estabelecida. Voc\u00ea pode trabalhar zero hora no m\u00eas. N\u00e3o h\u00e1 mais garantia de um rendimento mensal.<\/p>\n<p>Voc\u00ea citou altera\u00e7\u00f5es legislativas e constitucionais que geraram esses constrangimentos. Como um pr\u00f3ximo governo poderia superar esse cen\u00e1rio econ\u00f4mico com essas limita\u00e7\u00f5es legais?<\/p>\n<p>\u00c9 necess\u00e1rio trabalhar com duas medidas de implementa\u00e7\u00e3o imediata a partir da sa\u00edda do governo Temer. A primeira, um conjunto de medidas emergenciais. N\u00f3s estamos com o pa\u00eds diante da mais grave crise de emprego que a sociedade urbano-industrial j\u00e1 assistiu. N\u00e3o h\u00e1 paralelo desde 1930. Segundo o IBGE, temos quase 28 milh\u00f5es de brasileiros procurando trabalho. Isso significa que cerca de 27% da for\u00e7a de trabalho esta nessa situa\u00e7\u00e3o. N\u00e3o h\u00e1 registro hist\u00f3rico disso. <\/p>\n<p>De imediato, medidas que permitam que o Brasil venha a se mover diante do buraco em que se encontra. Vai desde a retomada de obras p\u00fablicas paralisadas at\u00e9 a implementa\u00e7\u00e3o de um programa de obras p\u00fablicas em pequena escala nos munic\u00edpios. Com o objetivo de retirar a economia da situa\u00e7\u00e3o de paralisia em que se encontra.<\/p>\n<p>A segunda medida, que devem ser medidas de transi\u00e7\u00e3o do governo Temer para um novo governo. O que seria essa transi\u00e7\u00e3o? A revis\u00e3o de medidas que foram tomadas e que imobilizaram o governo e retiraram qualquer possibilidade de protagonismo do Estado. Isso diz respeito a rever a Emenda Constitucional 95 e tamb\u00e9m a altera\u00e7\u00e3o da legisla\u00e7\u00e3o trabalhista.<\/p>\n<p>Essa transi\u00e7\u00e3o, e mesmo as medidas emergenciais, depender\u00e3o de alguma forma, n\u00e3o apenas do resultado da elei\u00e7\u00e3o presidencial, mas tamb\u00e9m, e sobretudo, da composi\u00e7\u00e3o do Legislativo. Sem um Parlamento convergente com essa perspectiva, o pr\u00f3ximo Governo ter\u00e1 enormes dificuldades para passar medidas que possam rever os equ\u00edvocos que o governo Temer tomou. <\/p>\n<p>A Funda\u00e7\u00e3o Perseu Abramo, presidida por voc\u00ea, juntamente com outras funda\u00e7\u00f5es partid\u00e1rias lan\u00e7ou um manifesto defendendo a conforma\u00e7\u00e3o de uma frente parlamentar com essas caracter\u00edsticas. Qual a expectativa real de que possa ocorrer uma unidade nesse sentido?<\/p>\n<p>Esse foi o ponto que reuniu que deu converg\u00eancia a essas cinco funda\u00e7\u00f5es partid\u00e1ria. Em um primeiro momento, a identifica\u00e7\u00e3o de que n\u00f3s temos um rebaixamento do debate sobre o Brasil no plano do Legislativo. O Legislativo n\u00e3o produz um debate s\u00e9rio, de alto n\u00edvel, sobre os problemas brasileiros, tampouco sobre as solu\u00e7\u00f5es. Ao mesmo tempo, a necessidade de ter uma bancada suprapartid\u00e1ria comprometida com o projeto nacional. <\/p>\n<p>Essa iniciativa \u00e9 in\u00e9dita, se recuperarmos as elei\u00e7\u00f5es desde o pa\u00eds saiu da ditadura para a democracia. N\u00f3s temos um paralelo hist\u00f3rico recente para saber se ter\u00e1 viabilidade ou n\u00e3o. Em geral, as frentes, e h\u00e1 v\u00e1rias delas no Parlamento brasileiro, s\u00e3o constitu\u00eddas com deputados eleitos. Agora, na verdade, se enuncia a forma\u00e7\u00e3o de uma frente pr\u00e9-elei\u00e7\u00e3o. A ideia \u00e9 levar o debate ao Brasil sobre o que \u00e9 o projeto nacional. Identificar candidatos comprometidos com essa agenda e buscar uma politiza\u00e7\u00e3o da sociedade para apoiar candidatos com essa perspectiva. Se a popula\u00e7\u00e3o vai votar em candidatos preocupados com propostas e planos voltados para a recupera\u00e7\u00e3o do pa\u00eds e da soberania que isso se d\u00ea em um quadro em que os parlamentares possam acompanhar da forma mai pr\u00f3xima poss\u00edvel. <\/p>\n<p>Edi\u00e7\u00e3o: Guilherme Henrique<\/p>\n","protected":false},"excerpt":{"rendered":"<p>Economista falou ao Brasil de Fato sobre cen\u00e1rio econ\u00f4mico do atual governo e possibilidades de supera\u00e7\u00e3o<\/p>\n","protected":false},"author":1,"featured_media":0,"comment_status":"closed","ping_status":"open","sticky":false,"template":"","format":"standard","meta":{"_exactmetrics_skip_tracking":false,"_exactmetrics_sitenote_active":false,"_exactmetrics_sitenote_note":"","_exactmetrics_sitenote_category":0,"jetpack_post_was_ever_published":false,"_jetpack_newsletter_access":"","_jetpack_dont_email_post_to_subs":false,"_jetpack_newsletter_tier_id":0,"_jetpack_memberships_contains_paywalled_content":false,"_jetpack_memberships_contains_paid_content":false,"footnotes":"","jetpack_publicize_message":"","jetpack_publicize_feature_enabled":true,"jetpack_social_post_already_shared":true,"jetpack_social_options":{"image_generator_settings":{"template":"highway","enabled":false},"version":2}},"categories":[1],"tags":[],"class_list":["post-18657","post","type-post","status-publish","format-standard","hentry","category-notas"],"jetpack_publicize_connections":[],"jetpack_sharing_enabled":true,"jetpack_featured_media_url":"","jetpack_shortlink":"https:\/\/wp.me\/p7wKYW-4QV","jetpack-related-posts":[],"_links":{"self":[{"href":"http:\/\/blogdalucianaoliveira.com.br\/blog\/wp-json\/wp\/v2\/posts\/18657","targetHints":{"allow":["GET"]}}],"collection":[{"href":"http:\/\/blogdalucianaoliveira.com.br\/blog\/wp-json\/wp\/v2\/posts"}],"about":[{"href":"http:\/\/blogdalucianaoliveira.com.br\/blog\/wp-json\/wp\/v2\/types\/post"}],"author":[{"embeddable":true,"href":"http:\/\/blogdalucianaoliveira.com.br\/blog\/wp-json\/wp\/v2\/users\/1"}],"replies":[{"embeddable":true,"href":"http:\/\/blogdalucianaoliveira.com.br\/blog\/wp-json\/wp\/v2\/comments?post=18657"}],"version-history":[{"count":1,"href":"http:\/\/blogdalucianaoliveira.com.br\/blog\/wp-json\/wp\/v2\/posts\/18657\/revisions"}],"predecessor-version":[{"id":18660,"href":"http:\/\/blogdalucianaoliveira.com.br\/blog\/wp-json\/wp\/v2\/posts\/18657\/revisions\/18660"}],"wp:attachment":[{"href":"http:\/\/blogdalucianaoliveira.com.br\/blog\/wp-json\/wp\/v2\/media?parent=18657"}],"wp:term":[{"taxonomy":"category","embeddable":true,"href":"http:\/\/blogdalucianaoliveira.com.br\/blog\/wp-json\/wp\/v2\/categories?post=18657"},{"taxonomy":"post_tag","embeddable":true,"href":"http:\/\/blogdalucianaoliveira.com.br\/blog\/wp-json\/wp\/v2\/tags?post=18657"}],"curies":[{"name":"wp","href":"https:\/\/api.w.org\/{rel}","templated":true}]}}