{"id":18667,"date":"2018-07-17T11:15:04","date_gmt":"2018-07-17T15:15:04","guid":{"rendered":"http:\/\/blogdalucianaoliveira.com.br\/blog\/?p=18667"},"modified":"2018-07-17T11:15:04","modified_gmt":"2018-07-17T15:15:04","slug":"aqui-no-brasil-nao-tenho-futuro","status":"publish","type":"post","link":"http:\/\/blogdalucianaoliveira.com.br\/blog\/2018\/07\/17\/aqui-no-brasil-nao-tenho-futuro\/","title":{"rendered":"\u201cAqui no Brasil n\u00e3o tenho futuro\u201d"},"content":{"rendered":"<p><img data-recalc-dims=\"1\" loading=\"lazy\" decoding=\"async\" data-attachment-id=\"18668\" data-permalink=\"http:\/\/blogdalucianaoliveira.com.br\/blog\/2018\/07\/17\/aqui-no-brasil-nao-tenho-futuro\/dias\/\" data-orig-file=\"https:\/\/i0.wp.com\/blogdalucianaoliveira.com.br\/blog\/wp-content\/uploads\/2018\/07\/dias.jpg?fit=1960%2C1098\" data-orig-size=\"1960,1098\" data-comments-opened=\"0\" data-image-meta=\"{&quot;aperture&quot;:&quot;0&quot;,&quot;credit&quot;:&quot;&quot;,&quot;camera&quot;:&quot;&quot;,&quot;caption&quot;:&quot;&quot;,&quot;created_timestamp&quot;:&quot;0&quot;,&quot;copyright&quot;:&quot;&quot;,&quot;focal_length&quot;:&quot;0&quot;,&quot;iso&quot;:&quot;0&quot;,&quot;shutter_speed&quot;:&quot;0&quot;,&quot;title&quot;:&quot;&quot;,&quot;orientation&quot;:&quot;0&quot;}\" data-image-title=\"dias\" data-image-description=\"\" data-image-caption=\"\" data-medium-file=\"https:\/\/i0.wp.com\/blogdalucianaoliveira.com.br\/blog\/wp-content\/uploads\/2018\/07\/dias.jpg?fit=300%2C168\" data-large-file=\"https:\/\/i0.wp.com\/blogdalucianaoliveira.com.br\/blog\/wp-content\/uploads\/2018\/07\/dias.jpg?fit=600%2C336\" src=\"https:\/\/i0.wp.com\/blogdalucianaoliveira.com.br\/blog\/wp-content\/uploads\/2018\/07\/dias.jpg?resize=600%2C336\" alt=\"dias\" width=\"600\" height=\"336\" class=\"alignnone size-full wp-image-18668\" srcset=\"https:\/\/i0.wp.com\/blogdalucianaoliveira.com.br\/blog\/wp-content\/uploads\/2018\/07\/dias.jpg?w=1960 1960w, https:\/\/i0.wp.com\/blogdalucianaoliveira.com.br\/blog\/wp-content\/uploads\/2018\/07\/dias.jpg?resize=300%2C168 300w, https:\/\/i0.wp.com\/blogdalucianaoliveira.com.br\/blog\/wp-content\/uploads\/2018\/07\/dias.jpg?resize=768%2C430 768w, https:\/\/i0.wp.com\/blogdalucianaoliveira.com.br\/blog\/wp-content\/uploads\/2018\/07\/dias.jpg?resize=1024%2C574 1024w, https:\/\/i0.wp.com\/blogdalucianaoliveira.com.br\/blog\/wp-content\/uploads\/2018\/07\/dias.jpg?resize=536%2C300 536w, https:\/\/i0.wp.com\/blogdalucianaoliveira.com.br\/blog\/wp-content\/uploads\/2018\/07\/dias.jpg?w=1200 1200w, https:\/\/i0.wp.com\/blogdalucianaoliveira.com.br\/blog\/wp-content\/uploads\/2018\/07\/dias.jpg?w=1800 1800w\" sizes=\"auto, (max-width: 600px) 100vw, 600px\" \/><\/p>\n<p>Estar\u00e1 algum candidato pensando em preparar um futuro de seguran\u00e7a e modernidade aos milh\u00f5es de jovens que lutaram para chegar \u00e0 universidade e agora sonham em vencer?<!--more--><\/p>\n<p>No El Pa\u00eds, por Juan Dias<\/p>\n<p>Uma coisa \u00e9 uma pesquisa fria revelar que 63% dos jovens brasileiros desejam buscar uma vida melhor fora do pa\u00eds, e outra \u00e9 ficar cara a cara, como me aconteceu outro dia, com um desses jovens, em carne e osso, um t\u00e9cnico de eletr\u00f4nica que te olhando com uns olhos visivelmente tristes, confidencia: \u201cEstou pensando em ir embora. Eu estou procurando de Portugal at\u00e9 a Austr\u00e1lia por um lugar onde eu possa desenvolver minha profiss\u00e3o. Aqui, no Brasil, n\u00e3o tenho futuro.\u201d E acrescentou: \u201cQuero viver em um pa\u00eds s\u00e9rio.\u201d Senti pena e raiva ao mesmo tempo.<\/p>\n<p>O Brasil vive, de fato, um grande vazio de lideran\u00e7a pol\u00edtica. Deixou de ser n\u00e3o s\u00f3 o pa\u00eds do futuro, como se bradou um dia, mas at\u00e9 mesmo do presente, onde os jovens sentem que muitos dos que os governam pensam mais em como manter seus privil\u00e9gios e perpetuar-se no poder do que ouvir o que esta sociedade pede e o que rejeita. Talvez fosse isso o que o jovem entendia por um pa\u00eds que n\u00e3o \u00e9 s\u00e9rio.<\/p>\n<p>Neste momento, por exemplo, nenhum dos candidatos \u00e0s pr\u00f3ximas elei\u00e7\u00f5es presidenciais parece ter um projeto de pa\u00eds com mai\u00fascula capaz de oferecer esperan\u00e7a a uma sociedade mais madura do que pensam os pol\u00edticos. Talvez n\u00e3o seja por acaso e tenha tido matizes pol\u00edticos o fato de que, com um dos melhores times da Copa do Mundo, o Brasil tenha perdido o hexacampeonato que tantos lhe preconizavam. Os poss\u00edveis candidatos \u00e0 presid\u00eancia do Brasil \u2013 um pa\u00eds grande como um continente, onde muitos estados agonizam mergulhados em d\u00edvidas e castigados pela viol\u00eancia \u2013 n\u00e3o parecem oferecer uma renova\u00e7\u00e3o profunda.<\/p>\n<p>Desgastados como est\u00e3o pela pequena pol\u00edtica de curral, vendem-nos o triste espet\u00e1culo do vazio de projetos. Parecem estar pensando mais em como ganhar segundos de propaganda eleitoral, como conseguir o apoio dos partidos que se vendem \u00e0 melhor oferta, sem importar se s\u00e3o ou n\u00e3o afinados com sua ideologia. Tudo parece valer para conseguir votos em uma feira onde se p\u00f5e \u00e0 venda at\u00e9 a pr\u00f3pria identidade.<\/p>\n<p>Nos muitos partidos brasileiros, quem continua dando as cartas s\u00e3o os de sempre, mesmo os envolvidos em esc\u00e2ndalos de corrup\u00e7\u00e3o, impedindo a passagem de novos l\u00edderes jovens. E, no entanto, o Brasil \u00e9 um pa\u00eds que precisaria de uma renova\u00e7\u00e3o profunda capaz de saber usar a for\u00e7a de sua sociedade rica em recursos naturais, com mil experi\u00eancias de vanguarda que se perdem no vazio da falta de projetos em n\u00edvel nacional onde canaliz\u00e1-las. Para esse Brasil que quer mais, os pol\u00edticos continuam oferecendo o prato de comida ran\u00e7osa de sempre. E isso em um mundo que se espelha na p\u00f3s-modernidade, aquela que n\u00e3o assusta os jovens. Querem-na e procuram-na l\u00e1 fora. E ir\u00e3o embora se n\u00e3o se sentirem realizados aqui.<\/p>\n<p>Estar\u00e1 algum candidato de fato pensando em preparar um futuro de seguran\u00e7a e modernidade, sem ideologias ultrapassadas, para os milh\u00f5es de jovens que lutaram para chegar \u00e0 universidade e agora sonham em vencer? Pelo contr\u00e1rio, parece que os candidatos a governar o pa\u00eds se esfor\u00e7am para se maquiar e se disfar\u00e7ar para conseguir votos de qualquer jeito. At\u00e9 o ultradireitista Bolsonaro que sempre demonstrou desprezo pelas minorias hoje diz que temos de aceitar \u201ccomo irm\u00e3os\u201d os afrodescendentes, de quem disse um dia que \u201cn\u00e3o serviam para procriar\u201d.<\/p>\n<p>Vemos at\u00e9 candidatos progressistas dispostos a se prostitu\u00edrem para aumentar o consenso fazendo pactos obscuros com partidos corruptos e conservadores, indicando que vale tudo para ganhar as elei\u00e7\u00f5es. O que menos parece importar aos pol\u00edticos que pretendem tomar as r\u00e9deas do pa\u00eds em suas m\u00e3os \u00e9 o Brasil como um projeto. Um projeto que n\u00e3o s\u00f3 o pacifique, mas que tamb\u00e9m abra novos caminhos.<\/p>\n<p>As elei\u00e7\u00f5es de outubro ser\u00e3o um teste para ver se podemos come\u00e7ar a esperar algo diferente de toda essa pobreza pol\u00edtica que est\u00e1 a\u00ed e que logo come\u00e7ar\u00e1 a ser gritada em uma propaganda ruidosa e vazia. Ser\u00e1 a sociedade, com seu voto, capaz de ganhar uma copa melhor do que a que perdeu na R\u00fassia? Ser\u00e1 capaz de oferecer um pa\u00eds s\u00e9rio, aquele que o jovem t\u00e9cnico est\u00e1 disposto a ir buscar l\u00e1 fora porque n\u00e3o o encontra aqui? Ele mesmo disse: \u201cSe pudesse, preferiria morar aqui, onde nasci e onde tenho minha fam\u00edlia e meus amigos\u201d. Esse \u201cse pudesse\u201d, deveria envergonhar aqueles que t\u00eam o poder e o dever de criar condi\u00e7\u00f5es para que esses jovens n\u00e3o tenham de fugir abandonando suas ra\u00edzes.<\/p>\n","protected":false},"excerpt":{"rendered":"<p>Estar\u00e1 algum candidato pensando em preparar um futuro de seguran\u00e7a e modernidade aos milh\u00f5es de jovens que lutaram para chegar \u00e0 universidade e agora sonham em vencer?<\/p>\n","protected":false},"author":1,"featured_media":0,"comment_status":"closed","ping_status":"open","sticky":false,"template":"","format":"standard","meta":{"_exactmetrics_skip_tracking":false,"_exactmetrics_sitenote_active":false,"_exactmetrics_sitenote_note":"","_exactmetrics_sitenote_category":0,"jetpack_post_was_ever_published":false,"_jetpack_newsletter_access":"","_jetpack_dont_email_post_to_subs":false,"_jetpack_newsletter_tier_id":0,"_jetpack_memberships_contains_paywalled_content":false,"_jetpack_memberships_contains_paid_content":false,"footnotes":"","jetpack_publicize_message":"","jetpack_publicize_feature_enabled":true,"jetpack_social_post_already_shared":true,"jetpack_social_options":{"image_generator_settings":{"template":"highway","enabled":false},"version":2}},"categories":[1],"tags":[],"class_list":["post-18667","post","type-post","status-publish","format-standard","hentry","category-notas"],"jetpack_publicize_connections":[],"jetpack_sharing_enabled":true,"jetpack_featured_media_url":"","jetpack_shortlink":"https:\/\/wp.me\/p7wKYW-4R5","jetpack-related-posts":[],"_links":{"self":[{"href":"http:\/\/blogdalucianaoliveira.com.br\/blog\/wp-json\/wp\/v2\/posts\/18667","targetHints":{"allow":["GET"]}}],"collection":[{"href":"http:\/\/blogdalucianaoliveira.com.br\/blog\/wp-json\/wp\/v2\/posts"}],"about":[{"href":"http:\/\/blogdalucianaoliveira.com.br\/blog\/wp-json\/wp\/v2\/types\/post"}],"author":[{"embeddable":true,"href":"http:\/\/blogdalucianaoliveira.com.br\/blog\/wp-json\/wp\/v2\/users\/1"}],"replies":[{"embeddable":true,"href":"http:\/\/blogdalucianaoliveira.com.br\/blog\/wp-json\/wp\/v2\/comments?post=18667"}],"version-history":[{"count":1,"href":"http:\/\/blogdalucianaoliveira.com.br\/blog\/wp-json\/wp\/v2\/posts\/18667\/revisions"}],"predecessor-version":[{"id":18669,"href":"http:\/\/blogdalucianaoliveira.com.br\/blog\/wp-json\/wp\/v2\/posts\/18667\/revisions\/18669"}],"wp:attachment":[{"href":"http:\/\/blogdalucianaoliveira.com.br\/blog\/wp-json\/wp\/v2\/media?parent=18667"}],"wp:term":[{"taxonomy":"category","embeddable":true,"href":"http:\/\/blogdalucianaoliveira.com.br\/blog\/wp-json\/wp\/v2\/categories?post=18667"},{"taxonomy":"post_tag","embeddable":true,"href":"http:\/\/blogdalucianaoliveira.com.br\/blog\/wp-json\/wp\/v2\/tags?post=18667"}],"curies":[{"name":"wp","href":"https:\/\/api.w.org\/{rel}","templated":true}]}}