{"id":18670,"date":"2018-07-17T11:19:47","date_gmt":"2018-07-17T15:19:47","guid":{"rendered":"http:\/\/blogdalucianaoliveira.com.br\/blog\/?p=18670"},"modified":"2018-07-17T11:19:47","modified_gmt":"2018-07-17T15:19:47","slug":"dcm-quem-mandou-quem-fez-e-por-que-pergunta-pai-de-marielle-em-video","status":"publish","type":"post","link":"http:\/\/blogdalucianaoliveira.com.br\/blog\/2018\/07\/17\/dcm-quem-mandou-quem-fez-e-por-que-pergunta-pai-de-marielle-em-video\/","title":{"rendered":"DCM: \u201cQuem mandou, quem fez e por qu\u00ea?\u201d, pergunta pai de Marielle em v\u00eddeo"},"content":{"rendered":"<p><img data-recalc-dims=\"1\" loading=\"lazy\" decoding=\"async\" data-attachment-id=\"18671\" data-permalink=\"http:\/\/blogdalucianaoliveira.com.br\/blog\/2018\/07\/17\/dcm-quem-mandou-quem-fez-e-por-que-pergunta-pai-de-marielle-em-video\/quem1\/\" data-orig-file=\"https:\/\/i0.wp.com\/blogdalucianaoliveira.com.br\/blog\/wp-content\/uploads\/2018\/07\/quem1.jpg?fit=600%2C351\" data-orig-size=\"600,351\" data-comments-opened=\"0\" data-image-meta=\"{&quot;aperture&quot;:&quot;0&quot;,&quot;credit&quot;:&quot;&quot;,&quot;camera&quot;:&quot;&quot;,&quot;caption&quot;:&quot;&quot;,&quot;created_timestamp&quot;:&quot;0&quot;,&quot;copyright&quot;:&quot;&quot;,&quot;focal_length&quot;:&quot;0&quot;,&quot;iso&quot;:&quot;0&quot;,&quot;shutter_speed&quot;:&quot;0&quot;,&quot;title&quot;:&quot;&quot;,&quot;orientation&quot;:&quot;0&quot;}\" data-image-title=\"quem1\" data-image-description=\"\" data-image-caption=\"\" data-medium-file=\"https:\/\/i0.wp.com\/blogdalucianaoliveira.com.br\/blog\/wp-content\/uploads\/2018\/07\/quem1.jpg?fit=300%2C176\" data-large-file=\"https:\/\/i0.wp.com\/blogdalucianaoliveira.com.br\/blog\/wp-content\/uploads\/2018\/07\/quem1.jpg?fit=600%2C351\" src=\"https:\/\/i0.wp.com\/blogdalucianaoliveira.com.br\/blog\/wp-content\/uploads\/2018\/07\/quem1.jpg?resize=600%2C351\" alt=\"quem1\" width=\"600\" height=\"351\" class=\"alignnone size-full wp-image-18671\" srcset=\"https:\/\/i0.wp.com\/blogdalucianaoliveira.com.br\/blog\/wp-content\/uploads\/2018\/07\/quem1.jpg?w=600 600w, https:\/\/i0.wp.com\/blogdalucianaoliveira.com.br\/blog\/wp-content\/uploads\/2018\/07\/quem1.jpg?resize=300%2C176 300w, https:\/\/i0.wp.com\/blogdalucianaoliveira.com.br\/blog\/wp-content\/uploads\/2018\/07\/quem1.jpg?resize=513%2C300 513w\" sizes=\"auto, (max-width: 600px) 100vw, 600px\" \/><\/p>\n<p>\u201cTerr\u00edvel. N\u00e3o d\u00e1 para voc\u00ea mensurar, como m\u00e3e, tirar a vida de uma pessoa como foi tirada a da minha filha\u201d, diz Marinete da Silva, m\u00e3e de Marielle Franco, em v\u00eddeo produzido pela Anistia Internacional para cobrar respostas sobre o assassinato da ativista e vereadora, que completou quatro meses no \u00faltimo dia 14.<!--more--><\/p>\n<p>\u201c\u201cEra muito sangue, a\u00ed o anel dela no ch\u00e3o com os \u00f3culos e a bolsa que eu tinha dado. A\u00ed eu falei: \u2018acho que \u00e9 verdade\u2019\u201d, contou Anielle Silva, irm\u00e3 de Marielle, sobre o momento em que a fam\u00edlia recebeu a not\u00edcia do assassinato. Seu pai, Ant\u00f4nio Francisco da Silva, relembra a brutalidade do crime: \u201cUma mulher desarmada, sendo tocaiada por quatro homens\u201d.<\/p>\n<p>Ap\u00f3s quatro meses, o crime, que tamb\u00e9m vitimou o motorista Anderson Gomes, continua sem respostas. \u201cA n\u00e3o resolu\u00e7\u00e3o do assassinato de Marielle Franco demonstra a inefic\u00e1cia, incompet\u00eancia e a falta de vontade das institui\u00e7\u00f5es do Sistema de Justi\u00e7a Criminal brasileiro para resolver o caso\u201d, afirmou Jurema Werneck, diretora executiva da Anistia em comunicado. \u201c\u00c9 urgente o estabelecimento de um mecanismo externo e independente para monitorar essa investiga\u00e7\u00e3o\u201d, acrescentou.<\/p>\n<p>Assista ao v\u00eddeo produzido pela Anistia Internacional:<\/p>\n<div class=\"jetpack-video-wrapper\"><iframe loading=\"lazy\" title=\"Marielle Franco: cada vez mais alto | Anistia Internacional\" width=\"600\" height=\"338\" src=\"https:\/\/www.youtube.com\/embed\/pQ7Ugedi3JQ?feature=oembed\" frameborder=\"0\" allow=\"accelerometer; autoplay; clipboard-write; encrypted-media; gyroscope; picture-in-picture; web-share\" referrerpolicy=\"strict-origin-when-cross-origin\" allowfullscreen><\/iframe><\/div>\n","protected":false},"excerpt":{"rendered":"<p>\u201cTerr\u00edvel. N\u00e3o d\u00e1 para voc\u00ea mensurar, como m\u00e3e, tirar a vida de uma pessoa como foi tirada a da minha filha\u201d, diz Marinete da Silva, m\u00e3e de Marielle Franco, em v\u00eddeo produzido pela Anistia Internacional para cobrar respostas sobre o assassinato da ativista e vereadora, que completou quatro meses no \u00faltimo dia 14.<\/p>\n","protected":false},"author":1,"featured_media":0,"comment_status":"closed","ping_status":"open","sticky":false,"template":"","format":"standard","meta":{"_exactmetrics_skip_tracking":false,"_exactmetrics_sitenote_active":false,"_exactmetrics_sitenote_note":"","_exactmetrics_sitenote_category":0,"jetpack_post_was_ever_published":false,"_jetpack_newsletter_access":"","_jetpack_dont_email_post_to_subs":false,"_jetpack_newsletter_tier_id":0,"_jetpack_memberships_contains_paywalled_content":false,"_jetpack_memberships_contains_paid_content":false,"footnotes":"","jetpack_publicize_message":"","jetpack_publicize_feature_enabled":true,"jetpack_social_post_already_shared":true,"jetpack_social_options":{"image_generator_settings":{"template":"highway","enabled":false},"version":2}},"categories":[1],"tags":[],"class_list":["post-18670","post","type-post","status-publish","format-standard","hentry","category-notas"],"jetpack_publicize_connections":[],"jetpack_sharing_enabled":true,"jetpack_featured_media_url":"","jetpack_shortlink":"https:\/\/wp.me\/p7wKYW-4R8","jetpack-related-posts":[],"_links":{"self":[{"href":"http:\/\/blogdalucianaoliveira.com.br\/blog\/wp-json\/wp\/v2\/posts\/18670","targetHints":{"allow":["GET"]}}],"collection":[{"href":"http:\/\/blogdalucianaoliveira.com.br\/blog\/wp-json\/wp\/v2\/posts"}],"about":[{"href":"http:\/\/blogdalucianaoliveira.com.br\/blog\/wp-json\/wp\/v2\/types\/post"}],"author":[{"embeddable":true,"href":"http:\/\/blogdalucianaoliveira.com.br\/blog\/wp-json\/wp\/v2\/users\/1"}],"replies":[{"embeddable":true,"href":"http:\/\/blogdalucianaoliveira.com.br\/blog\/wp-json\/wp\/v2\/comments?post=18670"}],"version-history":[{"count":1,"href":"http:\/\/blogdalucianaoliveira.com.br\/blog\/wp-json\/wp\/v2\/posts\/18670\/revisions"}],"predecessor-version":[{"id":18672,"href":"http:\/\/blogdalucianaoliveira.com.br\/blog\/wp-json\/wp\/v2\/posts\/18670\/revisions\/18672"}],"wp:attachment":[{"href":"http:\/\/blogdalucianaoliveira.com.br\/blog\/wp-json\/wp\/v2\/media?parent=18670"}],"wp:term":[{"taxonomy":"category","embeddable":true,"href":"http:\/\/blogdalucianaoliveira.com.br\/blog\/wp-json\/wp\/v2\/categories?post=18670"},{"taxonomy":"post_tag","embeddable":true,"href":"http:\/\/blogdalucianaoliveira.com.br\/blog\/wp-json\/wp\/v2\/tags?post=18670"}],"curies":[{"name":"wp","href":"https:\/\/api.w.org\/{rel}","templated":true}]}}