{"id":18688,"date":"2018-07-24T10:19:57","date_gmt":"2018-07-24T14:19:57","guid":{"rendered":"http:\/\/blogdalucianaoliveira.com.br\/blog\/?p=18688"},"modified":"2018-07-24T10:19:57","modified_gmt":"2018-07-24T14:19:57","slug":"rico-paga-pouco-imposto-no-brasil-da-meritocracia-hereditaria-por-leonardo-sakamoto","status":"publish","type":"post","link":"http:\/\/blogdalucianaoliveira.com.br\/blog\/2018\/07\/24\/rico-paga-pouco-imposto-no-brasil-da-meritocracia-hereditaria-por-leonardo-sakamoto\/","title":{"rendered":"Rico paga pouco imposto no Brasil da meritocracia heredit\u00e1ria, por Leonardo Sakamoto"},"content":{"rendered":"<p><img data-recalc-dims=\"1\" loading=\"lazy\" decoding=\"async\" data-attachment-id=\"18690\" data-permalink=\"http:\/\/blogdalucianaoliveira.com.br\/blog\/2018\/07\/24\/rico-paga-pouco-imposto-no-brasil-da-meritocracia-hereditaria-por-leonardo-sakamoto\/desigualdade-social-no-brasil-750x410\/\" data-orig-file=\"https:\/\/i0.wp.com\/blogdalucianaoliveira.com.br\/blog\/wp-content\/uploads\/2018\/07\/desigualdade-social-no-brasil-750x410.jpg?fit=750%2C410\" data-orig-size=\"750,410\" data-comments-opened=\"0\" data-image-meta=\"{&quot;aperture&quot;:&quot;0&quot;,&quot;credit&quot;:&quot;&quot;,&quot;camera&quot;:&quot;&quot;,&quot;caption&quot;:&quot;&quot;,&quot;created_timestamp&quot;:&quot;0&quot;,&quot;copyright&quot;:&quot;&quot;,&quot;focal_length&quot;:&quot;0&quot;,&quot;iso&quot;:&quot;0&quot;,&quot;shutter_speed&quot;:&quot;0&quot;,&quot;title&quot;:&quot;&quot;,&quot;orientation&quot;:&quot;0&quot;}\" data-image-title=\"desigualdade-social-no-brasil-750&amp;#215;410\" data-image-description=\"\" data-image-caption=\"\" data-medium-file=\"https:\/\/i0.wp.com\/blogdalucianaoliveira.com.br\/blog\/wp-content\/uploads\/2018\/07\/desigualdade-social-no-brasil-750x410.jpg?fit=300%2C164\" data-large-file=\"https:\/\/i0.wp.com\/blogdalucianaoliveira.com.br\/blog\/wp-content\/uploads\/2018\/07\/desigualdade-social-no-brasil-750x410.jpg?fit=600%2C328\" class=\"alignnone size-full wp-image-18690\" src=\"https:\/\/i0.wp.com\/blogdalucianaoliveira.com.br\/blog\/wp-content\/uploads\/2018\/07\/desigualdade-social-no-brasil-750x410.jpg?resize=600%2C328\" alt=\"desigualdade-social-no-brasil-750x410\" width=\"600\" height=\"328\" srcset=\"https:\/\/i0.wp.com\/blogdalucianaoliveira.com.br\/blog\/wp-content\/uploads\/2018\/07\/desigualdade-social-no-brasil-750x410.jpg?resize=750%2C410 750w, https:\/\/i0.wp.com\/blogdalucianaoliveira.com.br\/blog\/wp-content\/uploads\/2018\/07\/desigualdade-social-no-brasil-750x410.jpg?resize=300%2C164 300w, https:\/\/i0.wp.com\/blogdalucianaoliveira.com.br\/blog\/wp-content\/uploads\/2018\/07\/desigualdade-social-no-brasil-750x410.jpg?resize=549%2C300 549w\" sizes=\"auto, (max-width: 600px) 100vw, 600px\" \/><\/p>\n<div class=\"entry-content\">\n<p>no\u00a0<a href=\"https:\/\/blogdosakamoto.blogosfera.uol.com.br\/2018\/07\/24\/rico-paga-pouco-imposto-no-brasil-da-meritocracia-hereditaria\/\">blog do Sakamoto<\/a>\u00a0&#8211; H\u00e1 uma chance do Brasil voltar a taxar dividendos (o lucro distribu\u00eddo aos acionistas de empresas), a depender de quem ven\u00e7a a corrida eleitoral \u00e0 Presid\u00eancia. Dos principais candidatos, alguns deram declara\u00e7\u00f5es favor\u00e1veis ao retorno do imposto, outros se mostraram contr\u00e1rios e existe quem n\u00e3o saiba quem \u00e9 esse tal de dividendo \u2013 mas, se encontr\u00e1-lo, promete botar o vagabundo no saco at\u00e9 que confesse.<span id=\"more-270872\"><\/span><!--more-->\u00a0Removida durante o governo Fernando Henrique, a\u00a0taxa\u00e7\u00e3o de 15% certamente n\u00e3o resolver\u00e1 o problema fiscal. Mas seria um sinal de que o Estado desistiu de ser subserviente aos mais ricos\u00a0(que, proporcionalmente, pagam menos imposto que a classe m\u00e9dia) e decidiu equilibrar um pouquinho mais o jogo. Entre os pa\u00edses da Organiza\u00e7\u00e3o para a Coopera\u00e7\u00e3o e o Desenvolvimento Econ\u00f4mico (OCDE), apenas o Brasil e a poderosa e gloriosa Est\u00f4nia n\u00e3o taxam dividendos.<\/p>\n<p>O mesmo vale para o Imposto de Renda, que est\u00e1 esfolando a classe m\u00e9dia, e precisa de uma corre\u00e7\u00e3o urgente, um aumento no piso de isen\u00e7\u00e3o e a cria\u00e7\u00e3o de al\u00edquotas maiores, de 30%, 35% e 40% para quem ganha muito.<\/p>\n<p>Aten\u00e7\u00e3o, lun\u00e1ticos que confundem progressivo (relativo \u00e0quilo que cobra mais de quem mais tem) com progressista. A proposta j\u00e1 foi discutida at\u00e9 pela do\u00a0pr\u00e9-candidato Henrique Meirelles quando ele era\u00a0ministro da Fazenda. Uma formula\u00e7\u00e3o\u00a0nesse sentido quase foi apresentada, mas acabou espancada pela parte mais rica da opini\u00e3o p\u00fablica.<\/p>\n<p>Seguimos, portanto, espoliando os mais pobres atrav\u00e9s de impostos sobre o consumo e cobrando mais \u2013 relativamente \u2013 da classe m\u00e9dia. Estes, tendo acumulando m\u00e9ritos ao longo da vida, repassam a fim de que\u00a0seus filhos e filhas possam\u00a0vencer com a ajuda do m\u00e9rito herdado.<\/p>\n<p>Afinal de contas, a meritocracia \u00e9 heredit\u00e1ria no Brasil.<\/p>\n<p>Em n\u00fameros: para que os descendentes de um casal de brasileiros que est\u00e1 entre\u00a0no\u00a010% mais pobre atinjam o rendimento m\u00e9dio do pa\u00eds seriam necess\u00e1rias nove gera\u00e7\u00f5es \u2013 tamb\u00e9m segundo a OCDE. E se um casal tem duas vezes mais renda que outro casal, os filhos do mais rico v\u00e3o ganhar\u00a070% mais que os filhos do mais pobre. Em pa\u00edses como a Finl\u00e2ndia, essa propor\u00e7\u00e3o \u00e9 de 20%.<\/p>\n<p>O combate \u00e0 viol\u00eancia, que mata mais de 60 mil pessoas por ano, e ao desemprego dos mais de 13 milh\u00f5es de pessoas ser\u00e3o as pautas mais importantes da campanha por dizerem respeito ao b\u00e1sico: viver, vestir e comer. Mas se o pr\u00f3ximo mandat\u00e1rio resolver implementar uma solu\u00e7\u00e3o que n\u00e3o seja superficial, nem pontual, ter\u00e1 que enfrentar a estrutura de desigualdade que n\u00e3o se resume \u00e0 concentra\u00e7\u00e3o de renda.<\/p>\n<p>A desigualdade dificulta que as pessoas vejam a si mesmas e as outras pessoas como iguais e merecedoras da mesma considera\u00e7\u00e3o. Leva \u00e0 percep\u00e7\u00e3o de que o poder p\u00fablico existe para servir aos mais abonados e controlar os mais pobres. Ou seja, para usar a pol\u00edcia e a pol\u00edtica a fim de\u00a0proteger os privil\u00e9gios do primeiro grupo, usando viol\u00eancia contra o segundo, se necess\u00e1rio for. Com o tempo, a desigualdade leva \u00e0 descren\u00e7a nas institui\u00e7\u00f5es.\u00a0O que ajuda a explicar o momento em que vivemos hoje.<\/p>\n<p>Sim, somos uma bomba-rel\u00f3gio de desigualdade. Que s\u00f3 n\u00e3o estourou ainda por que ela trabalha de segunda a sexta, per\u00edodo integral e estuda \u00e0 noite e, aos finais de semana, faz bico vendendo churrasquinho.<\/p>\n<p>Como j\u00e1 disse aqui, combater a desigualdade n\u00e3o significa fazer todo mundo vestir um mesmo tipo de roupa, comer a mesma comida, receber o mesmo sal\u00e1rio, viver no mesmo tipo de casa. Mas garantir oportunidades iguais, pelo menos no in\u00edcio da caminhada de cada um, e depois atuar\u00a0para que todos tenham seus direitos efetivados.<\/p>\n<p>Essa pauta \u00e9 a diferen\u00e7a entre um projeto de poder e um projeto de pa\u00eds. Dif\u00edcil faz\u00ea-la avan\u00e7ar, considerando que \u2013 se voc\u00ea olhar\u00a0bem de perto \u2013 perceber\u00e1 que est\u00e1 escrito \u201daux\u00edlio-moradia\u201d naquela faixa branca que rasga o c\u00edrculo azul da bandeira nacional e engloba quem faz as leis, quem as executa e quem julga seu cumprimento.<\/p>\n<\/div>\n<p>&nbsp;<\/p>\n","protected":false},"excerpt":{"rendered":"<p>no\u00a0blog do Sakamoto\u00a0&#8211; H\u00e1 uma chance do Brasil voltar a taxar dividendos (o lucro distribu\u00eddo aos acionistas de empresas), a depender de quem ven\u00e7a a corrida eleitoral \u00e0 Presid\u00eancia. Dos principais candidatos, alguns deram declara\u00e7\u00f5es favor\u00e1veis ao retorno do imposto, outros se mostraram contr\u00e1rios e existe quem n\u00e3o saiba quem \u00e9 esse tal de dividendo&#8230;<a class=\"more-link\" href=\"http:\/\/blogdalucianaoliveira.com.br\/blog\/2018\/07\/24\/rico-paga-pouco-imposto-no-brasil-da-meritocracia-hereditaria-por-leonardo-sakamoto\/\">Continue a leitura <span class=\"meta-nav\">&raquo;<\/span><\/a><\/p>\n","protected":false},"author":1,"featured_media":0,"comment_status":"closed","ping_status":"open","sticky":false,"template":"","format":"standard","meta":{"_exactmetrics_skip_tracking":false,"_exactmetrics_sitenote_active":false,"_exactmetrics_sitenote_note":"","_exactmetrics_sitenote_category":0,"jetpack_post_was_ever_published":false,"_jetpack_newsletter_access":"","_jetpack_dont_email_post_to_subs":false,"_jetpack_newsletter_tier_id":0,"_jetpack_memberships_contains_paywalled_content":false,"_jetpack_memberships_contains_paid_content":false,"footnotes":"","jetpack_publicize_message":"","jetpack_publicize_feature_enabled":true,"jetpack_social_post_already_shared":true,"jetpack_social_options":{"image_generator_settings":{"template":"highway","enabled":false},"version":2}},"categories":[1],"tags":[],"class_list":["post-18688","post","type-post","status-publish","format-standard","hentry","category-notas"],"jetpack_publicize_connections":[],"jetpack_sharing_enabled":true,"jetpack_featured_media_url":"","jetpack_shortlink":"https:\/\/wp.me\/p7wKYW-4Rq","jetpack-related-posts":[],"_links":{"self":[{"href":"http:\/\/blogdalucianaoliveira.com.br\/blog\/wp-json\/wp\/v2\/posts\/18688","targetHints":{"allow":["GET"]}}],"collection":[{"href":"http:\/\/blogdalucianaoliveira.com.br\/blog\/wp-json\/wp\/v2\/posts"}],"about":[{"href":"http:\/\/blogdalucianaoliveira.com.br\/blog\/wp-json\/wp\/v2\/types\/post"}],"author":[{"embeddable":true,"href":"http:\/\/blogdalucianaoliveira.com.br\/blog\/wp-json\/wp\/v2\/users\/1"}],"replies":[{"embeddable":true,"href":"http:\/\/blogdalucianaoliveira.com.br\/blog\/wp-json\/wp\/v2\/comments?post=18688"}],"version-history":[{"count":1,"href":"http:\/\/blogdalucianaoliveira.com.br\/blog\/wp-json\/wp\/v2\/posts\/18688\/revisions"}],"predecessor-version":[{"id":18691,"href":"http:\/\/blogdalucianaoliveira.com.br\/blog\/wp-json\/wp\/v2\/posts\/18688\/revisions\/18691"}],"wp:attachment":[{"href":"http:\/\/blogdalucianaoliveira.com.br\/blog\/wp-json\/wp\/v2\/media?parent=18688"}],"wp:term":[{"taxonomy":"category","embeddable":true,"href":"http:\/\/blogdalucianaoliveira.com.br\/blog\/wp-json\/wp\/v2\/categories?post=18688"},{"taxonomy":"post_tag","embeddable":true,"href":"http:\/\/blogdalucianaoliveira.com.br\/blog\/wp-json\/wp\/v2\/tags?post=18688"}],"curies":[{"name":"wp","href":"https:\/\/api.w.org\/{rel}","templated":true}]}}