{"id":18696,"date":"2018-07-25T10:16:51","date_gmt":"2018-07-25T14:16:51","guid":{"rendered":"http:\/\/blogdalucianaoliveira.com.br\/blog\/?p=18696"},"modified":"2018-07-25T10:16:51","modified_gmt":"2018-07-25T14:16:51","slug":"mulher-negra-uma-data-contra-o-racismo-e-o-sexismo","status":"publish","type":"post","link":"http:\/\/blogdalucianaoliveira.com.br\/blog\/2018\/07\/25\/mulher-negra-uma-data-contra-o-racismo-e-o-sexismo\/","title":{"rendered":"Mulher negra: uma data contra o racismo e o sexismo"},"content":{"rendered":"<p><img data-recalc-dims=\"1\" loading=\"lazy\" decoding=\"async\" data-attachment-id=\"18697\" data-permalink=\"http:\/\/blogdalucianaoliveira.com.br\/blog\/2018\/07\/25\/mulher-negra-uma-data-contra-o-racismo-e-o-sexismo\/olho-4\/\" data-orig-file=\"https:\/\/i0.wp.com\/blogdalucianaoliveira.com.br\/blog\/wp-content\/uploads\/2018\/07\/olho.jpg?fit=475%2C365\" data-orig-size=\"475,365\" data-comments-opened=\"0\" data-image-meta=\"{&quot;aperture&quot;:&quot;0&quot;,&quot;credit&quot;:&quot;&quot;,&quot;camera&quot;:&quot;&quot;,&quot;caption&quot;:&quot;&quot;,&quot;created_timestamp&quot;:&quot;0&quot;,&quot;copyright&quot;:&quot;&quot;,&quot;focal_length&quot;:&quot;0&quot;,&quot;iso&quot;:&quot;0&quot;,&quot;shutter_speed&quot;:&quot;0&quot;,&quot;title&quot;:&quot;&quot;,&quot;orientation&quot;:&quot;0&quot;}\" data-image-title=\"olho\" data-image-description=\"\" data-image-caption=\"\" data-medium-file=\"https:\/\/i0.wp.com\/blogdalucianaoliveira.com.br\/blog\/wp-content\/uploads\/2018\/07\/olho.jpg?fit=300%2C231\" data-large-file=\"https:\/\/i0.wp.com\/blogdalucianaoliveira.com.br\/blog\/wp-content\/uploads\/2018\/07\/olho.jpg?fit=475%2C365\" src=\"https:\/\/i0.wp.com\/blogdalucianaoliveira.com.br\/blog\/wp-content\/uploads\/2018\/07\/olho.jpg?resize=475%2C365\" alt=\"olho\" width=\"475\" height=\"365\" class=\"alignnone size-full wp-image-18697\" srcset=\"https:\/\/i0.wp.com\/blogdalucianaoliveira.com.br\/blog\/wp-content\/uploads\/2018\/07\/olho.jpg?w=475 475w, https:\/\/i0.wp.com\/blogdalucianaoliveira.com.br\/blog\/wp-content\/uploads\/2018\/07\/olho.jpg?resize=300%2C231 300w, https:\/\/i0.wp.com\/blogdalucianaoliveira.com.br\/blog\/wp-content\/uploads\/2018\/07\/olho.jpg?resize=390%2C300 390w\" sizes=\"auto, (max-width: 475px) 100vw, 475px\" \/><\/p>\n<p>O Dia Internacional da Mulher Afro Latina-Americana e Caribenha e do Dia Nacional de Tereza de Benguela e da Mulher Negra s\u00e3o celebrados no dia 25 de julho<!--more--><\/p>\n<p>Por: Mirella Ara\u00fajo, da Folha de Pernambuco <\/p>\n<p>Uma data para resistir e lutar. Esse \u00e9 o marco do Dia Internacional da Mulher Afro Latina-Americana e Caribenha e do Dia Nacional de Tereza de Benguela e da Mulher Negra celebrados nesta quarta-feira (25), mas que conta com uma programa\u00e7\u00e3o at\u00e9 o fim deste m\u00eas. <\/p>\n<p>\u201cEssa \u00e9 uma data de den\u00fancia. A mulher negra tem demandas e aspira\u00e7\u00f5es espec\u00edficas. Dados da Organiza\u00e7\u00e3o das Na\u00e7\u00f5es Unidas (ONU) mostram que, dos 25 pa\u00edses com maior \u00edndice de viol\u00eancia contra a mulher negra, 15 est\u00e3o localizados na Am\u00e9rica Latina e no Caribe\u201d, afirmou a coordenadora do GT Racismo do Minist\u00e9rio P\u00fablico de Pernambuco (MPPE), a procuradora de Justi\u00e7a Maria Bernadete Azevedo.<\/p>\n<p>As integrantes do Comit\u00ea de Mulheres Negras Metropolitanas (CMNMPE) da Secretaria Estadual da Mulher participam nesta ter\u00e7a-feira, das 8h30 \u00e0s 18h, no p\u00e1tio de S\u00e3o Pedro, no Bairro de S\u00e3o Jos\u00e9, da I Feira da Ancestralidade Negra promovida pela Prefeitura do Recife. Na ocasi\u00e3o estar\u00e3o representantes de organiza\u00e7\u00f5es da sociedade civil do Comit\u00ea que trabalham com artesanato afro, de material recicl\u00e1vel e outros, al\u00e9m de divulga\u00e7\u00e3o de material informativo e das a\u00e7\u00f5es do Comit\u00ea para o m\u00eas de julho. \u201cEssa \u00e9 uma data estrat\u00e9gica que vem para refor\u00e7ar a luta contra o racismo e o sexismo, dando visibilidade a essa parcela da popula\u00e7\u00e3o feminina, \u00e0s suas conquistas, assim como os desafios que ainda precisam enfrentar decorrentes da discrimina\u00e7\u00e3o de ra\u00e7a e g\u00eanero\u201d, pontuou a subcoordenadora Regional da RMR da Secretaria da Mulher, Fabiana Jansen. <\/p>\n<p>No local, tamb\u00e9m haver\u00e1 uma roda de di\u00e1logo sobre os impactos do racismo na sa\u00fade da mulher negra e oferta de alguns servi\u00e7os, como teste de glicemia, aferi\u00e7\u00e3o de press\u00e3o arterial, vacina\u00e7\u00e3o, distribui\u00e7\u00e3o de preservativos masculino e feminino e testes r\u00e1pidos de HIV, s\u00edfilis e hepatites B e C. O mam\u00f3grafo m\u00f3vel ficar\u00e1 estacionado no P\u00e1tio, com a oferta de 80 fichas (40 cada turno) para a mamografia. Podem fazer o exame mulheres com idade entre 50 e 69 anos, mas \u00e9 preciso levar documento de identifica\u00e7\u00e3o, cart\u00e3o do SUS e comprovante de resid\u00eancia. <\/p>\n<p>N\u00fameros<br \/>\nE por que levantar esse debate? De acordo com o Mapa da Viol\u00eancia 2016, o feminic\u00eddio de mulheres negras aumentou 54% em dez anos no Brasil. Quando se trata de viol\u00eancia dom\u00e9stica, o n\u00famero de mulheres negras corresponde a 58,68%. \u201cQuando trazemos a mulher negra para o recorte territorial do Nordeste, podemos ver que ainda existe muita desigualdade, e o dia 25 serve para colocar essas pautas vis\u00edveis, para que as pol\u00edticas p\u00fablicas de sa\u00fade, educa\u00e7\u00e3o e empregabilidade sejam vistas com mais aten\u00e7\u00e3o\u201d, alerta Taisa Silveira, da Rede de Mulheres de Pernambuco. A institui\u00e7\u00e3o, inclusive, promover\u00e1, nesta quarta-feira (25), o debate p\u00fablico \u201cMulheres Negras nas Elei\u00e7\u00f5es 2018: Movendo Pernambuco e o Brasil\u201d, \u00e0s 18h, no Sindsep, localizado na Rua Jo\u00e3o Fernandes Vieira, n\u00ba 67, no bairro da Boa Vista. <\/p>\n<p>Tamb\u00e9m nesta quarta-feira, o Comit\u00ea de Mulheres Negras aportar\u00e1 no Festival de Inverno de Garanhuns (FIG), na programa\u00e7\u00e3o da Pra\u00e7a da Palavra, que contar\u00e1 com a presen\u00e7a de Maria de F\u00e1tima Barros, lideran\u00e7a do Quilombo 11 Negras, e Odailta Alves, poetisa, escritora e gestora p\u00fablica. <\/p>\n","protected":false},"excerpt":{"rendered":"<p>O Dia Internacional da Mulher Afro Latina-Americana e Caribenha e do Dia Nacional de Tereza de Benguela e da Mulher Negra s\u00e3o celebrados no dia 25 de julho<\/p>\n","protected":false},"author":1,"featured_media":0,"comment_status":"closed","ping_status":"open","sticky":false,"template":"","format":"standard","meta":{"_exactmetrics_skip_tracking":false,"_exactmetrics_sitenote_active":false,"_exactmetrics_sitenote_note":"","_exactmetrics_sitenote_category":0,"jetpack_post_was_ever_published":false,"_jetpack_newsletter_access":"","_jetpack_dont_email_post_to_subs":false,"_jetpack_newsletter_tier_id":0,"_jetpack_memberships_contains_paywalled_content":false,"_jetpack_memberships_contains_paid_content":false,"footnotes":"","jetpack_publicize_message":"","jetpack_publicize_feature_enabled":true,"jetpack_social_post_already_shared":true,"jetpack_social_options":{"image_generator_settings":{"template":"highway","enabled":false},"version":2}},"categories":[1],"tags":[],"class_list":["post-18696","post","type-post","status-publish","format-standard","hentry","category-notas"],"jetpack_publicize_connections":[],"jetpack_sharing_enabled":true,"jetpack_featured_media_url":"","jetpack_shortlink":"https:\/\/wp.me\/p7wKYW-4Ry","jetpack-related-posts":[],"_links":{"self":[{"href":"http:\/\/blogdalucianaoliveira.com.br\/blog\/wp-json\/wp\/v2\/posts\/18696","targetHints":{"allow":["GET"]}}],"collection":[{"href":"http:\/\/blogdalucianaoliveira.com.br\/blog\/wp-json\/wp\/v2\/posts"}],"about":[{"href":"http:\/\/blogdalucianaoliveira.com.br\/blog\/wp-json\/wp\/v2\/types\/post"}],"author":[{"embeddable":true,"href":"http:\/\/blogdalucianaoliveira.com.br\/blog\/wp-json\/wp\/v2\/users\/1"}],"replies":[{"embeddable":true,"href":"http:\/\/blogdalucianaoliveira.com.br\/blog\/wp-json\/wp\/v2\/comments?post=18696"}],"version-history":[{"count":1,"href":"http:\/\/blogdalucianaoliveira.com.br\/blog\/wp-json\/wp\/v2\/posts\/18696\/revisions"}],"predecessor-version":[{"id":18698,"href":"http:\/\/blogdalucianaoliveira.com.br\/blog\/wp-json\/wp\/v2\/posts\/18696\/revisions\/18698"}],"wp:attachment":[{"href":"http:\/\/blogdalucianaoliveira.com.br\/blog\/wp-json\/wp\/v2\/media?parent=18696"}],"wp:term":[{"taxonomy":"category","embeddable":true,"href":"http:\/\/blogdalucianaoliveira.com.br\/blog\/wp-json\/wp\/v2\/categories?post=18696"},{"taxonomy":"post_tag","embeddable":true,"href":"http:\/\/blogdalucianaoliveira.com.br\/blog\/wp-json\/wp\/v2\/tags?post=18696"}],"curies":[{"name":"wp","href":"https:\/\/api.w.org\/{rel}","templated":true}]}}