{"id":18699,"date":"2018-07-25T10:23:13","date_gmt":"2018-07-25T14:23:13","guid":{"rendered":"http:\/\/blogdalucianaoliveira.com.br\/blog\/?p=18699"},"modified":"2018-07-25T10:30:25","modified_gmt":"2018-07-25T14:30:25","slug":"dia-da-mulher-negra-e-dia-do-orgulho-crespo-datas-que-ampliam-espacos-de-luta","status":"publish","type":"post","link":"http:\/\/blogdalucianaoliveira.com.br\/blog\/2018\/07\/25\/dia-da-mulher-negra-e-dia-do-orgulho-crespo-datas-que-ampliam-espacos-de-luta\/","title":{"rendered":"Dia da mulher negra e dia do orgulho crespo: datas que ampliam espa\u00e7os de luta"},"content":{"rendered":"<p><img data-recalc-dims=\"1\" loading=\"lazy\" decoding=\"async\" data-attachment-id=\"18700\" data-permalink=\"http:\/\/blogdalucianaoliveira.com.br\/blog\/2018\/07\/25\/dia-da-mulher-negra-e-dia-do-orgulho-crespo-datas-que-ampliam-espacos-de-luta\/ne-31\/\" data-orig-file=\"https:\/\/i0.wp.com\/blogdalucianaoliveira.com.br\/blog\/wp-content\/uploads\/2018\/07\/ne.jpg?fit=640%2C427\" data-orig-size=\"640,427\" data-comments-opened=\"0\" data-image-meta=\"{&quot;aperture&quot;:&quot;0&quot;,&quot;credit&quot;:&quot;&quot;,&quot;camera&quot;:&quot;&quot;,&quot;caption&quot;:&quot;&quot;,&quot;created_timestamp&quot;:&quot;0&quot;,&quot;copyright&quot;:&quot;&quot;,&quot;focal_length&quot;:&quot;0&quot;,&quot;iso&quot;:&quot;0&quot;,&quot;shutter_speed&quot;:&quot;0&quot;,&quot;title&quot;:&quot;&quot;,&quot;orientation&quot;:&quot;0&quot;}\" data-image-title=\"ne\" data-image-description=\"\" data-image-caption=\"\" data-medium-file=\"https:\/\/i0.wp.com\/blogdalucianaoliveira.com.br\/blog\/wp-content\/uploads\/2018\/07\/ne.jpg?fit=300%2C200\" data-large-file=\"https:\/\/i0.wp.com\/blogdalucianaoliveira.com.br\/blog\/wp-content\/uploads\/2018\/07\/ne.jpg?fit=600%2C400\" src=\"https:\/\/i0.wp.com\/blogdalucianaoliveira.com.br\/blog\/wp-content\/uploads\/2018\/07\/ne.jpg?resize=600%2C400\" alt=\"ne\" width=\"600\" height=\"400\" class=\"alignnone size-full wp-image-18700\" srcset=\"https:\/\/i0.wp.com\/blogdalucianaoliveira.com.br\/blog\/wp-content\/uploads\/2018\/07\/ne.jpg?w=640 640w, https:\/\/i0.wp.com\/blogdalucianaoliveira.com.br\/blog\/wp-content\/uploads\/2018\/07\/ne.jpg?resize=300%2C200 300w, https:\/\/i0.wp.com\/blogdalucianaoliveira.com.br\/blog\/wp-content\/uploads\/2018\/07\/ne.jpg?resize=450%2C300 450w\" sizes=\"auto, (max-width: 600px) 100vw, 600px\" \/><\/p>\n<p>&#8220;Quando uma mulher negra se move, o mundo inteiro se move junto&#8221;. Essa importante afirma\u00e7\u00e3o, da fil\u00f3sofa e ativista Angela Davis, se torna cada vez mais acess\u00edvel e concreta para as mulheres negras brasileiras.<!--more--><\/p>\n<p>No Brasil de Fato &#8211; Na perspectiva hist\u00f3rica brasileira, a compreens\u00e3o da interseccionalidade entre g\u00eanero, classe e ra\u00e7a, o fortalecimento do feminismo negro e a ascens\u00e3o de governos ligados aos movimentos sociais, a partir de 2003, abriu espa\u00e7o para que as demandas do movimento de mulheres, bem como do movimento negro, fossem inseridas nas pautas da agenda pol\u00edtica nacional. <\/p>\n<p>Com o objetivo de refor\u00e7ar o dia da Mulher Afro Latino-Americana e Caribenha, comemorado, em 25 de julho, e em aten\u00e7\u00e3o \u00e0s pautas dos movimentos de mulheres negras brasileiras, a ent\u00e3o presidenta Dilma Rousseff sancionou a Lei n\u00ba 12.987\/2014, que define a mesma data como o Dia Nacional de Tereza de Benguela e da Mulher Negra.<\/p>\n<p>Tereza de Benguela foi uma l\u00edder quilombola que viveu no Brasil durante o s\u00e9culo 18 no estado do Mato Grosso. Com a morte de seu companheiro, passou a liderar o Quilombo do Piolho, entre 1750 e 1770. Durante duas d\u00e9cadas, o quilombo sob sua lideran\u00e7a reuniu mais de cem pessoas entre negros e \u00edndios. Al\u00e9m de resistirem fortemente \u00e0 escravid\u00e3o, desenvolveram uma s\u00f3lida organiza\u00e7\u00e3o social.<\/p>\n<p>Pautar Teresa de Benguela, as mulheres negras, afro-latino-americanas e caribenhas, atrav\u00e9s da institui\u00e7\u00e3o de um dia de luta, \u00e9 sem sombra de d\u00favidas, um importante mecanismo para que as mulheres negras brasileiras tenham a oportunidade de fortalecer o seu senso de identidade, reconhecendo-se na hist\u00f3ria de in\u00fameras mulheres negras que foram protagonistas na luta por liberdade e direitos, no entanto, foram silenciadas e invisibilizadas pela historiografia oficial. <\/p>\n<p>Na sequ\u00eancia, em 26 de julho, comemora-se no estado de S\u00e3o Paulo, o Dia do Orgulho Crespo (Lei n\u00b0 16.682\/2018). Dentre muitos objetivos, visa fortalecer a identidade \u00e9tnica afro-brasileira, vez que o alisamento do cabelo, foi um dos mais recorrentes processos de opress\u00e3o da identidade \u00e9tnica da popula\u00e7\u00e3o negra brasileira no p\u00f3s-aboli\u00e7\u00e3o. A Lei foi proposta pela deputada estadual Leci Brand\u00e3o, mulher negra fortemente ligada aos movimentos culturais, sociais e pol\u00edticos da popula\u00e7\u00e3o negra. <\/p>\n<p>Vale destacar que o fortalecimento e a amplia\u00e7\u00e3o dessas agendas passam incondicionalmente pela inser\u00e7\u00e3o de mulheres, negras ou n\u00e3o, nas inst\u00e2ncias pol\u00edticas de poder e decis\u00e3o. Haja vista que, ambas as datas citadas, foram propostas e\/ou sancionadas por mulheres. <\/p>\n<p>Esses atos legislativos se refletem diretamente na mobiliza\u00e7\u00e3o politica da popula\u00e7\u00e3o. Assim, tanto no dia da Mulher Afro Latino-Americana e Caribenha como no Dia do Orgulho Crespo, milhares de mulheres negras tomam as ruas em marcha, em todo o pa\u00eds, pautando o seu direito de ser e existir, em uma sociedade sem viol\u00eancia, na qual prevale\u00e7a o bem viver e a igualdade de oportunidades.<\/p>\n<p>Essas s\u00e3o demandas de dif\u00edcil compreens\u00e3o, principalmente em um pa\u00eds efetivamente racista, machista e classista como o Brasil. Mas n\u00e3o s\u00e3o imposs\u00edveis para quem se dispor a reconhecer os pr\u00f3prios privil\u00e9gios e a olhar para a nossa hist\u00f3ria com criticidade. <\/p>\n<p>Pra come\u00e7ar, te convido a conferir a vasta agenda de eventos em torno da pauta e tamb\u00e9m a participar da  Marcha das Mulheres Negras, cujo lema deste ano \u00e9 \u201cPor n\u00f3s, por todas n\u00f3s e pelo bem viver! Exigimos o fim da viol\u00eancia e neglig\u00eancia do Estado\u201d. <\/p>\n<p>Servi\u00e7o:<\/p>\n<p>Marcha das Mulheres Negras de S\u00e3o Paulo<\/p>\n<p>Data: 25\/07\/2018 <\/p>\n<p>Concentra\u00e7\u00e3o a partir das 17h na Pra\u00e7a Roosevelt\/S\u00e3o Paulo<\/p>\n<p>Edi\u00e7\u00e3o: Daniela Stefano<\/p>\n","protected":false},"excerpt":{"rendered":"<p>&#8220;Quando uma mulher negra se move, o mundo inteiro se move junto&#8221;. Essa importante afirma\u00e7\u00e3o, da fil\u00f3sofa e ativista Angela Davis, se torna cada vez mais acess\u00edvel e concreta para as mulheres negras brasileiras.<\/p>\n","protected":false},"author":1,"featured_media":0,"comment_status":"closed","ping_status":"open","sticky":false,"template":"","format":"standard","meta":{"_exactmetrics_skip_tracking":false,"_exactmetrics_sitenote_active":false,"_exactmetrics_sitenote_note":"","_exactmetrics_sitenote_category":0,"jetpack_post_was_ever_published":false,"_jetpack_newsletter_access":"","_jetpack_dont_email_post_to_subs":false,"_jetpack_newsletter_tier_id":0,"_jetpack_memberships_contains_paywalled_content":false,"_jetpack_memberships_contains_paid_content":false,"footnotes":"","jetpack_publicize_message":"","jetpack_publicize_feature_enabled":true,"jetpack_social_post_already_shared":true,"jetpack_social_options":{"image_generator_settings":{"template":"highway","enabled":false},"version":2}},"categories":[1],"tags":[],"class_list":["post-18699","post","type-post","status-publish","format-standard","hentry","category-notas"],"jetpack_publicize_connections":[],"jetpack_sharing_enabled":true,"jetpack_featured_media_url":"","jetpack_shortlink":"https:\/\/wp.me\/p7wKYW-4RB","jetpack-related-posts":[],"_links":{"self":[{"href":"http:\/\/blogdalucianaoliveira.com.br\/blog\/wp-json\/wp\/v2\/posts\/18699","targetHints":{"allow":["GET"]}}],"collection":[{"href":"http:\/\/blogdalucianaoliveira.com.br\/blog\/wp-json\/wp\/v2\/posts"}],"about":[{"href":"http:\/\/blogdalucianaoliveira.com.br\/blog\/wp-json\/wp\/v2\/types\/post"}],"author":[{"embeddable":true,"href":"http:\/\/blogdalucianaoliveira.com.br\/blog\/wp-json\/wp\/v2\/users\/1"}],"replies":[{"embeddable":true,"href":"http:\/\/blogdalucianaoliveira.com.br\/blog\/wp-json\/wp\/v2\/comments?post=18699"}],"version-history":[{"count":1,"href":"http:\/\/blogdalucianaoliveira.com.br\/blog\/wp-json\/wp\/v2\/posts\/18699\/revisions"}],"predecessor-version":[{"id":18701,"href":"http:\/\/blogdalucianaoliveira.com.br\/blog\/wp-json\/wp\/v2\/posts\/18699\/revisions\/18701"}],"wp:attachment":[{"href":"http:\/\/blogdalucianaoliveira.com.br\/blog\/wp-json\/wp\/v2\/media?parent=18699"}],"wp:term":[{"taxonomy":"category","embeddable":true,"href":"http:\/\/blogdalucianaoliveira.com.br\/blog\/wp-json\/wp\/v2\/categories?post=18699"},{"taxonomy":"post_tag","embeddable":true,"href":"http:\/\/blogdalucianaoliveira.com.br\/blog\/wp-json\/wp\/v2\/tags?post=18699"}],"curies":[{"name":"wp","href":"https:\/\/api.w.org\/{rel}","templated":true}]}}