{"id":18702,"date":"2018-07-25T10:44:43","date_gmt":"2018-07-25T14:44:43","guid":{"rendered":"http:\/\/blogdalucianaoliveira.com.br\/blog\/?p=18702"},"modified":"2018-07-25T10:44:43","modified_gmt":"2018-07-25T14:44:43","slug":"mulheres-negras-ou-pardas-sao-apenas-3-de-todos-prefeitos-revela-estudo","status":"publish","type":"post","link":"http:\/\/blogdalucianaoliveira.com.br\/blog\/2018\/07\/25\/mulheres-negras-ou-pardas-sao-apenas-3-de-todos-prefeitos-revela-estudo\/","title":{"rendered":"Mulheres negras ou pardas s\u00e3o apenas 3% de todos prefeitos, revela estudo"},"content":{"rendered":"<header id=\"entry-header\" class=\"entry__header yr-entry-header\" data-rapid-sec=\"{&quot;entry-header&quot;:&quot;entry-header&quot;}\">\n<div class=\"share-bar share-bar--sticky desktop-only yr-share sticky\" data-rapid-subsec=\"share\"><img decoding=\"async\" class=\"image__src\" src=\"https:\/\/o.aolcdn.com\/images\/dims3\/GLOB\/crop\/4011x2008+0+167\/resize\/630x315!\/format\/jpg\/quality\/85\/http%3A%2F%2Fo.aolcdn.com%2Fhss%2Fstorage%2Fmidas%2Fa40b1903699733afb707e16dfa102f99%2F206550684%2Fpeople-gather-in-paulista-avenue-sao-paulo-brazil-on-april-14-2018-a-picture-id946442848\" alt=\"\u201cA participa\u00e7\u00e3o de mulheres negras na pol\u00edtica nacional e subnacional ainda \u00e9 extremamente reduzida, assim como a de ind\u00edgenas. Sobre essas mulheres incide uma dupla discrimina\u00e7\u00e3o, a racista e a sexista\u201d, diz estudo.\" \/><\/p>\n<div class=\"image__credit\">NURPHOTO VIA GETTY IMAGES<\/div>\n<\/div>\n<\/header>\n<div class=\"image__credit\"><\/div>\n<header id=\"entry-header\" class=\"entry__header yr-entry-header\" data-rapid-sec=\"{&quot;entry-header&quot;:&quot;entry-header&quot;}\">\n<div class=\"share-bar share-bar--sticky desktop-only yr-share sticky\" data-rapid-subsec=\"share\">\n<div class=\"image__caption\">\u201cA participa\u00e7\u00e3o de mulheres negras na pol\u00edtica nacional e subnacional ainda \u00e9 extremamente reduzida, assim como a de ind\u00edgenas. Sobre essas mulheres incide uma dupla discrimina\u00e7\u00e3o, a racista e a sexista\u201d, diz estudo.<\/div>\n<\/div>\n<\/header>\n<p><!--more--><\/p>\n<div class=\"page__content__row row--no-border\">\n<div class=\"col col--body-center\">\n<div class=\"entry__below-entry\">\n<div class=\"entry__content  js-entry-content\">\n<div class=\"top-media yr-top-media\"><\/div>\n<div class=\"entry__body\" data-part=\"contents\">\n<div id=\"sharebox_260x60\" class=\"advertisement sharebox_260x60\">\u00a0Em Huff Post<\/div>\n<div id=\"entry-text\" class=\"post-contents yr-entry-text\" data-rapid-sec=\"{&quot;entry-text&quot;:&quot;entry-text&quot;}\">\n<p><a href=\"https:\/\/www.huffpostbrasil.com\/news\/mulheres-negras\/\" target=\"_blank\" data-rapid-elm=\"context_link\" data-ylk=\"elm:context_link\" data-rapid-sec=\"{&quot;entry-text&quot;:&quot;entry-text&quot;}\" data-rapid_p=\"1\" data-v9y=\"1\"><strong>Mulheres negras<\/strong><\/a>\u00a0ou pardas s\u00e3o apenas 28,3% das prefeitas eleitas em 2016. Em rela\u00e7\u00e3o ao total de prefeitos (homens e mulheres), o percentual cai para 3,29%. \u00c9 o que revela o &#8220;Mapa \u00c9tnico Racial das Mulheres na Pol\u00edtica Local Brasileira&#8221;, elaborado pela CNM (Confedera\u00e7\u00e3o Nacional de Munic\u00edpios) e obtido com exclusividade pelo HuffPost Brasil. O levantamento publicado nesta quarta-feira (25),\u00a0<strong>Dia da Mulher Negra Latina e Caribenha<\/strong>, reflete as barreiras de representatividade de\u00a0<strong><a href=\"https:\/\/www.huffpostbrasil.com\/news\/genero\/\" target=\"_blank\" data-rapid-elm=\"context_link\" data-ylk=\"elm:context_link\" data-rapid-sec=\"{&quot;entry-text&quot;:&quot;entry-text&quot;}\" data-rapid_p=\"2\" data-v9y=\"1\">g\u00eanero<\/a><\/strong>\u00a0e\u00a0<strong><a href=\"https:\/\/www.huffpostbrasil.com\/news\/raca\/\" target=\"_blank\" data-rapid-elm=\"context_link\" data-ylk=\"elm:context_link\" data-rapid-sec=\"{&quot;entry-text&quot;:&quot;entry-text&quot;}\" data-rapid_p=\"3\" data-v9y=\"1\">ra\u00e7a<\/a><\/strong>\u00a0no Pa\u00eds.<\/p>\n<p>Das 649 prefeitas eleitas para 5.568 munic\u00edpios, 459 se declararam brancas (70,7%), 174 pardas (26,8%), 10 negras (1,5%), 5 amarelas (0,7%). Apenas a chefe do Executivo em Marca\u00e7\u00e3o, na Para\u00edba, Eliselma Silva de Oliveira (PDT), se declarou ind\u00edgena.<\/p>\n<p>Em compara\u00e7\u00e3o com a popula\u00e7\u00e3o brasileira, a investiga\u00e7\u00e3o \u00e9tnico racial do censo de 2010 do IBGE mostrou que 7,6% da popula\u00e7\u00e3o brasileira se considera preta e 43,1% se considera parda, somando 50,7% do total.<\/p>\n<p>A representatividade racial entre as mulheres muda de acordo com a regi\u00e3o. No Norte, h\u00e1 maior predomin\u00e2ncia de negras e pardas (46,2%), seguida pelo Nordeste (38,2%), Centro Oeste (33,3%), Sudeste (13,5%) e Sul (5,7%). Quanto aos estados, na Bahia h\u00e1 maior n\u00famero absoluto de mulheres pardas (23) no poder, mas nenhuma prefeita se declarou negra. Em seguida vem o Maranh\u00e3o, com 2 prefeitas pretas e 20 pardas; e Minas Gerais, com 2 pretas e 15 pardas.<\/p>\n<p>A pesquisa destaca o papel de estere\u00f3tipos nesse contexto e afirma que frequentemente partidos e o pr\u00f3prio eleitorado tendem a associar compet\u00eancia pol\u00edtica ao perfil masculino, branco, heterossexual, casado e de boa posi\u00e7\u00e3o socioecon\u00f4mica. &#8220;A participa\u00e7\u00e3o de mulheres negras na pol\u00edtica nacional e subnacional ainda \u00e9 extremamente reduzida, assim como a de ind\u00edgenas. Sobre essas mulheres incide uma dupla discrimina\u00e7\u00e3o, a racista e a sexista&#8221;, diz o Mapa.<\/p>\n<blockquote><p><strong>Dia da Mulher Negra Latina e Caribenha<\/strong><\/p>\n<p>Lembrado em 25 de julho, o Dia da Mulher Negra Latina e Caribenha foi criado no primeiro Encontro de Mulheres Negras Latinas e Caribenhas, em 1992, na Rep\u00fablica Dominicana, onde foram discutidas quest\u00f5es sobre racismo e machismo.<\/p>\n<p>A data foi reconhecida pela ONU naquele mesmo ano. No Brasil, desde 2014, comemora-se conjuntamente o Dia Nacional de Tereza de Benguela e da Mulher Negra, uma homenagem \u00e0 l\u00edder quilombola do Mato Grosso. No s\u00e9culo XVIII, ela se tornou a rainha do quilombo do Quariter\u00ea e coordenou desde a cria\u00e7\u00e3o de um parlamento local \u00e0 organizar da colheita e produ\u00e7\u00e3o de armas.<\/p><\/blockquote>\n<p>Para chegar a esses n\u00fameros, o Movimento Mulheres Municipalistas (MMM), criado pela CNM em 2017 cruzou bases de dados dos registros de candidatos e eleitos a prefeitos e vereadores, do\u00a0<a href=\"https:\/\/www.huffpostbrasil.com\/news\/tse\/\" target=\"_blank\" data-rapid-elm=\"context_link\" data-ylk=\"elm:context_link\" data-rapid-sec=\"{&quot;entry-text&quot;:&quot;entry-text&quot;}\" data-rapid_p=\"4\" data-v9y=\"1\">TSE (Tribunal Superior Eleitoral)<\/a>, referentes \u00e0s elei\u00e7\u00f5es municipais de 2016. Os candidatos fazem uma autodeclara\u00e7\u00e3o racial \u00e0 Justi\u00e7a Eleitoral.<\/p>\n<p>Segundo o estudo, menor acesso aos recursos partid\u00e1rios e a falta de uma legisla\u00e7\u00e3o sobre aspectos etnicos no \u00e2mbito eleitoral s\u00e3o fatores que levam a esse cen\u00e1rio. De acordo com a Lei das Elei\u00e7\u00f5es, pelo menos 30% das candidaturas de cada sigla deve ser de um dos g\u00eaneros, mas n\u00e3o h\u00e1 cotas para candidatos negros.<\/p>\n<p>Uma\u00a0<a href=\"https:\/\/www.huffpostbrasil.com\/2018\/06\/18\/julgamento-no-tse-pode-aumentar-espaco-de-mulheres-negras-na-politica_a_23462071\/\" target=\"_blank\" data-rapid-elm=\"context_link\" data-ylk=\"elm:context_link\" data-rapid-sec=\"{&quot;entry-text&quot;:&quot;entry-text&quot;}\" data-rapid_p=\"5\" data-v9y=\"1\">consulta protocolada em junho<\/a>\u00a0no TSE pede que metade da cota do\u00a0<a href=\"https:\/\/www.huffpostbrasil.com\/news\/fundo-eleitoral\/\" target=\"_blank\" data-rapid-elm=\"context_link\" data-ylk=\"elm:context_link\" data-rapid-sec=\"{&quot;entry-text&quot;:&quot;entry-text&quot;}\" data-rapid_p=\"6\" data-v9y=\"1\">Fundo Eleitoral<\/a>\u00a0e do tempo de propaganda eleitoral estabelecida para candidaturas femininas seja destinada a mulheres negras.<\/p>\n<p>Em maio, o TSE determinou que 30% dos recursos do Fundo Eleitoral devem ser gastos em campanhas de mulheres, em resposta a uma consulta da bancada feminina. Em mar\u00e7o, o\u00a0<a href=\"https:\/\/www.huffpostbrasil.com\/news\/stf\/\" target=\"_blank\" data-rapid-elm=\"context_link\" data-ylk=\"elm:context_link\" data-rapid-sec=\"{&quot;entry-text&quot;:&quot;entry-text&quot;}\" data-rapid_p=\"7\" data-v9y=\"1\">STF (Supremo Tribunal Federal)<\/a>\u00a0decidiu no mesmo sentido sobre o\u00a0<a href=\"https:\/\/www.huffpostbrasil.com\/news\/fundo-partidario\/\" target=\"_blank\" data-rapid-elm=\"context_link\" data-ylk=\"elm:context_link\" data-rapid-sec=\"{&quot;entry-text&quot;:&quot;entry-text&quot;}\" data-rapid_p=\"8\" data-v9y=\"1\">Fundo Partid\u00e1rio<\/a>, com base no percentual de cota de candidaturas por g\u00eanero.<\/p>\n<figure class=\"content-list-component image\"><span class=\"share-bar-image-wrapper\"><img decoding=\"async\" class=\"image__src\" src=\"https:\/\/o.aolcdn.com\/images\/dims?crop=3736%2C1868%2C215%2C804&amp;quality=85&amp;format=jpg&amp;resize=630%2C315&amp;image_uri=http%3A%2F%2Fo.aolcdn.com%2Fhss%2Fstorage%2Fmidas%2F3af88bd3d1bab7502c8703e61ae6bfe9%2F206345140%2Fpeople-gather-in-paulista-avenue-sao-paulo-brazil-on-april-14-2018-a-picture-id946442852&amp;client=a1acac3e1b3290917d92&amp;signature=71a8c153042017234c7840d075f51073cc9b8584\" \/><\/span><\/p>\n<div class=\"image__meta-wrapper\">\n<div class=\"image__meta-wrapper\"><span class=\"image__credit\">NURPHOTO VIA GETTY IMAGES<\/span><\/div>\n<\/div><figcaption class=\"image__caption\">O n\u00famero de vereadoras negras caiu de 329 para 328, com a morte de Marielle Franco (PSol) em 14 de mar\u00e7o.<\/figcaption><\/figure>\n<h2>Sem Marielle Franco, h\u00e1 328 vereadoras negras<\/h2>\n<p>No Legislativo local, mulheres negras t\u00eam uma representatividade um pouco mais expressiva. Dentre as vereadoras atualmente no poder, 36,7% s\u00e3o negras (32,5% autodeclaradas como pardas e 4,21% como pretas). As brancas representam 62,4%, as amarelas 0,4% e as ind\u00edgenas 0,2%. &#8220;O percentual de mulheres negras como vereadoras \u00e9 8,4% maior em rela\u00e7\u00e3o \u00e0s prefeitas&#8221;, destaca o estudo.<\/p>\n<p>Em n\u00fameros absolutos, das 7.808 vereadoras, 2.543 se declararam pardas. O n\u00famero de negras, por sua vez, caiu de 329 para 328, com a morte de\u00a0<a href=\"https:\/\/www.huffpostbrasil.com\/news\/marielle-franco\/\" target=\"_blank\" data-rapid-elm=\"context_link\" data-ylk=\"elm:context_link\" data-rapid-sec=\"{&quot;entry-text&quot;:&quot;entry-text&quot;}\" data-rapid_p=\"10\" data-v9y=\"1\">Marielle Franco<\/a>\u00a0(PSol) em 14 de mar\u00e7o. Mulher negra, nascida na Favela da Mar\u00e9, l\u00e9sbica e defensora dos direitos humanos, Marielle foi a 5\u00aa vereadora mais votada do Rio em 2016.<\/p>\n<p>Apesar do cen\u00e1rio um pouco melhor do que o do Executivo, comparado ao universo total de prefeitos, contudo, o percentual ainda \u00e9 baixo. Dos 57.419 vereadores, as mulheres s\u00e3o 13,6%. J\u00e1 as mulheres negras s\u00e3o cerca de 5% nas c\u00e2maras municipais.<\/p>\n<p>Nas regi\u00f5es, a distribui\u00e7\u00e3o se repete. O Norte possui uma forte presen\u00e7a de vereadoras negras, com 67,6% do total de eleitas nessa regi\u00e3o (60,3% de pardas e 7,3% de pretas). Em seguida, aparece Nordeste (56%), Centro Oeste (41,2%), Sudeste (23,6%) e Sul (4,3%). Nos estados, a Bahia tamb\u00e9m se destaca, com 53 vereadoras negras e 322 pardas.<\/p>\n<p>O estudo afirma que s\u00f3 h\u00e1 um quadro positivo entre as vereadoras nas regi\u00f5es Norte e Nordeste e defende o planejamento de a\u00e7\u00f5es afirmativas para a busca da equidade de g\u00eanero e ra\u00e7a na pol\u00edtica. &#8220;Mesmo com a cria\u00e7\u00e3o das cotas para candidatas mulheres, a presen\u00e7a delas nos espa\u00e7os de poder local, estadual e federal, continua crescendo a passos demasiadamente lentos. Al\u00e9m disso, como vimos no presente mapeamento, a pol\u00edtica local ainda continua sendo um espa\u00e7o de pessoas brancas&#8221;, diz a pesquisa.<\/p>\n<div class=\"related-entries related-entries--list yr-related-entries\" data-rapid-subsec=\"related-articles\"><\/div>\n<\/div>\n<\/div>\n<\/div>\n<\/div>\n<\/div>\n<\/div>\n","protected":false},"excerpt":{"rendered":"<p>NURPHOTO VIA GETTY IMAGES \u201cA participa\u00e7\u00e3o de mulheres negras na pol\u00edtica nacional e subnacional ainda \u00e9 extremamente reduzida, assim como a de ind\u00edgenas. Sobre essas mulheres incide uma dupla discrimina\u00e7\u00e3o, a racista e a sexista\u201d, diz estudo.<\/p>\n","protected":false},"author":1,"featured_media":0,"comment_status":"closed","ping_status":"open","sticky":false,"template":"","format":"standard","meta":{"_exactmetrics_skip_tracking":false,"_exactmetrics_sitenote_active":false,"_exactmetrics_sitenote_note":"","_exactmetrics_sitenote_category":0,"jetpack_post_was_ever_published":false,"_jetpack_newsletter_access":"","_jetpack_dont_email_post_to_subs":false,"_jetpack_newsletter_tier_id":0,"_jetpack_memberships_contains_paywalled_content":false,"_jetpack_memberships_contains_paid_content":false,"footnotes":"","jetpack_publicize_message":"","jetpack_publicize_feature_enabled":true,"jetpack_social_post_already_shared":true,"jetpack_social_options":{"image_generator_settings":{"template":"highway","enabled":false},"version":2}},"categories":[1],"tags":[],"class_list":["post-18702","post","type-post","status-publish","format-standard","hentry","category-notas"],"jetpack_publicize_connections":[],"jetpack_sharing_enabled":true,"jetpack_featured_media_url":"","jetpack_shortlink":"https:\/\/wp.me\/p7wKYW-4RE","jetpack-related-posts":[],"_links":{"self":[{"href":"http:\/\/blogdalucianaoliveira.com.br\/blog\/wp-json\/wp\/v2\/posts\/18702","targetHints":{"allow":["GET"]}}],"collection":[{"href":"http:\/\/blogdalucianaoliveira.com.br\/blog\/wp-json\/wp\/v2\/posts"}],"about":[{"href":"http:\/\/blogdalucianaoliveira.com.br\/blog\/wp-json\/wp\/v2\/types\/post"}],"author":[{"embeddable":true,"href":"http:\/\/blogdalucianaoliveira.com.br\/blog\/wp-json\/wp\/v2\/users\/1"}],"replies":[{"embeddable":true,"href":"http:\/\/blogdalucianaoliveira.com.br\/blog\/wp-json\/wp\/v2\/comments?post=18702"}],"version-history":[{"count":1,"href":"http:\/\/blogdalucianaoliveira.com.br\/blog\/wp-json\/wp\/v2\/posts\/18702\/revisions"}],"predecessor-version":[{"id":18703,"href":"http:\/\/blogdalucianaoliveira.com.br\/blog\/wp-json\/wp\/v2\/posts\/18702\/revisions\/18703"}],"wp:attachment":[{"href":"http:\/\/blogdalucianaoliveira.com.br\/blog\/wp-json\/wp\/v2\/media?parent=18702"}],"wp:term":[{"taxonomy":"category","embeddable":true,"href":"http:\/\/blogdalucianaoliveira.com.br\/blog\/wp-json\/wp\/v2\/categories?post=18702"},{"taxonomy":"post_tag","embeddable":true,"href":"http:\/\/blogdalucianaoliveira.com.br\/blog\/wp-json\/wp\/v2\/tags?post=18702"}],"curies":[{"name":"wp","href":"https:\/\/api.w.org\/{rel}","templated":true}]}}