{"id":18716,"date":"2018-07-28T16:49:20","date_gmt":"2018-07-28T20:49:20","guid":{"rendered":"http:\/\/blogdalucianaoliveira.com.br\/blog\/?p=18716"},"modified":"2018-07-28T16:54:34","modified_gmt":"2018-07-28T20:54:34","slug":"convencao-do-mdb-em-rondonia-foi-um-verdadeiro-show-de-horrores","status":"publish","type":"post","link":"http:\/\/blogdalucianaoliveira.com.br\/blog\/2018\/07\/28\/convencao-do-mdb-em-rondonia-foi-um-verdadeiro-show-de-horrores\/","title":{"rendered":"Conven\u00e7\u00e3o do MDB em Rond\u00f4nia foi um verdadeiro show de horrores"},"content":{"rendered":"<p><img data-recalc-dims=\"1\" loading=\"lazy\" decoding=\"async\" data-attachment-id=\"18720\" data-permalink=\"http:\/\/blogdalucianaoliveira.com.br\/blog\/2018\/07\/28\/convencao-do-mdb-em-rondonia-foi-um-verdadeiro-show-de-horrores\/e4c824a6-a4f7-454d-b1f3-65ef7e43aa78\/\" data-orig-file=\"https:\/\/i0.wp.com\/blogdalucianaoliveira.com.br\/blog\/wp-content\/uploads\/2018\/07\/E4C824A6-A4F7-454D-B1F3-65EF7E43AA78.jpeg?fit=960%2C640\" data-orig-size=\"960,640\" data-comments-opened=\"0\" data-image-meta=\"{&quot;aperture&quot;:&quot;0&quot;,&quot;credit&quot;:&quot;&quot;,&quot;camera&quot;:&quot;&quot;,&quot;caption&quot;:&quot;&quot;,&quot;created_timestamp&quot;:&quot;0&quot;,&quot;copyright&quot;:&quot;&quot;,&quot;focal_length&quot;:&quot;0&quot;,&quot;iso&quot;:&quot;0&quot;,&quot;shutter_speed&quot;:&quot;0&quot;,&quot;title&quot;:&quot;&quot;,&quot;orientation&quot;:&quot;1&quot;}\" data-image-title=\"E4C824A6-A4F7-454D-B1F3-65EF7E43AA78\" data-image-description=\"\" data-image-caption=\"\" data-medium-file=\"https:\/\/i0.wp.com\/blogdalucianaoliveira.com.br\/blog\/wp-content\/uploads\/2018\/07\/E4C824A6-A4F7-454D-B1F3-65EF7E43AA78.jpeg?fit=300%2C200\" data-large-file=\"https:\/\/i0.wp.com\/blogdalucianaoliveira.com.br\/blog\/wp-content\/uploads\/2018\/07\/E4C824A6-A4F7-454D-B1F3-65EF7E43AA78.jpeg?fit=600%2C400\" class=\"alignnone size-full wp-image-18720\" src=\"https:\/\/i0.wp.com\/blogdalucianaoliveira.com.br\/blog\/wp-content\/uploads\/2018\/07\/E4C824A6-A4F7-454D-B1F3-65EF7E43AA78.jpeg?resize=600%2C400\" alt=\"E4C824A6-A4F7-454D-B1F3-65EF7E43AA78\" width=\"600\" height=\"400\" srcset=\"https:\/\/i0.wp.com\/blogdalucianaoliveira.com.br\/blog\/wp-content\/uploads\/2018\/07\/E4C824A6-A4F7-454D-B1F3-65EF7E43AA78.jpeg?w=960 960w, https:\/\/i0.wp.com\/blogdalucianaoliveira.com.br\/blog\/wp-content\/uploads\/2018\/07\/E4C824A6-A4F7-454D-B1F3-65EF7E43AA78.jpeg?resize=300%2C200 300w, https:\/\/i0.wp.com\/blogdalucianaoliveira.com.br\/blog\/wp-content\/uploads\/2018\/07\/E4C824A6-A4F7-454D-B1F3-65EF7E43AA78.jpeg?resize=768%2C512 768w, https:\/\/i0.wp.com\/blogdalucianaoliveira.com.br\/blog\/wp-content\/uploads\/2018\/07\/E4C824A6-A4F7-454D-B1F3-65EF7E43AA78.jpeg?resize=450%2C300 450w\" sizes=\"auto, (max-width: 600px) 100vw, 600px\" \/><\/p>\n<hr \/>\n<p>&nbsp;<\/p>\n<p>&nbsp;<\/p>\n<p><em>Gritaria, palavr\u00f5es, destrui\u00e7\u00e3o de propriedade privada, troca de socos, destempero de l\u00edderes e outras bizarrices transformaram o evento pol\u00edtico em escarc\u00e9u<\/em><!--more--><\/p>\n<p><strong>VIS\u00c3O PERIF\u00c9RICA, POR VINICIUS CANOVA<\/strong><\/p>\n<p><span style=\"font-size: 18px;\"><span style=\"font-family: Georgia,serif;\"><strong>Porto Velho, RO \u2013<\/strong> Por conta do entrevero nos bastidores entre os h\u00e1 pouco pr\u00e9-candidatos ao Senado Conf\u00facio Moura e Valdir Raupp, ambos do MDB, desenhava-se de antem\u00e3o uma conven\u00e7\u00e3o tribulada e de \u00e2nimos exaltados.<\/span><\/span><\/p>\n<p><span style=\"font-size: 18px;\"><span style=\"font-family: Georgia,serif;\">Entretanto, o que se viu na manh\u00e3 deste s\u00e1bado (28) at\u00e9 o encerramento do evento e suas respectivas delibera\u00e7\u00f5es finais excedeu todos os limites do toler\u00e1vel quando situa\u00e7\u00f5es bizarras envolvendo turbas l\u00e1 e c\u00e1 transformaram o encontro intrapartid\u00e1rio em um verdadeiro show de horrores.<\/span><\/span><\/p>\n<p><span style=\"font-size: 18px;\"><span style=\"font-family: Georgia,serif;\">Fosse s\u00f3 palavreado chulo recheando o per\u00edmetro j\u00e1 estar\u00edamos diante de assombroso atentado \u00e0 educa\u00e7\u00e3o, mas n\u00e3o. A baixaria tomou ainda mais corpo em dimens\u00f5es incalcul\u00e1veis.<\/span><\/span><\/p>\n<p><span style=\"font-size: 18px;\"><span style=\"font-family: Georgia,serif;\">Apoiadores da candidatura do ex-governador Conf\u00facio invadiram o local da reuni\u00e3o destruindo parte do patrim\u00f4nio do pr\u00f3prio partido, colocando abaixo a porta de entrada do diret\u00f3rio.<\/span><\/span><\/p>\n<p><span style=\"font-size: 18px;\"><span style=\"font-family: Georgia,serif;\"><img data-recalc-dims=\"1\" decoding=\"async\" class=\"entry-thumb\" src=\"https:\/\/i0.wp.com\/www.rondoniadinamica.com\/uploads\/goliveira.jpg?w=600\" alt=\"\" \/><\/span><\/span><br \/>\n<em><span style=\"font-size: 16px;\"><span style=\"font-family: Georgia,serif;\">Apoiadores de Conf\u00facio destroem porta do MDB \/ Foto: Gomes Oliveira<\/span><\/span><\/em><\/p>\n<p><span style=\"font-size: 18px;\"><span style=\"font-family: Georgia,serif;\">Horr\u00edvel, lament\u00e1vel e rid\u00edculo. N\u00e3o h\u00e1 palavras mais contundentes para descrever o ocorrido.<\/span><\/span><\/p>\n<p><span style=\"font-size: 18px;\"><span style=\"font-family: Georgia,serif;\">N\u00e3o conformados com a depreda\u00e7\u00e3o, homens teoricamente adultos e de comportamento primitivo passaram a trocar porrada com a seguran\u00e7a contratada para proteger o ambiente.<\/span><\/span><\/p>\n<p><iframe loading=\"lazy\" class=\"entry-thumb\" src=\"https:\/\/www.youtube.com\/embed\/JtnjJlUukqc\" width=\"700\" height=\"467\" frameborder=\"0\" scrolling=\"no\"><\/iframe><\/p>\n<p><span style=\"font-size: 18px;\"><span style=\"font-family: Georgia,serif;\">Quando a situa\u00e7\u00e3o ficou insustent\u00e1vel, a Pol\u00edcia Militar (MP\/RO) foi acionada para bancar a bab\u00e1 de marmanjos que n\u00e3o t\u00eam a m\u00ednima consci\u00eancia sobre conviv\u00eancia em sociedade. Civilidade passou longe tanto da porta para fora quanto dela para dentro.<\/span><\/span><\/p>\n<p><span style=\"font-size: 18px;\"><span style=\"font-family: Georgia,serif;\">O partido que comandou Rond\u00f4nia por oito anos n\u00e3o tem no\u00e7\u00e3o da import\u00e2ncia de policiais militares atuando ostensivamente nas ruas protegendo cidad\u00e3os e cidad\u00e3s em vez de preocuparem-se com a troca de fraldas dos seus correligion\u00e1rios.<\/span><\/span><\/p>\n<p><span style=\"font-size: 18px;\"><span style=\"font-family: Georgia,serif;\">Mas a patota malcomportada ganhou respaldo maior em seu \u00edmpeto troglodita atrav\u00e9s do p\u00e9ssimo exemplo hier\u00e1rquico. O presidente da legenda Tom\u00e1s Corr\u00eaa perdeu completamente a no\u00e7\u00e3o das coisas ao desferir um soco (ou tapa, tanto faz!) no ex-secret\u00e1rio-chefe da Casa Civil Emerson Castro.<\/span><\/span><\/p>\n<p><strong><span style=\"font-size: 18px;\"><span style=\"font-family: Georgia,serif;\">VEJA O MOMENTO EM QUE CORR\u00caA\u00a0AGRIDE EMERSON CASTRO<\/span><\/span><\/strong><\/p>\n<p><iframe loading=\"lazy\" class=\"entry-thumb\" src=\"https:\/\/www.youtube.com\/embed\/EiuYjk5QN4U\" width=\"700\" height=\"470\" frameborder=\"0\" scrolling=\"no\"><\/iframe><\/p>\n<p><span style=\"font-size: 18px;\"><span style=\"font-family: Georgia,serif;\">E embora Castro estivesse o tempo inteiro enchendo o saco e provocando incessantemente atrapalhando os trabalhos n\u00e3o h\u00e1 justificativa para um ato deliberado de viol\u00eancia f\u00edsica, ainda mais a quem se atribui intelectualidade e experi\u00eancia avan\u00e7adas.<\/span><\/span><\/p>\n<p><span style=\"font-size: 18px;\"><span style=\"font-family: Georgia,serif;\">No fim desse vergonhoso e pat\u00e9tico escrut\u00ednio antidemocr\u00e1tico, se \u201cacertaram\u201d com direito a pedidos de desculpas e abra\u00e7os fraternais.<\/span><\/span><\/p>\n<p><span style=\"font-size: 18px;\"><span style=\"font-family: Georgia,serif;\">Maur\u00e3o de Carvalho foi confirmado candidato ao governo e Moura conseguiu o que queria ganhando \u00e0 base do grito a segunda vaga emedebista ao Senado junto com Raupp.<\/span><\/span><\/p>\n<p><span style=\"font-size: 18px;\"><span style=\"font-family: Georgia,serif;\">Por\u00e9m a devasta\u00e7\u00e3o que seus seguidores deixaram para tr\u00e1s e o p\u00e9ssimo exemplo praticado por grande maioria naquela que deve ser lembrada como a mais desastrosa conven\u00e7\u00e3o de todos os tempos demonstram apenas que, entre eles, n\u00e3o h\u00e1 vencedores. Perdedora h\u00e1 apenas uma: a democracia. Parab\u00e9ns aos envolvidos!\u00a0\u00a0<\/span><\/span><\/p>\n<p><img data-recalc-dims=\"1\" decoding=\"async\" class=\"entry-thumb\" src=\"https:\/\/i0.wp.com\/www.rondoniadinamica.com\/uploads\/VINICIUS-PRONTO_30.jpg?w=600\" \/><\/p>\n<p>&nbsp;<\/p>\n","protected":false},"excerpt":{"rendered":"<p>&nbsp; &nbsp; Gritaria, palavr\u00f5es, destrui\u00e7\u00e3o de propriedade privada, troca de socos, destempero de l\u00edderes e outras bizarrices transformaram o evento pol\u00edtico em escarc\u00e9u<\/p>\n","protected":false},"author":1,"featured_media":18717,"comment_status":"closed","ping_status":"open","sticky":false,"template":"","format":"standard","meta":{"_exactmetrics_skip_tracking":false,"_exactmetrics_sitenote_active":false,"_exactmetrics_sitenote_note":"","_exactmetrics_sitenote_category":0,"jetpack_post_was_ever_published":false,"_jetpack_newsletter_access":"","_jetpack_dont_email_post_to_subs":false,"_jetpack_newsletter_tier_id":0,"_jetpack_memberships_contains_paywalled_content":false,"_jetpack_memberships_contains_paid_content":false,"footnotes":"","jetpack_publicize_message":"","jetpack_publicize_feature_enabled":true,"jetpack_social_post_already_shared":true,"jetpack_social_options":{"image_generator_settings":{"template":"highway","enabled":false},"version":2}},"categories":[1],"tags":[],"class_list":["post-18716","post","type-post","status-publish","format-standard","has-post-thumbnail","hentry","category-notas"],"jetpack_publicize_connections":[],"jetpack_sharing_enabled":true,"jetpack_featured_media_url":"https:\/\/i0.wp.com\/blogdalucianaoliveira.com.br\/blog\/wp-content\/uploads\/2018\/07\/ec-apanha.jpg?fit=960%2C640","jetpack_shortlink":"https:\/\/wp.me\/p7wKYW-4RS","jetpack-related-posts":[],"_links":{"self":[{"href":"http:\/\/blogdalucianaoliveira.com.br\/blog\/wp-json\/wp\/v2\/posts\/18716","targetHints":{"allow":["GET"]}}],"collection":[{"href":"http:\/\/blogdalucianaoliveira.com.br\/blog\/wp-json\/wp\/v2\/posts"}],"about":[{"href":"http:\/\/blogdalucianaoliveira.com.br\/blog\/wp-json\/wp\/v2\/types\/post"}],"author":[{"embeddable":true,"href":"http:\/\/blogdalucianaoliveira.com.br\/blog\/wp-json\/wp\/v2\/users\/1"}],"replies":[{"embeddable":true,"href":"http:\/\/blogdalucianaoliveira.com.br\/blog\/wp-json\/wp\/v2\/comments?post=18716"}],"version-history":[{"count":3,"href":"http:\/\/blogdalucianaoliveira.com.br\/blog\/wp-json\/wp\/v2\/posts\/18716\/revisions"}],"predecessor-version":[{"id":18721,"href":"http:\/\/blogdalucianaoliveira.com.br\/blog\/wp-json\/wp\/v2\/posts\/18716\/revisions\/18721"}],"wp:featuredmedia":[{"embeddable":true,"href":"http:\/\/blogdalucianaoliveira.com.br\/blog\/wp-json\/wp\/v2\/media\/18717"}],"wp:attachment":[{"href":"http:\/\/blogdalucianaoliveira.com.br\/blog\/wp-json\/wp\/v2\/media?parent=18716"}],"wp:term":[{"taxonomy":"category","embeddable":true,"href":"http:\/\/blogdalucianaoliveira.com.br\/blog\/wp-json\/wp\/v2\/categories?post=18716"},{"taxonomy":"post_tag","embeddable":true,"href":"http:\/\/blogdalucianaoliveira.com.br\/blog\/wp-json\/wp\/v2\/tags?post=18716"}],"curies":[{"name":"wp","href":"https:\/\/api.w.org\/{rel}","templated":true}]}}