{"id":1872,"date":"2016-06-23T11:58:47","date_gmt":"2016-06-23T15:58:47","guid":{"rendered":"http:\/\/blogdalucianaoliveira.com.br\/blog\/?p=1872"},"modified":"2016-06-23T11:58:47","modified_gmt":"2016-06-23T15:58:47","slug":"safadao-vale-500-mil-ou-e-safadeza-investir-tanto-dinheiro-publico-so-pra-ouvir-ele-cantar","status":"publish","type":"post","link":"http:\/\/blogdalucianaoliveira.com.br\/blog\/2016\/06\/23\/safadao-vale-500-mil-ou-e-safadeza-investir-tanto-dinheiro-publico-so-pra-ouvir-ele-cantar\/","title":{"rendered":"Safad\u00e3o vale 500 mil ou \u00e9 safadeza investir tanto dinheiro p\u00fablico s\u00f3 pra ouvir ele cantar?"},"content":{"rendered":"<p><img data-recalc-dims=\"1\" loading=\"lazy\" decoding=\"async\" data-attachment-id=\"1873\" data-permalink=\"http:\/\/blogdalucianaoliveira.com.br\/blog\/2016\/06\/23\/safadao-vale-500-mil-ou-e-safadeza-investir-tanto-dinheiro-publico-so-pra-ouvir-ele-cantar\/wesley-safadao1\/\" data-orig-file=\"https:\/\/i0.wp.com\/blogdalucianaoliveira.com.br\/blog\/wp-content\/uploads\/2016\/06\/Wesley-Safad%C3%A3o1.jpg?fit=690%2C400\" data-orig-size=\"690,400\" data-comments-opened=\"0\" data-image-meta=\"{&quot;aperture&quot;:&quot;0&quot;,&quot;credit&quot;:&quot;&quot;,&quot;camera&quot;:&quot;&quot;,&quot;caption&quot;:&quot;&quot;,&quot;created_timestamp&quot;:&quot;0&quot;,&quot;copyright&quot;:&quot;&quot;,&quot;focal_length&quot;:&quot;0&quot;,&quot;iso&quot;:&quot;0&quot;,&quot;shutter_speed&quot;:&quot;0&quot;,&quot;title&quot;:&quot;&quot;,&quot;orientation&quot;:&quot;0&quot;}\" data-image-title=\"Wesley-Safad\u00e3o1\" data-image-description=\"\" data-image-caption=\"\" data-medium-file=\"https:\/\/i0.wp.com\/blogdalucianaoliveira.com.br\/blog\/wp-content\/uploads\/2016\/06\/Wesley-Safad%C3%A3o1.jpg?fit=300%2C174\" data-large-file=\"https:\/\/i0.wp.com\/blogdalucianaoliveira.com.br\/blog\/wp-content\/uploads\/2016\/06\/Wesley-Safad%C3%A3o1.jpg?fit=600%2C348\" src=\"https:\/\/i0.wp.com\/blogdalucianaoliveira.com.br\/blog\/wp-content\/uploads\/2016\/06\/Wesley-Safad%C3%A3o1.jpg?resize=600%2C348\" alt=\"Wesley-Safad\u00e3o1\" width=\"600\" height=\"348\" class=\"alignnone size-full wp-image-1873\" srcset=\"https:\/\/i0.wp.com\/blogdalucianaoliveira.com.br\/blog\/wp-content\/uploads\/2016\/06\/Wesley-Safad%C3%A3o1.jpg?w=690 690w, https:\/\/i0.wp.com\/blogdalucianaoliveira.com.br\/blog\/wp-content\/uploads\/2016\/06\/Wesley-Safad%C3%A3o1.jpg?resize=300%2C174 300w, https:\/\/i0.wp.com\/blogdalucianaoliveira.com.br\/blog\/wp-content\/uploads\/2016\/06\/Wesley-Safad%C3%A3o1.jpg?resize=518%2C300 518w\" sizes=\"auto, (max-width: 600px) 100vw, 600px\" \/><\/p>\n<p>A pergunta corre de boca em boca com a pol\u00eamica por conta do cach\u00ea cobrado pelo show de Wesley Safad\u00e3o na festa de S\u00e3o Jo\u00e3o de Caruaru. <!--more--><\/p>\n<p>Quem acha que sim, o v\u00ea como um \u00edcone do mercado do forr\u00f3 eletr\u00f4nico que perseguiu e conquistou merecidamente o sucesso e portanto, \u00e9 natural que cobre t\u00e3o caro pra se apresentar.<br \/>\nQuem acha que n\u00e3o, o v\u00ea como um s\u00edmbolo da m\u00fasica de pouco valor que se baseia em narrar o contexto piegas das rela\u00e7\u00f5es amorosas ou festivas com apelo sensual ou humor\u00edstico.<\/p>\n<p>O fato \u00e9 que o jovem representa um mercado que movimenta milh\u00f5es em feiras, arraiais, vaquejadas e casas de shows. Se ele merece de fato 1% do valor art\u00edstico que atribuem \u00e0s m\u00fasicas que canta, \u00e9 outra hist\u00f3ria.<br \/>\nSafad\u00e3o \u00e9 um produto de sucesso, mas nem sempre o que vende bem tem qualidade.<br \/>\nNingu\u00e9m diverge sobre o talento e a qualidade das m\u00fasicas de Luiz Gonzaga, Jackson do Pandeiro, Trio Nordestino, Dominguinhos, n\u00e3o \u00e9 n\u00e3o? Esses g\u00eanios usaram como referencial simb\u00f3lico os modos de viver e criar numa regi\u00e3o, a cultura que se universalizou. <\/p>\n<p>O forr\u00f3 eletr\u00f4nico n\u00e3o, ele propaga uma mensagem universal, n\u00e3o territorializada, focada no comportamento previs\u00edvel que surge da rela\u00e7\u00e3o festa-amor-sexo.<br \/>\nEm todo o pa\u00eds, o forr\u00f3 eletr\u00f4nico tem cada vez mais presen\u00e7a no cotidiano da popula\u00e7\u00e3o e n\u00e3o poderia ser diferente, pois r\u00e1dios e tev\u00eas privilegiam esse ritmo em detrimento de outros.<br \/>\nPara Felipe Trotta, Doutor em Comunica\u00e7\u00e3o e Cultura pela UFPE, \u201cn\u00e3o se pode restringir o sucesso do forr\u00f3 eletr\u00f4nico \u00e0 vertente jovem interiorana. Isso caracterizaria uma tentativa de homogeneiza\u00e7\u00e3o das afilia\u00e7\u00f5es culturais.\u201d<\/p>\n<p>Os mais jovens potencializam o sucesso do ritmo, porque absorvem mais o forr\u00f3 eletr\u00f4nico pelos elementos que identificam nas m\u00fasicas, mais presentes no seu dia a dia.<br \/>\nEnt\u00e3o, se Safad\u00e3o merece 500 mil por um show, n\u00e3o vem caso, porque ele movimenta o mercado e o mercado \u00e9 quem manda, concentrando o investimento privado e p\u00fablico em shows com muito p\u00fablico e pouco valor art\u00edstico.<br \/>\nE isso acontece, n\u00e3o sem rolo, n\u00e3o sem corrup\u00e7\u00e3o.<\/p>\n<p>A empresa que administra os shows de Safad\u00e3o j\u00e1 se envolveu num esc\u00e2ndalo de contrata\u00e7\u00f5es fraudulentas de apresenta\u00e7\u00f5es art\u00edsticas investigado pelo Minist\u00e9rio P\u00fablico no Rio Grande do Norte. \u201cS\u00f3 em dois eventos de 2012, carnaval e festa de emancipa\u00e7\u00e3o pol\u00edtica de Guamar\u00e9, foram despendidos R$ 6,1 milh\u00f5es\u201d em eventos art\u00edsticos e duas empresas de Pernambuco foram investigadas, uma delas, a do empres\u00e1rio do Safad\u00e3o, conforme mat\u00e9ria do Estad\u00e3o.<br \/>\nQuem gosta, porque gosta de Safad\u00e3o, n\u00e3o vai ligar pra isso. <\/p>\n<p>O empres\u00e1rio dele, que controla uma gorda fatia desse mercado, algu\u00e9m que abre ou fecha portas vorazmente, que j\u00e1 mandou pra geladeira por anos m\u00fasicos de indiscut\u00edvel talento do Nordeste, agradece. <\/p>\n","protected":false},"excerpt":{"rendered":"<p>A pergunta corre de boca em boca com a pol\u00eamica por conta do cach\u00ea cobrado pelo show de Wesley Safad\u00e3o na festa de S\u00e3o Jo\u00e3o de Caruaru.<\/p>\n","protected":false},"author":1,"featured_media":0,"comment_status":"closed","ping_status":"open","sticky":false,"template":"","format":"standard","meta":{"_exactmetrics_skip_tracking":false,"_exactmetrics_sitenote_active":false,"_exactmetrics_sitenote_note":"","_exactmetrics_sitenote_category":0,"jetpack_post_was_ever_published":false,"_jetpack_newsletter_access":"","_jetpack_dont_email_post_to_subs":false,"_jetpack_newsletter_tier_id":0,"_jetpack_memberships_contains_paywalled_content":false,"_jetpack_memberships_contains_paid_content":false,"footnotes":"","jetpack_publicize_message":"","jetpack_publicize_feature_enabled":true,"jetpack_social_post_already_shared":true,"jetpack_social_options":{"image_generator_settings":{"template":"highway","enabled":false},"version":2}},"categories":[1],"tags":[],"class_list":["post-1872","post","type-post","status-publish","format-standard","hentry","category-notas"],"jetpack_publicize_connections":[],"jetpack_sharing_enabled":true,"jetpack_featured_media_url":"","jetpack_shortlink":"https:\/\/wp.me\/p7wKYW-uc","jetpack-related-posts":[],"_links":{"self":[{"href":"http:\/\/blogdalucianaoliveira.com.br\/blog\/wp-json\/wp\/v2\/posts\/1872","targetHints":{"allow":["GET"]}}],"collection":[{"href":"http:\/\/blogdalucianaoliveira.com.br\/blog\/wp-json\/wp\/v2\/posts"}],"about":[{"href":"http:\/\/blogdalucianaoliveira.com.br\/blog\/wp-json\/wp\/v2\/types\/post"}],"author":[{"embeddable":true,"href":"http:\/\/blogdalucianaoliveira.com.br\/blog\/wp-json\/wp\/v2\/users\/1"}],"replies":[{"embeddable":true,"href":"http:\/\/blogdalucianaoliveira.com.br\/blog\/wp-json\/wp\/v2\/comments?post=1872"}],"version-history":[{"count":2,"href":"http:\/\/blogdalucianaoliveira.com.br\/blog\/wp-json\/wp\/v2\/posts\/1872\/revisions"}],"predecessor-version":[{"id":1875,"href":"http:\/\/blogdalucianaoliveira.com.br\/blog\/wp-json\/wp\/v2\/posts\/1872\/revisions\/1875"}],"wp:attachment":[{"href":"http:\/\/blogdalucianaoliveira.com.br\/blog\/wp-json\/wp\/v2\/media?parent=1872"}],"wp:term":[{"taxonomy":"category","embeddable":true,"href":"http:\/\/blogdalucianaoliveira.com.br\/blog\/wp-json\/wp\/v2\/categories?post=1872"},{"taxonomy":"post_tag","embeddable":true,"href":"http:\/\/blogdalucianaoliveira.com.br\/blog\/wp-json\/wp\/v2\/tags?post=1872"}],"curies":[{"name":"wp","href":"https:\/\/api.w.org\/{rel}","templated":true}]}}