{"id":18722,"date":"2018-07-30T08:26:40","date_gmt":"2018-07-30T12:26:40","guid":{"rendered":"http:\/\/blogdalucianaoliveira.com.br\/blog\/?p=18722"},"modified":"2018-07-30T08:26:40","modified_gmt":"2018-07-30T12:26:40","slug":"acir-gurgacz-e-lancado-ao-governo-do-estado-de-rondonia-pelo-pdtacir-gurgacz-e-lancado-ao-governo-do-estado-de-rondonia-pelo-pdt","status":"publish","type":"post","link":"http:\/\/blogdalucianaoliveira.com.br\/blog\/2018\/07\/30\/acir-gurgacz-e-lancado-ao-governo-do-estado-de-rondonia-pelo-pdtacir-gurgacz-e-lancado-ao-governo-do-estado-de-rondonia-pelo-pdt\/","title":{"rendered":"Acir Gurgacz \u00e9 lan\u00e7ado ao Governo do Estado de Rond\u00f4nia pelo PDTAcir Gurgacz \u00e9 lan\u00e7ado ao Governo do Estado de Rond\u00f4nia pelo PDT"},"content":{"rendered":"<p><img data-recalc-dims=\"1\" loading=\"lazy\" decoding=\"async\" data-attachment-id=\"18723\" data-permalink=\"http:\/\/blogdalucianaoliveira.com.br\/blog\/2018\/07\/30\/acir-gurgacz-e-lancado-ao-governo-do-estado-de-rondonia-pelo-pdtacir-gurgacz-e-lancado-ao-governo-do-estado-de-rondonia-pelo-pdt\/acir\/\" data-orig-file=\"https:\/\/i0.wp.com\/blogdalucianaoliveira.com.br\/blog\/wp-content\/uploads\/2018\/07\/acir.jpg?fit=845%2C500\" data-orig-size=\"845,500\" data-comments-opened=\"0\" data-image-meta=\"{&quot;aperture&quot;:&quot;0&quot;,&quot;credit&quot;:&quot;&quot;,&quot;camera&quot;:&quot;&quot;,&quot;caption&quot;:&quot;&quot;,&quot;created_timestamp&quot;:&quot;0&quot;,&quot;copyright&quot;:&quot;&quot;,&quot;focal_length&quot;:&quot;0&quot;,&quot;iso&quot;:&quot;0&quot;,&quot;shutter_speed&quot;:&quot;0&quot;,&quot;title&quot;:&quot;&quot;,&quot;orientation&quot;:&quot;1&quot;}\" data-image-title=\"acir\" data-image-description=\"\" data-image-caption=\"\" data-medium-file=\"https:\/\/i0.wp.com\/blogdalucianaoliveira.com.br\/blog\/wp-content\/uploads\/2018\/07\/acir.jpg?fit=300%2C178\" data-large-file=\"https:\/\/i0.wp.com\/blogdalucianaoliveira.com.br\/blog\/wp-content\/uploads\/2018\/07\/acir.jpg?fit=600%2C355\" class=\"alignnone size-full wp-image-18723\" src=\"https:\/\/i0.wp.com\/blogdalucianaoliveira.com.br\/blog\/wp-content\/uploads\/2018\/07\/acir.jpg?resize=600%2C355\" alt=\"acir\" width=\"600\" height=\"355\" srcset=\"https:\/\/i0.wp.com\/blogdalucianaoliveira.com.br\/blog\/wp-content\/uploads\/2018\/07\/acir.jpg?w=845 845w, https:\/\/i0.wp.com\/blogdalucianaoliveira.com.br\/blog\/wp-content\/uploads\/2018\/07\/acir.jpg?resize=300%2C178 300w, https:\/\/i0.wp.com\/blogdalucianaoliveira.com.br\/blog\/wp-content\/uploads\/2018\/07\/acir.jpg?resize=768%2C454 768w, https:\/\/i0.wp.com\/blogdalucianaoliveira.com.br\/blog\/wp-content\/uploads\/2018\/07\/acir.jpg?resize=507%2C300 507w\" sizes=\"auto, (max-width: 600px) 100vw, 600px\" \/><\/p>\n<p>Alian\u00e7a entre PDT, PSB e PP lan\u00e7ou oficialmente o nome de Acir Gurgacz candidato ao governo de Rond\u00f4nia nas elei\u00e7\u00f5es de 2018.<!--more--><\/p>\n<div class=\"meta\"><span class=\"author\"><strong>Di\u00e1rio da Amaz\u00f4nia\u00a0<\/strong><\/span><\/div>\n<div class=\"meta\"><\/div>\n<div class=\"meta\">\n<div class=\"entry-post\">\n<p>A conven\u00e7\u00e3o do Partido Democr\u00e1tico Trabalhista (PDT) em Porto Velho foi marcada pela pacifica\u00e7\u00e3o (Foto: Divulga\u00e7\u00e3o)<\/p>\n<p>A conven\u00e7\u00e3o do Partido Democr\u00e1tico Trabalhista (PDT) em Porto Velho que aconteceu no espa\u00e7o Ello\u2019s eventos, localizado na Avenida Guapor\u00e9 neste domingo (29), confirmou a candidatura de Acir Gurgacz ao governo do estado de Rond\u00f4nia nas Elei\u00e7\u00f5es 2018. A sigla tamb\u00e9m apoiar\u00e1 a candidatura de Jesualdo Pires, do Partido Socialista Brasileiro (PSB), ao Senado Federal. O candidato a vice ainda n\u00e3o foi definido.<\/p>\n<p>No mesmo local tamb\u00e9m acontecia a conven\u00e7\u00e3o do PSB, que confirmou coliga\u00e7\u00e3o com o PDT em troca do apoio ao seu candidato ao Senado. As conven\u00e7\u00f5es dos dois partidos tamb\u00e9m definiram suas candidaturas a deputados estaduais e federais.<\/p>\n<p>Apoiadores do interior do Estado vieram \u00e0 Porto Velho para apoiar a candidatura de Acir Gurgacz ao governo do Estado de Rond\u00f4nia (Foto: Divulga\u00e7\u00e3o)<\/p>\n<p>Com faixas, cartazes, apoiadores vindos de todos os munic\u00edpios do interior do Estado chegaram a capital nas primeiras horas do domingo para prestigiar o evento.<\/p>\n<p>Na conven\u00e7\u00e3o, a escolha de Acir Gurgacz para a corrida eleitoral, rumo ao governo de Rond\u00f4nia, aconteceu ap\u00f3s aclama\u00e7\u00e3o do PDT.<\/p>\n<p>\u201c\u00c9 uma emo\u00e7\u00e3o enorme comandando esse projeto junto com toda essa militan\u00e7a do PDT\/PSB dos demais partidos que fazem a coaliz\u00e3o dessa candidatura ao governo do estado, ao senado a c\u00e2mara federal e a assembleia legislativa de rond\u00f4nia\u201d. disse Acir Gurgacz \u2013 candidato a governador de rond\u00f4nia pelo PDT<\/p>\n<p>No discurso em que se lan\u00e7ou como candidato ao governo estadual, Acir sendo eleito defender\u00e1 a bandeira da coletividade e da uni\u00e3o, valorizando a educa\u00e7\u00e3o, sa\u00fade e seguran\u00e7a p\u00fablica com um bem maior aos rondonienses e rondonianos.<\/p>\n<p>\u201cVamos investir na educa\u00e7\u00e3o, na sa\u00fade e na seguran\u00e7a p\u00fablica. Para isso temos que produzir cada vez mais e industrializar aquilo que estamos produzindo\u201d, completou Acir.<\/p>\n<p>Acir Gurgaz tem 56 anos \u00e9 casado com a empres\u00e1ria Ana Gurgacz, pai de Assis Neto e av\u00f3. Acir Gurgacz foi reeleito ao Senado em 2014. Nascido 1962 em Cascavel (PR), migrou para Rond\u00f4nia na d\u00e9cada de 1970. Seu ingresso na vida p\u00fablica aconteceu em 2000, quando foi eleito prefeito de Ji-Paran\u00e1, interior do estado. Em 2006, foi eleito pela primeira vez senador de Rond\u00f4nia.<\/p>\n<p>\u201cO Acir sonha com uma Rond\u00f4nia realmente para todos, com dignidade, uma Rond\u00f4nia mais solid\u00e1ria, uma Rond\u00f4nia que gera emprego, uma Rond\u00f4nia que cuida das pessoas. Eu n\u00e3o tenho d\u00favida: \u00e9 isso que o Acir ir\u00e1 fazer e \u00e9 isso que essas pessoas que vieram aqui hoje esperam dele\u201d, disse Ana Gurgacz.<\/p>\n<p>Acir gurgacz em seu segundo mandato pelo Senado Federal ir\u00e1 concorrer ao Governo de Rond\u00f4nia com o apoio do PSB. O candidato busca uma alian\u00e7a de \u201ccoaliz\u00e3o\u201d com outros partidos objetivando o progresso de Rond\u00f4nia.<br \/>\nQuem tamb\u00e9m apoia a candidatura de Acir ao governo \u00e9 o Partido Progressista \u2013 PP.\u00a0 Novas alian\u00e7as devem ser definidas at\u00e9 o dia 05 de agosto prazo dado pela justi\u00e7a eleitoral.<\/p>\n<p>\u201cA mais ou menos seis elei\u00e7\u00f5es que n\u00f3s temos caminhado juntos. e desse processo n\u00f3s temos o governador Daniel Pereira que seria o nosso candidato a reelei\u00e7\u00e3o, mas numa conversa interna com o Daniel Pereira, ele nos deixou claro que daria o apoio ao Acir ao governo do estado. A partir do momento que o Daniel declinou da candidatura e dentro de seis elei\u00e7\u00f5es diretas n\u00f3s fechamos esse acordo e vamos caminhar juntos. O Acir \u00e9 uma pessoa por n\u00f3s muito querida, respeitada, PSB mais PTD Acir governador\u201d, disse mauro Nazif, presidente do PSB\/RO.<\/p>\n<p>\u201cUma intera\u00e7\u00e3o politica com o senador Acir que vem desde 2000 quando ele disputou a primeira vez a prefeitura de Ji-Paran\u00e1, n\u00f3s tivemos junto com ele. foi candidato a governador em 2002, o meu candidato, foi candidato a senador em 2006 e em 2014. \u00c9 uma parceria antiga n\u00e3o \u00e9 um negocio feito por oportunismo. Eu conhe\u00e7o o senador Acir e confio no trabalho dele e pretendo ser cabo eleitoral dele nesse processo eleitoral\u201d, afirmou Daniel Pereira \u2013 governador do Estado pelo PDT\/RO.<\/p>\n<p>Na alian\u00e7a PDT, PSB e PP Jesualdo Pires ex \u2013prefeito de Ji-Paran\u00e1 \u00e9 o nome oficial juntamente com o de Carlos Magno ex-secret\u00e1rio de estado da agricultura os candidatos a corrida ao Senado Federal.<\/p>\n<p>\u201cEu tenho uma carreira politica de quatro mandatos consecutivos. Dessas, duas vezes foram como deputado estadual, duas vezes como prefeito de Ji-Paran\u00e1, segunda maior cidade do estado. Eleito e reeleito em Ji-Paran\u00e1 com mais de 75% dos votos. Eu me sinto extremamente preparado para assumir essa responsabilidade de levar o nosso nome ao congresso nacional\u201d, disse Jesualdo pires \u2013 candidato ao senado federal pelo PDT\/RO.<\/p>\n<p><ins class=\"adsbygoogle\" data-ad-format=\"fluid\" data-ad-layout=\"in-article\" data-ad-client=\"ca-pub-6229844798866600\" data-ad-slot=\"6676984724\" data-adsbygoogle-status=\"done\">\u00a0<\/ins><\/p>\n<\/div>\n<div class=\"help-post\"><\/div>\n<\/div>\n","protected":false},"excerpt":{"rendered":"<p>Alian\u00e7a entre PDT, PSB e PP lan\u00e7ou oficialmente o nome de Acir Gurgacz candidato ao governo de Rond\u00f4nia nas elei\u00e7\u00f5es de 2018.<\/p>\n","protected":false},"author":1,"featured_media":0,"comment_status":"closed","ping_status":"open","sticky":false,"template":"","format":"standard","meta":{"_exactmetrics_skip_tracking":false,"_exactmetrics_sitenote_active":false,"_exactmetrics_sitenote_note":"","_exactmetrics_sitenote_category":0,"jetpack_post_was_ever_published":false,"_jetpack_newsletter_access":"","_jetpack_dont_email_post_to_subs":false,"_jetpack_newsletter_tier_id":0,"_jetpack_memberships_contains_paywalled_content":false,"_jetpack_memberships_contains_paid_content":false,"footnotes":"","jetpack_publicize_message":"","jetpack_publicize_feature_enabled":true,"jetpack_social_post_already_shared":true,"jetpack_social_options":{"image_generator_settings":{"template":"highway","enabled":false},"version":2}},"categories":[1],"tags":[],"class_list":["post-18722","post","type-post","status-publish","format-standard","hentry","category-notas"],"jetpack_publicize_connections":[],"jetpack_sharing_enabled":true,"jetpack_featured_media_url":"","jetpack_shortlink":"https:\/\/wp.me\/p7wKYW-4RY","jetpack-related-posts":[],"_links":{"self":[{"href":"http:\/\/blogdalucianaoliveira.com.br\/blog\/wp-json\/wp\/v2\/posts\/18722","targetHints":{"allow":["GET"]}}],"collection":[{"href":"http:\/\/blogdalucianaoliveira.com.br\/blog\/wp-json\/wp\/v2\/posts"}],"about":[{"href":"http:\/\/blogdalucianaoliveira.com.br\/blog\/wp-json\/wp\/v2\/types\/post"}],"author":[{"embeddable":true,"href":"http:\/\/blogdalucianaoliveira.com.br\/blog\/wp-json\/wp\/v2\/users\/1"}],"replies":[{"embeddable":true,"href":"http:\/\/blogdalucianaoliveira.com.br\/blog\/wp-json\/wp\/v2\/comments?post=18722"}],"version-history":[{"count":1,"href":"http:\/\/blogdalucianaoliveira.com.br\/blog\/wp-json\/wp\/v2\/posts\/18722\/revisions"}],"predecessor-version":[{"id":18724,"href":"http:\/\/blogdalucianaoliveira.com.br\/blog\/wp-json\/wp\/v2\/posts\/18722\/revisions\/18724"}],"wp:attachment":[{"href":"http:\/\/blogdalucianaoliveira.com.br\/blog\/wp-json\/wp\/v2\/media?parent=18722"}],"wp:term":[{"taxonomy":"category","embeddable":true,"href":"http:\/\/blogdalucianaoliveira.com.br\/blog\/wp-json\/wp\/v2\/categories?post=18722"},{"taxonomy":"post_tag","embeddable":true,"href":"http:\/\/blogdalucianaoliveira.com.br\/blog\/wp-json\/wp\/v2\/tags?post=18722"}],"curies":[{"name":"wp","href":"https:\/\/api.w.org\/{rel}","templated":true}]}}