{"id":18725,"date":"2018-07-30T08:37:30","date_gmt":"2018-07-30T12:37:30","guid":{"rendered":"http:\/\/blogdalucianaoliveira.com.br\/blog\/?p=18725"},"modified":"2018-07-30T08:39:12","modified_gmt":"2018-07-30T12:39:12","slug":"alianca-cresce-e-lanca-acir-jesualdo-e-magno-por-carlos-speranca","status":"publish","type":"post","link":"http:\/\/blogdalucianaoliveira.com.br\/blog\/2018\/07\/30\/alianca-cresce-e-lanca-acir-jesualdo-e-magno-por-carlos-speranca\/","title":{"rendered":"Alian\u00e7a cresce e lan\u00e7a Acir, Jesualdo e Magno &#8211; Por Carlos Speran\u00e7a"},"content":{"rendered":"<h1 class=\"article-title\"><img data-recalc-dims=\"1\" decoding=\"async\" class=\"img-fluid\" src=\"https:\/\/i0.wp.com\/cdn.gentedeopiniao.com.br\/uploads\/noticias\/2018\/07\/29\/5dhlak343614.jpg?w=600&#038;ssl=1\" alt=\"Alian\u00e7a cresce e lan\u00e7a Acir, Jesualdo e Magno - Por Carlos Speran\u00e7a - Gente de Opini\u00e3o\" \/><\/h1>\n<div id=\"st-1\" class=\"py-1 sharethis-inline-share-buttons st-center st-inline-share-buttons st-animated\" data-url=\"https:\/\/www.gentedeopiniao.com.br\/colunista\/carlos-speranca\/alianca-cresce-e-lanca-acir-jesualdo-e-magno-por-carlos-speranca\" data-title=\"Alian\u00e7a cresce e lan\u00e7a Acir, Jesualdo e Magno - Por Carlos Speran\u00e7a\" data-image=\"\" data-description=\"\"><\/div>\n<div id=\"fb-root\" class=\" fb_reset\"><\/div>\n<div class=\"fb-video fb_iframe_widget fb_iframe_widget_fluid\" data-href=\"https:\/\/www.facebook.com\/AcirGurgacz\/videos\/2014531298579457\/UzpfSTQwMDk1Nzc5NjYwMzQ5MDpWSzoyMDE0NTMxMjk4NTc5NDU3\/\" data-width=\"auto\" data-show-text=\"false\">Carlos Speran\u00e7a &#8211; Jornal Di\u00e1rio da Amaz\u00f4nia &#8211;\u00a0A coaliz\u00e3o pilotada pelo PDT\/PSB e que re\u00fane no mesmo palanque o PP, o PTB, O PR, o Solidariedade, o PSDC, e o PSOL, homologou neste domingo, num monumental encontro realizado na Ellos Eventos, em Porto Velho, as candidaturas ao governo de Rond\u00f4nia do Senador Acir Gurgacz (PDT), do ex-prefeito de Ji-Paran\u00e1 Jesualdo Pires (PSB) e do ex-deputado federal Carlos Magno (PP) ao Senado. Ainda n\u00e3o foi definido o candidato a vice.<\/div>\n<p><!--more--><\/p>\n<div class=\"texto \">\n<p>Foi uma grande demonstra\u00e7\u00e3o de for\u00e7a e de uni\u00e3o entre as lideran\u00e7as presentes, no encontro que marcou a presen\u00e7a do governador Daniel Pereira (PSB) e discursos inflamados de lideran\u00e7as regionais, como Neodi Carlos (PSDC), Mauro Nazif (PSB), Melki Donadon (PDT) e que foi impulsionado pela grande presen\u00e7a de lideran\u00e7as femininas de todo o estado.<\/p>\n<p>Ao longo da conven\u00e7\u00e3o n\u00e3o faltaram alfinetadas para o que ocorreu no dia anterior (no s\u00e1bado), na\u00a0<b><a href=\"https:\/\/www.gentedeopiniao.com.br\/opiniaotv\/eleicoes-2018\/a-convencao-das-emocoes-por-carlos-speranca\" target=\"_blank\">conven\u00e7\u00e3o do MDB, onde partid\u00e1rios fizeram quebra-quebra, trocaram ofensas \u2013 e at\u00e9 tabefes na cara \u2013 e que depois se juntaram zombeteiramente sorrindo em fotos encenadas de uma suposta uni\u00e3o<\/a><\/b>, num comportamento t\u00edpico dos pol\u00edticos profissionais, refletindo a velha pr\u00e1tica na pol\u00edtica t\u00e3o condenada pela opini\u00e3o p\u00fablica.<\/p>\n<\/div>\n<p>Contrariando aos fakes news dos \u00faltimos dias de que o senador Acir Gurgcaz seria alvo de conspira\u00e7\u00f5es de aliados, o que seu viu foram manifesta\u00e7\u00f5es de apoio, de apre\u00e7o e de lealdade ao candidato, desde o governador Daniel Pereira, que costurou a unidade da coaliz\u00e3o ao ex-prefeito Jesualdo Pires, do ex-prefeito Mauro Nazif. Tamb\u00e9m colocado em duvidas pelos advers\u00e1rios, foi reafirmado o acordo com o PP de Carlos Magno, do PR de Luis Claudio, do Solidariedade de Tziu, entre outros. A Alian\u00e7a tem a mais forte chapa de candidatos \u00e0 C\u00e2mara dos Deputados e uma poderosa esquadra de candidatos a Assembl\u00e9ia Legislativa escoltando o postulante majorit\u00e1rio.<\/p>\n<div class=\"texto \">\n<p align=\"justify\">Foi uma largada apote\u00f3tica para os lideres da coaliz\u00e3o. Ainda pela manh\u00e3, numa sauda\u00e7\u00e3o efusiva da milit\u00e2ncia, a coisa foi de arrepiar para Acir, Jesualdo, Mauro Nazif, Daniel Pereira e aliados. E como a juventude, as mulheres e o movimento negro s\u00e3o importantes na campanha do PDT\/PSB. E depois da tempestade nos meios pedetistas, cujo partido chegou a perder quadros durante este ano, veio a bonan\u00e7a, com a fartura de apoio de todos os quadrantes do estado.<\/p>\n<\/div>\n<figure class=\"float-none my-1 article-image \"><img data-recalc-dims=\"1\" decoding=\"async\" class=\"img-fluid\" src=\"https:\/\/i0.wp.com\/cdn.gentedeopiniao.com.br\/uploads\/noticias\/2018\/07\/29\/2hhr18y5b3ms0.jpg?w=600&#038;ssl=1\" alt=\"Alian\u00e7a cresce e lan\u00e7a Acir, Jesualdo e Magno - Por Carlos Speran\u00e7a - Gente de Opini\u00e3o\" \/><\/figure>\n<figure class=\"float-none my-1 article-image \"><img data-recalc-dims=\"1\" decoding=\"async\" class=\"img-fluid\" src=\"https:\/\/i0.wp.com\/cdn.gentedeopiniao.com.br\/uploads\/noticias\/2018\/07\/29\/1cgbku4kbcxpd.jpg?w=600&#038;ssl=1\" alt=\"Alian\u00e7a cresce e lan\u00e7a Acir, Jesualdo e Magno - Por Carlos Speran\u00e7a - Gente de Opini\u00e3o\" \/><\/figure>\n<figure class=\"float-none my-1 article-image \"><img data-recalc-dims=\"1\" decoding=\"async\" class=\"img-fluid\" src=\"https:\/\/i0.wp.com\/cdn.gentedeopiniao.com.br\/uploads\/noticias\/2018\/07\/29\/3dnksrde5w84w.jpg?w=600&#038;ssl=1\" alt=\"Alian\u00e7a cresce e lan\u00e7a Acir, Jesualdo e Magno - Por Carlos Speran\u00e7a - Gente de Opini\u00e3o\" \/><\/figure>\n<figure class=\"float-none my-1 article-image \"><img data-recalc-dims=\"1\" decoding=\"async\" class=\"img-fluid\" src=\"https:\/\/i0.wp.com\/cdn.gentedeopiniao.com.br\/uploads\/noticias\/2018\/07\/29\/3bj0tt9xlv0gc.jpg?w=600&#038;ssl=1\" alt=\"Alian\u00e7a cresce e lan\u00e7a Acir, Jesualdo e Magno - Por Carlos Speran\u00e7a - Gente de Opini\u00e3o\" \/><\/figure>\n<figure class=\"float-none my-1 article-image \"><img data-recalc-dims=\"1\" decoding=\"async\" class=\"img-fluid\" src=\"https:\/\/i0.wp.com\/cdn.gentedeopiniao.com.br\/uploads\/noticias\/2018\/07\/29\/16bwooafmfvho.jpg?w=600&#038;ssl=1\" alt=\"Alian\u00e7a cresce e lan\u00e7a Acir, Jesualdo e Magno - Por Carlos Speran\u00e7a - Gente de Opini\u00e3o\" \/><\/figure>\n<p><small class=\"opiniao-responsabilidade py-1\">* O conte\u00fado opinativo acima \u00e9 de inteira responsabilidade do colaborador e titular desta coluna. O Portal Gente de Opini\u00e3o n\u00e3o tem responsabilidade legal pela &#8220;OPINI\u00c3O&#8221;, que \u00e9 exclusiva do autor.<\/small><\/p>\n<div id=\"st-3\" class=\"py-1 sharethis-inline-share-buttons st-center st-inline-share-buttons st-animated\" data-url=\"https:\/\/www.gentedeopiniao.com.br\/colunista\/carlos-speranca\/alianca-cresce-e-lanca-acir-jesualdo-e-magno-por-carlos-speranca\" data-title=\"Alian\u00e7a cresce e lan\u00e7a Acir, Jesualdo e Magno - Por Carlos Speran\u00e7a\" data-image=\"\" data-description=\"\"><\/div>\n","protected":false},"excerpt":{"rendered":"<p>Carlos Speran\u00e7a &#8211; Jornal Di\u00e1rio da Amaz\u00f4nia &#8211;\u00a0A coaliz\u00e3o pilotada pelo PDT\/PSB e que re\u00fane no mesmo palanque o PP, o PTB, O PR, o Solidariedade, o PSDC, e o PSOL, homologou neste domingo, num monumental encontro realizado na Ellos Eventos, em Porto Velho, as candidaturas ao governo de Rond\u00f4nia do Senador Acir Gurgacz (PDT),&#8230;<a class=\"more-link\" href=\"http:\/\/blogdalucianaoliveira.com.br\/blog\/2018\/07\/30\/alianca-cresce-e-lanca-acir-jesualdo-e-magno-por-carlos-speranca\/\">Continue a leitura <span class=\"meta-nav\">&raquo;<\/span><\/a><\/p>\n","protected":false},"author":1,"featured_media":0,"comment_status":"closed","ping_status":"open","sticky":false,"template":"","format":"standard","meta":{"_exactmetrics_skip_tracking":false,"_exactmetrics_sitenote_active":false,"_exactmetrics_sitenote_note":"","_exactmetrics_sitenote_category":0,"jetpack_post_was_ever_published":false,"_jetpack_newsletter_access":"","_jetpack_dont_email_post_to_subs":false,"_jetpack_newsletter_tier_id":0,"_jetpack_memberships_contains_paywalled_content":false,"_jetpack_memberships_contains_paid_content":false,"footnotes":"","jetpack_publicize_message":"","jetpack_publicize_feature_enabled":true,"jetpack_social_post_already_shared":true,"jetpack_social_options":{"image_generator_settings":{"template":"highway","enabled":false},"version":2}},"categories":[1],"tags":[],"class_list":["post-18725","post","type-post","status-publish","format-standard","hentry","category-notas"],"jetpack_publicize_connections":[],"jetpack_sharing_enabled":true,"jetpack_featured_media_url":"","jetpack_shortlink":"https:\/\/wp.me\/p7wKYW-4S1","jetpack-related-posts":[],"_links":{"self":[{"href":"http:\/\/blogdalucianaoliveira.com.br\/blog\/wp-json\/wp\/v2\/posts\/18725","targetHints":{"allow":["GET"]}}],"collection":[{"href":"http:\/\/blogdalucianaoliveira.com.br\/blog\/wp-json\/wp\/v2\/posts"}],"about":[{"href":"http:\/\/blogdalucianaoliveira.com.br\/blog\/wp-json\/wp\/v2\/types\/post"}],"author":[{"embeddable":true,"href":"http:\/\/blogdalucianaoliveira.com.br\/blog\/wp-json\/wp\/v2\/users\/1"}],"replies":[{"embeddable":true,"href":"http:\/\/blogdalucianaoliveira.com.br\/blog\/wp-json\/wp\/v2\/comments?post=18725"}],"version-history":[{"count":3,"href":"http:\/\/blogdalucianaoliveira.com.br\/blog\/wp-json\/wp\/v2\/posts\/18725\/revisions"}],"predecessor-version":[{"id":18728,"href":"http:\/\/blogdalucianaoliveira.com.br\/blog\/wp-json\/wp\/v2\/posts\/18725\/revisions\/18728"}],"wp:attachment":[{"href":"http:\/\/blogdalucianaoliveira.com.br\/blog\/wp-json\/wp\/v2\/media?parent=18725"}],"wp:term":[{"taxonomy":"category","embeddable":true,"href":"http:\/\/blogdalucianaoliveira.com.br\/blog\/wp-json\/wp\/v2\/categories?post=18725"},{"taxonomy":"post_tag","embeddable":true,"href":"http:\/\/blogdalucianaoliveira.com.br\/blog\/wp-json\/wp\/v2\/tags?post=18725"}],"curies":[{"name":"wp","href":"https:\/\/api.w.org\/{rel}","templated":true}]}}