{"id":18729,"date":"2018-07-30T08:51:55","date_gmt":"2018-07-30T12:51:55","guid":{"rendered":"http:\/\/blogdalucianaoliveira.com.br\/blog\/?p=18729"},"modified":"2018-07-30T08:51:55","modified_gmt":"2018-07-30T12:51:55","slug":"coluna-do-rk-bastidores-da-politica-nacional-e-regional","status":"publish","type":"post","link":"http:\/\/blogdalucianaoliveira.com.br\/blog\/2018\/07\/30\/coluna-do-rk-bastidores-da-politica-nacional-e-regional\/","title":{"rendered":"Coluna do RK- Bastidores da pol\u00edtica nacional e regional"},"content":{"rendered":"<h3><strong>Coluna di\u00e1ria<\/strong><\/h3>\n<p>Devido \u00e0s proximidades das elei\u00e7\u00f5es e do crescimento da demanda de not\u00edcias, a Coluna do RK passa a ser di\u00e1ria. Informa\u00e7\u00f5es, sugest\u00f5es e cr\u00edticas para\u00a0rkuppe@gmail.com.<!--more--><\/p>\n<h3><strong>Tucanos voando alto<\/strong><\/h3>\n<p><a href=\"https:\/\/maisro.com.br\/coluna-do-rk-bastidores-da-politica-nacional-e-regional-46\/expe5\/\" rel=\"attachment wp-att-54620\"><img data-recalc-dims=\"1\" loading=\"lazy\" decoding=\"async\" class=\"alignleft size-full wp-image-54620 td-animation-stack-type0-2\" src=\"https:\/\/i0.wp.com\/maisro.com.br\/wp-content\/uploads\/2018\/07\/expe5.png?resize=600%2C384&#038;ssl=1\" sizes=\"auto, (max-width: 842px) 100vw, 842px\" srcset=\"https:\/\/maisro.com.br\/wp-content\/uploads\/2018\/07\/expe5.png 842w, https:\/\/maisro.com.br\/wp-content\/uploads\/2018\/07\/expe5-490x315.png 490w, https:\/\/maisro.com.br\/wp-content\/uploads\/2018\/07\/expe5-696x446.png 696w, https:\/\/maisro.com.br\/wp-content\/uploads\/2018\/07\/expe5-656x420.png 656w\" alt=\"\" width=\"600\" height=\"384\" \/><\/a>O PSDB realiza sua conven\u00e7\u00e3o no pr\u00f3ximo s\u00e1bado, na sede a FIMCA, em Porto Velho. O evento, segundo zum zum zum, ser\u00e1 grandioso e marcar\u00e1 a ascens\u00e3o do ex-senador Expedito J\u00fanior ao Pal\u00e1cio Rio Madeira. Segundo pesquisas, ele estaria no segundo turno se as elei\u00e7\u00f5es fossem hoje. Veja v\u00eddeo abaixo do chamamento para a conven\u00e7\u00e3o do PSDB.<\/p>\n<div class=\"wp-video\"><span class=\"mejs-offscreen\">Tocador de v\u00eddeo<\/span><\/p>\n<div id=\"mep_0\" class=\"mejs-container mejs-container-keyboard-inactive wp-video-shortcode mejs-video\" tabindex=\"0\">\n<div class=\"mejs-inner\">\n<div class=\"mejs-mediaelement\"><video id=\"video-54616-1_html5\" class=\"wp-video-shortcode\" src=\"https:\/\/maisro.com.br\/wp-content\/uploads\/2018\/07\/WhatsApp-Video-2018-07-29-at-22.34.30.mp4?_=1\" preload=\"metadata\" width=\"640\" height=\"352\" data-mce-fragment=\"1\"><\/video><\/div>\n<div class=\"mejs-layers\"><\/div>\n<div class=\"mejs-controls\">\n<div class=\"mejs-button mejs-playpause-button mejs-play\"><\/div>\n<div class=\"mejs-time mejs-currenttime-container\"><span class=\"mejs-currenttime\">00:00<\/span><\/div>\n<div class=\"mejs-time-rail\"><\/div>\n<div class=\"mejs-time mejs-duration-container\"><span class=\"mejs-duration\">00:25<\/span><\/div>\n<div class=\"mejs-button mejs-volume-button mejs-mute\"><\/div>\n<div class=\"mejs-button mejs-fullscreen-button\"><\/div>\n<\/div>\n<\/div>\n<\/div>\n<\/div>\n<h2><strong>Errata<\/strong><\/h2>\n<p>Erramos. Na coluna de ontem, dissemos que o ex-governador Conf\u00facio Moura (MDB) ganhou o direito de disputar ao Senado no grito. Muito pelo contr\u00e1rio. Quem queria ganhar no grito foi o senador Valdir Raupp. Pedimos desculpas pelos transtornos causados com a m\u00e1 informa\u00e7\u00e3o. I\u2019m sorry.<\/p>\n<h3><strong>Todo cuidado \u00e9 pouco<\/strong><\/h3>\n<p>N\u00e3o pensem que a vida do ex-governador Conf\u00facio Moura est\u00e1 tranquila ap\u00f3s passar pela conven\u00e7\u00e3o do MDB. Ele tem que andar pelas sombras e cercado de seguran\u00e7a pois a turma n\u00e3o \u00e9 brinquedo n\u00e3o.<\/p>\n<h3><strong>Jesualdo senador<\/strong><\/h3>\n<p><a href=\"https:\/\/maisro.com.br\/coluna-do-rk-bastidores-da-politica-nacional-e-regional-46\/jesu2-3\/\" rel=\"attachment wp-att-54617\"><img data-recalc-dims=\"1\" loading=\"lazy\" decoding=\"async\" class=\"alignleft size-full wp-image-54617 td-animation-stack-type0-2\" src=\"https:\/\/i0.wp.com\/maisro.com.br\/wp-content\/uploads\/2018\/07\/jesu2.png?resize=600%2C336&#038;ssl=1\" sizes=\"auto, (max-width: 844px) 100vw, 844px\" srcset=\"https:\/\/maisro.com.br\/wp-content\/uploads\/2018\/07\/jesu2.png 844w, https:\/\/maisro.com.br\/wp-content\/uploads\/2018\/07\/jesu2-696x389.png 696w, https:\/\/maisro.com.br\/wp-content\/uploads\/2018\/07\/jesu2-751x420.png 751w\" alt=\"\" width=\"600\" height=\"336\" \/><\/a>O PSB lan\u00e7ou ontem, o ex-prefeito de Ji-Paran\u00e1, Jesualdo Pires, candidato a Senador da Rep\u00fablica e, como primeiro suplente, delegado J\u00falio Rios.\u00a0 A conven\u00e7\u00e3o dos socialistas realizada em conjunto com o PDT, definiu apoio a Acir Gurgacz ao Governo do Estado. A frente partid\u00e1ria une, al\u00e9m do PDT e PSB, o PP, PR, Solidariedade e PTB. At\u00e9 o dia 5 de agosto, prazo final para as conven\u00e7\u00f5es partid\u00e1rias, dever\u00e1 receber a ades\u00e3o de outros partidos.<\/p>\n<h2><strong>Globo Fake<\/strong><\/h2>\n<p>A Rede Globo lan\u00e7ou uma campanha para combater fake news. Logo ela que espalhou v\u00e1rias not\u00edcias falsas, como atribuir a propriedade do triplex a Lula. Logo ela que ajudou a implementar o impeachment divulgando not\u00edcias falsas e induzindo o povo a ficar contra Dilma. Logo ela que n\u00e3o deu uma linha sobre not\u00edcias verdadeiras como as den\u00fancias contra Moro formuladas pelo ex-advogado da Odebrecht, Tacla Duran. Logo ela que n\u00e3o de uma linha sobre o Festival Lula Livre ocorrido s\u00e1bado nos Arcos da Lapa, no Rio de Janeiro.<\/p>\n<h2><strong>Lula Livre<\/strong><\/h2>\n<p><a href=\"https:\/\/maisro.com.br\/coluna-do-rk-bastidores-da-politica-nacional-e-regional-46\/moro_lemonde_lula-600x312\/\" rel=\"attachment wp-att-54619\"><img data-recalc-dims=\"1\" loading=\"lazy\" decoding=\"async\" class=\"size-full wp-image-54619 aligncenter td-animation-stack-type0-2\" src=\"https:\/\/i0.wp.com\/maisro.com.br\/wp-content\/uploads\/2018\/07\/moro_lemonde_lula-600x312.jpg?resize=600%2C312&#038;ssl=1\" alt=\"\" width=\"600\" height=\"312\" \/><\/a>O ex-presidente Lula s\u00f3 est\u00e1 preso porque continua em primeiro lugar em todas as pesquisas. \u00c9 o golpe em cima de outro golpe. Que regime prenderia um l\u00edder nas pesquisas para que ele n\u00e3o dispute as elei\u00e7\u00f5es. Democracia? N\u00e3o! Ditadura sim. Vivemos sob uma ditadura disfar\u00e7ada de democracia.<\/p>\n<h3><strong>Rede faz conven\u00e7\u00e3o dia 3<\/strong><\/h3>\n<p><a href=\"https:\/\/maisro.com.br\/coluna-do-rk-bastidores-da-politica-nacional-e-regional-46\/whatsapp-image-2018-07-28-at-10-53-45\/\" rel=\"attachment wp-att-54625\"><img data-recalc-dims=\"1\" loading=\"lazy\" decoding=\"async\" class=\"alignleft size-full wp-image-54625 td-animation-stack-type0-2\" src=\"https:\/\/i0.wp.com\/maisro.com.br\/wp-content\/uploads\/2018\/07\/WhatsApp-Image-2018-07-28-at-10.53.45.jpeg?resize=600%2C450&#038;ssl=1\" sizes=\"auto, (max-width: 1280px) 100vw, 1280px\" srcset=\"https:\/\/maisro.com.br\/wp-content\/uploads\/2018\/07\/WhatsApp-Image-2018-07-28-at-10.53.45.jpeg 1280w, https:\/\/maisro.com.br\/wp-content\/uploads\/2018\/07\/WhatsApp-Image-2018-07-28-at-10.53.45-960x720.jpeg 960w, https:\/\/maisro.com.br\/wp-content\/uploads\/2018\/07\/WhatsApp-Image-2018-07-28-at-10.53.45-80x60.jpeg 80w, https:\/\/maisro.com.br\/wp-content\/uploads\/2018\/07\/WhatsApp-Image-2018-07-28-at-10.53.45-265x198.jpeg 265w, https:\/\/maisro.com.br\/wp-content\/uploads\/2018\/07\/WhatsApp-Image-2018-07-28-at-10.53.45-696x522.jpeg 696w, https:\/\/maisro.com.br\/wp-content\/uploads\/2018\/07\/WhatsApp-Image-2018-07-28-at-10.53.45-1068x801.jpeg 1068w, https:\/\/maisro.com.br\/wp-content\/uploads\/2018\/07\/WhatsApp-Image-2018-07-28-at-10.53.45-560x420.jpeg 560w\" alt=\"\" width=\"600\" height=\"450\" \/><\/a>A Rede Sustentabilidade de Rond\u00f4nia realiza sua conven\u00e7\u00e3o no pr\u00f3ximo dia 3 de agosto. O nome de Vin\u00edcius Miguel dever\u00e1 ser homologado. A rede ter\u00e1 candidatos em todos os n\u00edveis. Para o Senado, Alu\u00edzio Vida; para deputado federal, Almir Suru\u00ed, Olakson Pedrosa; para estadual, Tiago Lins de Lima.<\/p>\n<h3><strong>MDB mulher lan\u00e7a transexual<\/strong><\/h3>\n<p>&nbsp;<\/p>\n<p>Enquanto as mulheres de verdade se esquivam ou s\u00e3o desestimuldas a participar da pol\u00edtica, a transexual Loren Alexsandre, 58, conhecida como \u201cLoren Rainha do Bu\u00e1\u201d, presidente do Movimento de Gays, travestis e transformistas (MGTT), \u00e9 pr\u00e9-candidata a deputada estadual pelo Rio de Janeiro, representando a sigla MDB Mulher. Loren Rainha do Bu\u00e1 \u00e9 respons\u00e1vel h\u00e1 18 anos pela organiza\u00e7\u00e3o da Parada LGBTI de Madureira, na Zona Norte do Rio, que neste ano levou como tema: \u201cVote certo para n\u00e3o chorar. Queremos renova\u00e7\u00e3o j\u00e1\u201d.<\/p>\n<h3><strong>Mulher not\u00e1vel<\/strong><\/h3>\n<p><a href=\"https:\/\/maisro.com.br\/coluna-do-rk-bastidores-da-politica-nacional-e-regional-46\/povo\/\" rel=\"attachment wp-att-54622\"><img data-recalc-dims=\"1\" loading=\"lazy\" decoding=\"async\" class=\"alignleft size-full wp-image-54622 td-animation-stack-type0-2\" src=\"https:\/\/i0.wp.com\/maisro.com.br\/wp-content\/uploads\/2018\/07\/povo.jpg?resize=600%2C433&#038;ssl=1\" sizes=\"auto, (max-width: 960px) 100vw, 960px\" srcset=\"https:\/\/maisro.com.br\/wp-content\/uploads\/2018\/07\/povo.jpg 960w, https:\/\/maisro.com.br\/wp-content\/uploads\/2018\/07\/povo-324x235.jpg 324w, https:\/\/maisro.com.br\/wp-content\/uploads\/2018\/07\/povo-696x502.jpg 696w, https:\/\/maisro.com.br\/wp-content\/uploads\/2018\/07\/povo-583x420.jpg 583w\" alt=\"\" width=\"600\" height=\"433\" \/><\/a>A blogueira e ativista social, Luciana Oliveira, \u00e9 oficialmente candidata a deputada estadual pelo PSB. Ontem ela deu um show de simpatina durante a conven\u00e7\u00e3o do PDT-PSB. A preocupa\u00e7\u00e3o dela, por\u00e9m, \u00e9 com o quociente eleitoral. Ter\u00e1 que fazer mais de 10 mil votos para se eleger. Vai conseguir. Mulher, vota em mulher. Falando em mulher, pouqu\u00edssimas candidatas nestas elei\u00e7\u00f5es em Rond\u00f4nia. A lei eleitoral obriga a pelo menos 30% do sexo feminino na disputa.<\/p>\n<h3><strong>Morte de jornalistas<\/strong><\/h3>\n<p>Rond\u00f4nia n\u00e3o \u00e9 terra boa para jornalistas, radialistas e ativistas viveram com seguran\u00e7a. V\u00e1rios foram assassinados. A maioria dos profissionais foram assassinados por pol\u00edticos. Por exemplo, hoje, a pol\u00edcia prendeu vereadores e secret\u00e1rios e suspeitos de mandar matar radialista Hamilton Alves.\u00a0A Policia Civil de Rond\u00f4nia, atrav\u00e9s da Delegacias de Homic\u00eddios de Ji-Paran\u00e1 e de Jaru, com o apoio do Minist\u00e9rio P\u00fablico, deflagraram nesta segunda-feira (30) a Opera\u00e7\u00e3o \u201cAbrindo o Jogo\u201d, e neste momento est\u00e3o sendo cumpridos 10 mandados de pris\u00e3o e 15 mandados de busca. Dentre os presos h\u00e1 vereadores, secret\u00e1ria de Educa\u00e7\u00e3o e empres\u00e1rios do munic\u00edpio de Governador Jorge Teixeira e Jaru. O crime est\u00e1 relacionado a tentativa de homic\u00eddio do radialista Hamilton, ocorrido dia 20 de abril de 2018, al\u00e9m de corrup\u00e7\u00e3o, associa\u00e7\u00e3o criminosa, peculato, fraude a licita\u00e7\u00e3o, envolvendo o transporte escolar. Hamilton Alves sofre uma emboscada no dia 20 de mar\u00e7o praticada por dois homens em uma motocicleta, e ser atingido por v\u00e1rios tiros. Hamilton Alves apresenta o programa Abrindo o Jogo pela R\u00e1dio Nova Jaru FM (94,1) foi socorrido ao HM de Jaru, recebeu os primeiros socorros, foi entubado momentaneamente, e foi necess\u00e1ria a transfus\u00e3o de tr\u00eas bolsas de sangue antes de ele ser removido para a Capital do Estado, ao Hospital Jo\u00e3o Paulo II.\u00a0<strong>Fonte: Correio Central.<\/strong><\/p>\n<p>&nbsp;<\/p>\n<h3><strong>(*) Roberto Kupp\u00ea \u00e9 jornalista e articulista pol\u00edtico<\/strong><\/h3>\n<p>&nbsp;<\/p>\n","protected":false},"excerpt":{"rendered":"<p>Coluna di\u00e1ria Devido \u00e0s proximidades das elei\u00e7\u00f5es e do crescimento da demanda de not\u00edcias, a Coluna do RK passa a ser di\u00e1ria. Informa\u00e7\u00f5es, sugest\u00f5es e cr\u00edticas para\u00a0rkuppe@gmail.com.<\/p>\n","protected":false},"author":1,"featured_media":18730,"comment_status":"closed","ping_status":"open","sticky":false,"template":"","format":"standard","meta":{"_exactmetrics_skip_tracking":false,"_exactmetrics_sitenote_active":false,"_exactmetrics_sitenote_note":"","_exactmetrics_sitenote_category":0,"jetpack_post_was_ever_published":false,"_jetpack_newsletter_access":"","_jetpack_dont_email_post_to_subs":false,"_jetpack_newsletter_tier_id":0,"_jetpack_memberships_contains_paywalled_content":false,"_jetpack_memberships_contains_paid_content":false,"footnotes":"","jetpack_publicize_message":"","jetpack_publicize_feature_enabled":true,"jetpack_social_post_already_shared":true,"jetpack_social_options":{"image_generator_settings":{"template":"highway","enabled":false},"version":2}},"categories":[1],"tags":[],"class_list":["post-18729","post","type-post","status-publish","format-standard","has-post-thumbnail","hentry","category-notas"],"jetpack_publicize_connections":[],"jetpack_sharing_enabled":true,"jetpack_featured_media_url":"https:\/\/i0.wp.com\/blogdalucianaoliveira.com.br\/blog\/wp-content\/uploads\/2018\/07\/lui.jpg?fit=960%2C369","jetpack_shortlink":"https:\/\/wp.me\/p7wKYW-4S5","jetpack-related-posts":[],"_links":{"self":[{"href":"http:\/\/blogdalucianaoliveira.com.br\/blog\/wp-json\/wp\/v2\/posts\/18729","targetHints":{"allow":["GET"]}}],"collection":[{"href":"http:\/\/blogdalucianaoliveira.com.br\/blog\/wp-json\/wp\/v2\/posts"}],"about":[{"href":"http:\/\/blogdalucianaoliveira.com.br\/blog\/wp-json\/wp\/v2\/types\/post"}],"author":[{"embeddable":true,"href":"http:\/\/blogdalucianaoliveira.com.br\/blog\/wp-json\/wp\/v2\/users\/1"}],"replies":[{"embeddable":true,"href":"http:\/\/blogdalucianaoliveira.com.br\/blog\/wp-json\/wp\/v2\/comments?post=18729"}],"version-history":[{"count":1,"href":"http:\/\/blogdalucianaoliveira.com.br\/blog\/wp-json\/wp\/v2\/posts\/18729\/revisions"}],"predecessor-version":[{"id":18731,"href":"http:\/\/blogdalucianaoliveira.com.br\/blog\/wp-json\/wp\/v2\/posts\/18729\/revisions\/18731"}],"wp:featuredmedia":[{"embeddable":true,"href":"http:\/\/blogdalucianaoliveira.com.br\/blog\/wp-json\/wp\/v2\/media\/18730"}],"wp:attachment":[{"href":"http:\/\/blogdalucianaoliveira.com.br\/blog\/wp-json\/wp\/v2\/media?parent=18729"}],"wp:term":[{"taxonomy":"category","embeddable":true,"href":"http:\/\/blogdalucianaoliveira.com.br\/blog\/wp-json\/wp\/v2\/categories?post=18729"},{"taxonomy":"post_tag","embeddable":true,"href":"http:\/\/blogdalucianaoliveira.com.br\/blog\/wp-json\/wp\/v2\/tags?post=18729"}],"curies":[{"name":"wp","href":"https:\/\/api.w.org\/{rel}","templated":true}]}}