{"id":18732,"date":"2018-07-30T08:58:08","date_gmt":"2018-07-30T12:58:08","guid":{"rendered":"http:\/\/blogdalucianaoliveira.com.br\/blog\/?p=18732"},"modified":"2018-07-30T08:58:08","modified_gmt":"2018-07-30T12:58:08","slug":"esquiador-frances-desaparecido-desde-1954-e-identificado-com-ajuda-das-redes-sociais","status":"publish","type":"post","link":"http:\/\/blogdalucianaoliveira.com.br\/blog\/2018\/07\/30\/esquiador-frances-desaparecido-desde-1954-e-identificado-com-ajuda-das-redes-sociais\/","title":{"rendered":"Esquiador franc\u00eas desaparecido desde 1954 \u00e9 identificado com ajuda das redes sociais"},"content":{"rendered":"<p><img data-recalc-dims=\"1\" loading=\"lazy\" decoding=\"async\" data-attachment-id=\"18733\" data-permalink=\"http:\/\/blogdalucianaoliveira.com.br\/blog\/2018\/07\/30\/esquiador-frances-desaparecido-desde-1954-e-identificado-com-ajuda-das-redes-sociais\/l-3\/\" data-orig-file=\"https:\/\/i0.wp.com\/blogdalucianaoliveira.com.br\/blog\/wp-content\/uploads\/2018\/07\/l.jpg?fit=696%2C392\" data-orig-size=\"696,392\" data-comments-opened=\"0\" data-image-meta=\"{&quot;aperture&quot;:&quot;0&quot;,&quot;credit&quot;:&quot;&quot;,&quot;camera&quot;:&quot;&quot;,&quot;caption&quot;:&quot;&quot;,&quot;created_timestamp&quot;:&quot;0&quot;,&quot;copyright&quot;:&quot;&quot;,&quot;focal_length&quot;:&quot;0&quot;,&quot;iso&quot;:&quot;0&quot;,&quot;shutter_speed&quot;:&quot;0&quot;,&quot;title&quot;:&quot;&quot;,&quot;orientation&quot;:&quot;0&quot;}\" data-image-title=\"l\" data-image-description=\"\" data-image-caption=\"\" data-medium-file=\"https:\/\/i0.wp.com\/blogdalucianaoliveira.com.br\/blog\/wp-content\/uploads\/2018\/07\/l.jpg?fit=300%2C169\" data-large-file=\"https:\/\/i0.wp.com\/blogdalucianaoliveira.com.br\/blog\/wp-content\/uploads\/2018\/07\/l.jpg?fit=600%2C338\" class=\"alignnone size-full wp-image-18733\" src=\"https:\/\/i0.wp.com\/blogdalucianaoliveira.com.br\/blog\/wp-content\/uploads\/2018\/07\/l.jpg?resize=600%2C338\" alt=\"l\" width=\"600\" height=\"338\" srcset=\"https:\/\/i0.wp.com\/blogdalucianaoliveira.com.br\/blog\/wp-content\/uploads\/2018\/07\/l.jpg?w=696 696w, https:\/\/i0.wp.com\/blogdalucianaoliveira.com.br\/blog\/wp-content\/uploads\/2018\/07\/l.jpg?resize=300%2C169 300w, https:\/\/i0.wp.com\/blogdalucianaoliveira.com.br\/blog\/wp-content\/uploads\/2018\/07\/l.jpg?resize=533%2C300 533w\" sizes=\"auto, (max-width: 600px) 100vw, 600px\" \/><\/p>\n<p class=\"story-body__introduction\">Na BBC &#8211; Um esquiador franc\u00eas que desapareceu na It\u00e1lia h\u00e1 mais de 60 anos foi identificado depois que sua hist\u00f3ria foi compartilhada nas\u00a0<a class=\"story-body__link\" href=\"https:\/\/www.bbc.co.uk\/portuguese\/topics\/ea2c5d34-4279-4e06-b69a-e699321d7f9f\">redes sociais<\/a>.<\/p>\n<p>Em 2005, a pol\u00edcia italiana encontrou restos mortais, equipamentos de esqui e um par de \u00f3culos, no alto de um vale na regi\u00e3o da Aosta.<!--more--><\/p>\n<p>Mas os investigadores n\u00e3o conseguiram identificar a v\u00edtima e, no m\u00eas passado, decidiram divulgar a descoberta no Facebook.<\/p>\n<p>Foi ent\u00e3o que uma fam\u00edlia francesa desconfiou que poderia ser um parente seu: Henri Le Masne.<\/p>\n<h2 class=\"story-body__crosshead\">Pistas<\/h2>\n<p>Os pertences foram achados a 3 mil metros de altura nos Alpes, perto da fronteira com a Su\u00ed\u00e7a.<\/p>\n<div id=\"comp-pattern-library\" class=\"distinct-component-group container-parrot\">\n<div class=\"story-body\">\n<div class=\"story-body__inner\">\n<p>Havia algumas pistas sobre a identidade da v\u00edtima &#8211; como roupas bordadas com iniciais e esquis de madeira -, mas a pol\u00edcia n\u00e3o conseguia dar um desfecho ao caso.<\/p>\n<p>Os investigadores deduziram que os restos mortais pertenciam a um homem de 30 anos, com aproximadamente 1,75m de altura.<\/p>\n<p>Tamb\u00e9m conclu\u00edram que a morte teria ocorrido provavelmente na primavera, segundo Marinella Laporta, investigadora da unidade de pol\u00edcia forense em Turim.<\/p>\n<figure class=\"media-landscape has-caption full-width\"><span class=\"image-and-copyright-container\"><img data-recalc-dims=\"1\" loading=\"lazy\" decoding=\"async\" class=\"responsive-image__img js-image-replace\" src=\"https:\/\/i0.wp.com\/ichef.bbci.co.uk\/news\/624\/cpsprodpb\/2DAE\/production\/_102749611_hi048404571.jpg?resize=600%2C338&#038;ssl=1\" alt=\"Investigadores analisam dente do esquiador\" width=\"600\" height=\"338\" data-highest-encountered-width=\"624\" \/><span class=\"off-screen\">Direito de imagem<\/span><span class=\"story-image-copyright\">GETTY IMAGES<\/span><\/span><figcaption class=\"media-caption\"><span class=\"off-screen\">Image caption<\/span><span class=\"media-caption__text\">Teste de DNA confirmou a identifica\u00e7\u00e3o do esquiador franc\u00eas<\/span><\/figcaption><\/figure>\n<p>Em junho, eles compartilharam o resultado da investiga\u00e7\u00e3o nas redes sociais, com um apelo para que os leitores divulgassem a informa\u00e7\u00e3o, especialmente na Fran\u00e7a e na Su\u00ed\u00e7a.<\/p>\n<p>A hist\u00f3ria foi ent\u00e3o reproduzida por v\u00e1rios meios de comunica\u00e7\u00e3o na Fran\u00e7a.<\/p>\n<div class=\"social-embed\">\n<div class=\"social-embed-post social-embed-twitter\">\n<div class=\"embed embed-twitter\">\n<div class=\"embed-region\"><a class=\"off-screen jump-link\" href=\"https:\/\/www.bbc.com\/portuguese\/salasocial-45004200#jump-linkhttps:\/\/twitter.com\/poliziadistato\/status\/1023486391873925120\">Pule Twitter post de @poliziadistato<\/a><\/p>\n<div class=\"twitter-wrap\">\n<div class=\"SandboxRoot env-bp-350\" data-twitter-event-id=\"0\">\n<div id=\"twitter-widget-0\" class=\"EmbeddedTweet EmbeddedTweet--edge js-clickToOpenTarget tweet-InformationCircle-widgetParent\" lang=\"pt\" data-click-to-open-target=\"https:\/\/twitter.com\/poliziadistato\/status\/1023486391873925120\" data-iframe-title=\"Tweet do Twitter\" data-dt-full=\"%{hours24}: %{minutes} - %{day} %{month} %{year} \" data-dt-explicit-timestamp=\"04:32 - 29 de jul de 2018\" data-dt-months=\"jan|fev|mar|abr|maio|jun|jul|ago|set|out|nov|dez\" data-dt-am=\"AM\" data-dt-pm=\"PM\" data-dt-now=\"agora\" data-dt-s=\"s\" data-dt-m=\"m\" data-dt-h=\"h\" data-dt-second=\"segundo\" data-dt-seconds=\"segundos\" data-dt-minute=\"minuto\" data-dt-minutes=\"minutos\" data-dt-hour=\"hora\" data-dt-hours=\"horas\" data-dt-abbr=\"%{number}%{symbol}\" data-dt-short=\"%{day} %{month}\" data-dt-long=\"%{day} %{month} %{year}\" data-scribe=\"page:tweet\" data-twitter-event-id=\"1\">\n<div class=\"EmbeddedTweet-tweet\">\n<blockquote class=\"Tweet h-entry js-tweetIdInfo subject expanded\" cite=\"https:\/\/twitter.com\/poliziadistato\/status\/1023486391873925120\" data-tweet-id=\"1023486391873925120\" data-scribe=\"section:subject\">\n<div class=\"Tweet-header\"><a class=\"TweetAuthor-avatar  Identity-avatar u-linkBlend\" href=\"https:\/\/twitter.com\/poliziadistato\" data-scribe=\"element:user_link\"><img data-recalc-dims=\"1\" decoding=\"async\" class=\"Avatar Avatar--edge\" src=\"https:\/\/i0.wp.com\/pbs.twimg.com\/profile_images\/986942595694841857\/88DHLFdZ_normal.jpg?w=600&#038;ssl=1\" alt=\"\" data-scribe=\"element:avatar\" data-src-2x=\"https:\/\/pbs.twimg.com\/profile_images\/986942595694841857\/88DHLFdZ_bigger.jpg\" data-src-1x=\"https:\/\/pbs.twimg.com\/profile_images\/986942595694841857\/88DHLFdZ_normal.jpg\" \/><\/a><\/p>\n<div class=\"TweetAuthor js-inViewportScribingTarget\" data-scribe=\"component:author\">\n<div class=\"TweetAuthor-nameScreenNameContainer\"><span class=\"TweetAuthor-decoratedName\"><span class=\"TweetAuthor-name Identity-name customisable-highlight\" title=\"Polizia di Stato\" data-scribe=\"element:name\">Polizia di Stato<\/span><\/span><\/p>\n<div class=\"Icon Icon--verified \" title=\"Conta Verificada\"><\/div>\n<p><span class=\"TweetAuthor-decoratedName\"><span class=\"TweetAuthor-verifiedBadge\" data-scribe=\"element:verified_badge\"><b class=\"u-hiddenVisually\">\u2714<\/b><\/span><\/span><span class=\"TweetAuthor-screenName Identity-screenName\" dir=\"ltr\" title=\"@poliziadistato\" data-scribe=\"element:screen_name\">@poliziadistato<\/span><\/div>\n<\/div>\n<div class=\"Tweet-brand\"><\/div>\n<\/div>\n<div class=\"Tweet-body e-entry-content\" data-scribe=\"component:tweet\">\n<div class=\"u-hiddenVisually js-inViewportScribingTarget\"><\/div>\n<p class=\"Tweet-text e-entry-title\" dir=\"ltr\" lang=\"it\">Tutto era iniziato nel 2005, con il ritrovamento dei resti di uno sciatore sul Cervino.<br \/>\nPochi oggetti intorno al corpo facevano supporre che la persona, un uomo, avesse perso la vita durante una discesa con gli sci <a class=\"link customisable\" dir=\"ltr\" title=\"https:\/\/www.poliziadistato.it\/articolo\/225b5c3385448fc247304832\" href=\"https:\/\/t.co\/adehCmuSre\" target=\"_blank\" rel=\"nofollow noopener\" data-expanded-url=\"https:\/\/www.poliziadistato.it\/articolo\/225b5c3385448fc247304832\" data-scribe=\"element:url\"><span class=\"u-hiddenVisually\">https:\/\/www.<\/span>poliziadistato.it\/articolo\/225b5<span class=\"u-hiddenVisually\">c3385448fc247304832\u00a0<\/span>\u2026<\/a><\/p>\n<div class=\"Tweet-metadata dateline\"><a class=\"u-linkBlend u-url customisable-highlight long-permalink\" href=\"https:\/\/twitter.com\/poliziadistato\/status\/1023486391873925120\" data-datetime=\"2018-07-29T08:32:25+0000\" data-scribe=\"element:full_timestamp\"><time class=\"dt-updated\" title=\"Hor\u00e1rio da publica\u00e7\u00e3o: 29 de julho de 2018 08:32:25 (UTC)\" datetime=\"2018-07-29T08:32:25+0000\">04:32 &#8211; 29 de jul de 2018<\/time><\/a><\/div>\n<div class=\"Tweet-card\">\n<div class=\"PrerenderedCard is-constrainedByMaxWidth is-loaded\" data-card-name=\"summary_large_image\" data-css=\"https:\/\/ton.twimg.com\/tfw\/css\/syndication_bundle_v1_b6ca60da9b93228ca492958b7d1b0b6a37402f5e.css\" data-scribe=\"component:card\">\n<div class=\"TwitterCardsGrid TwitterCard\">\n<div class=\"TwitterCardsGrid-col--12 TwitterCardsGrid-col--spacerBottom CardContent\">\n<div class=\"SummaryCard-image TwitterCardsGrid-col--12\">\n<div class=\"tcu-imageContainer tcu-imageAspect--2to1\">\n<div class=\"tcu-imageWrapper tcu-image-1023486391873925120 js-cspForcedStyle\" data-style=\"background-image: url(https:\/\/pbs.twimg.com\/card_img\/1023486342163034112\/E1L3-He4?format=jpg&amp;name=600x314); background-size: cover;\"><img decoding=\"async\" class=\"u-block\" src=\"https:\/\/pbs.twimg.com\/card_img\/1023486342163034112\/E1L3-He4?format=jpg&amp;name=600x314\" alt=\"sci\" \/><\/div>\n<\/div>\n<\/div>\n<div class=\"SummaryCard-contentContainer TwitterCardsGrid-col--12\">\n<div class=\"SummaryCard-content TwitterCardsGrid-ltr\">\n<h2 class=\"TwitterCard-title js-cardClick tcu-textEllipse--multiline\" dir=\"ltr\">Identificato lo sciatore sconosciuto grazie ai social della Polizia<\/h2>\n<p class=\"tcu-resetMargin u-block TwitterCardsGrid-col--spacerTop tcu-textEllipse--multiline\" dir=\"ltr\">\u00c8 stato il\u00a0mistero dell\u2019estate,\u00a0una di quelle storie da seguire sotto l\u2019ombrellone o da leggere in un romanzo. Tutto era iniziato\u2026<\/p>\n<p><span class=\"u-block TwitterCardsGrid-col--spacerTop SummaryCard-destination\" dir=\"ltr\">poliziadistato.it<\/span><\/div>\n<\/div>\n<\/div>\n<\/div>\n<\/div>\n<\/div>\n<ul class=\"Tweet-actions Tweet-action--newsActions\" data-scribe=\"component:actions\">\n<li class=\"Tweet-action Tweet-action--newsAction\">\n<div class=\"Icon Icon--heartEdge TweetAction-icon\" data-scribe=\"element:heart\"><\/div>\n<p><a class=\"Tweet-action--heart TweetAction TweetAction--heartEdge\" title=\"Curtiu\" href=\"https:\/\/twitter.com\/intent\/like?tweet_id=1023486391873925120\" data-scribe=\"component:actions\"><span class=\"TweetAction-stat\" data-scribe=\"element:heart_count\">208<\/span><\/a><\/li>\n<li class=\"Tweet-action Tweet-action--newsAction\">\n<div class=\"Icon Icon--replyEdge TweetAction-icon\" data-scribe=\"element:conversation_icon\"><\/div>\n<p><a class=\"Tweet-action--replyEdge TweetAction TweetAction--replyEdge\" title=\"Ver a conversa no Twitter\" href=\"https:\/\/twitter.com\/poliziadistato\/status\/1023486391873925120\" data-scribe=\"component:news\"><span class=\"TweetAction-stat\" data-scribe=\"element:conversation_text\">78 pessoas est\u00e3o falando sobre isso<\/span><\/a><\/li>\n<\/ul>\n<\/div>\n<\/blockquote>\n<\/div>\n<div class=\"tweet-InformationCircle--bottom tweet-InformationCircle\" data-scribe=\"element:notice\"><a class=\"Icon Icon--informationCircleWhite js-inViewportScribingTarget\" title=\"Informa\u00e7\u00f5es e privacidade no Twitter Ads\" href=\"https:\/\/support.twitter.com\/articles\/20175256\"><span class=\"u-hiddenVisually\">Informa\u00e7\u00f5es e privacidade no Twitter Ads<\/span><\/a><\/div>\n<\/div>\n<div class=\"resize-sensor\"><\/div>\n<\/div>\n<\/div>\n<p id=\"jump-linkhttps:\/\/twitter.com\/poliziadistato\/status\/1023486391873925120\" class=\"off-screen\" tabindex=\"-1\">Final de Twitter post de @poliziadistato<\/p>\n<\/div>\n<\/div>\n<\/div>\n<\/div>\n<figure class=\"media-landscape no-caption full-width\"><span class=\"image-and-copyright-container\"><img data-recalc-dims=\"1\" loading=\"lazy\" decoding=\"async\" class=\"responsive-image__img js-image-replace\" src=\"https:\/\/i0.wp.com\/ichef.bbci.co.uk\/news\/624\/cpsprodpb\/604B\/production\/_97415642_007_in_numbers_624.png?resize=600%2C1&#038;ssl=1\" alt=\"Presentational white space\" width=\"600\" height=\"1\" data-highest-encountered-width=\"624\" \/><\/span><\/figure>\n<p>Emma Nassem sobe do caso pela esta\u00e7\u00e3o de r\u00e1dio local e se perguntou se o homem n\u00e3o identificado poderia ser seu tio Henri Le Masne, que desapareceu ap\u00f3s esquiar durante uma tempestade perto do Matterhorn, na fronteira com a Su\u00ed\u00e7a, em mar\u00e7o de 1954.<\/p>\n<p>O irm\u00e3o mais novo dele, Roger, agora com 94 anos, escreveu um email \u00e0s autoridades descrevendo Le Masne.<\/p>\n<p>&#8220;Eu sou irm\u00e3o de Henri Le Masne&#8230; que provavelmente \u00e9 o esquiador que desapareceu h\u00e1 64 anos. Ele era solteiro e bastante independente. Trabalhou no Minist\u00e9rio das Finan\u00e7as em Paris&#8221;, dizia um trecho da mensagem.<\/p>\n<p>Segundo a pol\u00edcia, uma fotografia fornecida pela fam\u00edlia mostrou que o par de \u00f3culos usado por Le Masne era igual ao que foi encontrado pelos investigadores nos Alpes.<\/p>\n<p>Um teste de DNA realizado na sequ\u00eancia confirmou a identifica\u00e7\u00e3o do esquiador.<\/p>\n<\/div>\n<\/div>\n<div class=\"tags-container\"><\/div>\n<\/div>\n","protected":false},"excerpt":{"rendered":"<p>Na BBC &#8211; Um esquiador franc\u00eas que desapareceu na It\u00e1lia h\u00e1 mais de 60 anos foi identificado depois que sua hist\u00f3ria foi compartilhada nas\u00a0redes sociais. Em 2005, a pol\u00edcia italiana encontrou restos mortais, equipamentos de esqui e um par de \u00f3culos, no alto de um vale na regi\u00e3o da Aosta.<\/p>\n","protected":false},"author":1,"featured_media":0,"comment_status":"closed","ping_status":"open","sticky":false,"template":"","format":"standard","meta":{"_exactmetrics_skip_tracking":false,"_exactmetrics_sitenote_active":false,"_exactmetrics_sitenote_note":"","_exactmetrics_sitenote_category":0,"jetpack_post_was_ever_published":false,"_jetpack_newsletter_access":"","_jetpack_dont_email_post_to_subs":false,"_jetpack_newsletter_tier_id":0,"_jetpack_memberships_contains_paywalled_content":false,"_jetpack_memberships_contains_paid_content":false,"footnotes":"","jetpack_publicize_message":"","jetpack_publicize_feature_enabled":true,"jetpack_social_post_already_shared":true,"jetpack_social_options":{"image_generator_settings":{"template":"highway","enabled":false},"version":2}},"categories":[1],"tags":[],"class_list":["post-18732","post","type-post","status-publish","format-standard","hentry","category-notas"],"jetpack_publicize_connections":[],"jetpack_sharing_enabled":true,"jetpack_featured_media_url":"","jetpack_shortlink":"https:\/\/wp.me\/p7wKYW-4S8","jetpack-related-posts":[],"_links":{"self":[{"href":"http:\/\/blogdalucianaoliveira.com.br\/blog\/wp-json\/wp\/v2\/posts\/18732","targetHints":{"allow":["GET"]}}],"collection":[{"href":"http:\/\/blogdalucianaoliveira.com.br\/blog\/wp-json\/wp\/v2\/posts"}],"about":[{"href":"http:\/\/blogdalucianaoliveira.com.br\/blog\/wp-json\/wp\/v2\/types\/post"}],"author":[{"embeddable":true,"href":"http:\/\/blogdalucianaoliveira.com.br\/blog\/wp-json\/wp\/v2\/users\/1"}],"replies":[{"embeddable":true,"href":"http:\/\/blogdalucianaoliveira.com.br\/blog\/wp-json\/wp\/v2\/comments?post=18732"}],"version-history":[{"count":1,"href":"http:\/\/blogdalucianaoliveira.com.br\/blog\/wp-json\/wp\/v2\/posts\/18732\/revisions"}],"predecessor-version":[{"id":18734,"href":"http:\/\/blogdalucianaoliveira.com.br\/blog\/wp-json\/wp\/v2\/posts\/18732\/revisions\/18734"}],"wp:attachment":[{"href":"http:\/\/blogdalucianaoliveira.com.br\/blog\/wp-json\/wp\/v2\/media?parent=18732"}],"wp:term":[{"taxonomy":"category","embeddable":true,"href":"http:\/\/blogdalucianaoliveira.com.br\/blog\/wp-json\/wp\/v2\/categories?post=18732"},{"taxonomy":"post_tag","embeddable":true,"href":"http:\/\/blogdalucianaoliveira.com.br\/blog\/wp-json\/wp\/v2\/tags?post=18732"}],"curies":[{"name":"wp","href":"https:\/\/api.w.org\/{rel}","templated":true}]}}