{"id":18735,"date":"2018-07-30T09:38:40","date_gmt":"2018-07-30T13:38:40","guid":{"rendered":"http:\/\/blogdalucianaoliveira.com.br\/blog\/?p=18735"},"modified":"2018-07-30T09:38:40","modified_gmt":"2018-07-30T13:38:40","slug":"a-vez-do-povo-ter-voz","status":"publish","type":"post","link":"http:\/\/blogdalucianaoliveira.com.br\/blog\/2018\/07\/30\/a-vez-do-povo-ter-voz\/","title":{"rendered":"A vez do povo ter voz"},"content":{"rendered":"<p><img data-recalc-dims=\"1\" loading=\"lazy\" decoding=\"async\" data-attachment-id=\"18730\" data-permalink=\"http:\/\/blogdalucianaoliveira.com.br\/blog\/2018\/07\/30\/coluna-do-rk-bastidores-da-politica-nacional-e-regional\/lui-3\/\" data-orig-file=\"https:\/\/i0.wp.com\/blogdalucianaoliveira.com.br\/blog\/wp-content\/uploads\/2018\/07\/lui.jpg?fit=960%2C369\" data-orig-size=\"960,369\" data-comments-opened=\"0\" data-image-meta=\"{&quot;aperture&quot;:&quot;0&quot;,&quot;credit&quot;:&quot;&quot;,&quot;camera&quot;:&quot;&quot;,&quot;caption&quot;:&quot;&quot;,&quot;created_timestamp&quot;:&quot;0&quot;,&quot;copyright&quot;:&quot;&quot;,&quot;focal_length&quot;:&quot;0&quot;,&quot;iso&quot;:&quot;0&quot;,&quot;shutter_speed&quot;:&quot;0&quot;,&quot;title&quot;:&quot;&quot;,&quot;orientation&quot;:&quot;0&quot;}\" data-image-title=\"lui\" data-image-description=\"\" data-image-caption=\"\" data-medium-file=\"https:\/\/i0.wp.com\/blogdalucianaoliveira.com.br\/blog\/wp-content\/uploads\/2018\/07\/lui.jpg?fit=300%2C115\" data-large-file=\"https:\/\/i0.wp.com\/blogdalucianaoliveira.com.br\/blog\/wp-content\/uploads\/2018\/07\/lui.jpg?fit=600%2C231\" class=\"alignnone size-full wp-image-18730\" src=\"https:\/\/i0.wp.com\/blogdalucianaoliveira.com.br\/blog\/wp-content\/uploads\/2018\/07\/lui.jpg?resize=600%2C231\" alt=\"lui\" width=\"600\" height=\"231\" srcset=\"https:\/\/i0.wp.com\/blogdalucianaoliveira.com.br\/blog\/wp-content\/uploads\/2018\/07\/lui.jpg?w=960 960w, https:\/\/i0.wp.com\/blogdalucianaoliveira.com.br\/blog\/wp-content\/uploads\/2018\/07\/lui.jpg?resize=300%2C115 300w, https:\/\/i0.wp.com\/blogdalucianaoliveira.com.br\/blog\/wp-content\/uploads\/2018\/07\/lui.jpg?resize=768%2C295 768w, https:\/\/i0.wp.com\/blogdalucianaoliveira.com.br\/blog\/wp-content\/uploads\/2018\/07\/lui.jpg?resize=780%2C300 780w\" sizes=\"auto, (max-width: 600px) 100vw, 600px\" \/><\/p>\n<div class=\"_1dwg _1w_m _q7o\">\n<div>\n<div class=\"_3x-2\" data-ft=\"{&quot;tn&quot;:&quot;H&quot;}\">\n<div>\n<div class=\"_5r69 _sds _1hvl\">\n<div class=\"mts\">\n<div class=\"mtm _5pcm\">\n<div class=\"mtm _5pco\" data-ft=\"{&quot;tn&quot;:&quot;K&quot;}\">\n<div id=\"id_5b5f145d645619895221266\" class=\"text_exposed_root text_exposed\">\n<p>Aquela hora que voc\u00ea chega num ponto que falta poucos metros pro topo.<\/p>\n<p>N\u00e3o h\u00e1 garantias, mas n\u00e3o d\u00e1 pra voltar.<\/p>\n<p>Seguir \u00e9 um dever!<!--more--><\/p>\n<div class=\"text_exposed_show\">\n<p>Porque minha candidatura a deputada estadual foi confirmada na conven\u00e7\u00e3o do PSB, avante!<\/p>\n<p>Dei duro pra conquistar a confian\u00e7a do meu povo e do meu partido.<\/p>\n<p>Daqui pra frente, um olhar diferente com a for\u00e7a do povo pra mudar.<\/p>\n<p>O que defendo fiz quest\u00e3o de demonstrar ao longo da minha vida.<\/p>\n<p>Quem me conhece me impulsiona com um apoio que chega como poesia. E quem n\u00e3o me conhece vai se surpreender com minhas propostas pra Rond\u00f4nia.<\/p>\n<p>Sou como uma Jatuarana ovada, s\u00f3 que carregada de sonhos e tamb\u00e9m de indigna\u00e7\u00e3o.<\/p>\n<p>N\u00e3o interrompam meu curso.<\/p>\n<p>Me deixem parir um novo ciclo na pol\u00edtica rondoniense.<\/p>\n<p><a class=\"profileLink\" href=\"https:\/\/www.facebook.com\/profile.php?id=100001399610668&amp;fref=mentions\" data-hovercard=\"\/ajax\/hovercard\/user.php?id=100001399610668&amp;extragetparams=%7B%22fref%22%3A%22mentions%22%7D\" data-hovercard-prefer-more-content-show=\"1\">Mauro Nazif<\/a>,\u00a0<a class=\"profileLink\" href=\"https:\/\/www.facebook.com\/jesualdo.pires.1?fref=mentions\" data-hovercard=\"\/ajax\/hovercard\/user.php?id=100003604380134&amp;extragetparams=%7B%22fref%22%3A%22mentions%22%7D\" data-hovercard-prefer-more-content-show=\"1\">Jesualdo Pires<\/a>, Daniel Pereira,\u00a0<a class=\"profileLink\" href=\"https:\/\/www.facebook.com\/cleiton.roque.40?fref=mentions\" data-hovercard=\"\/ajax\/hovercard\/user.php?id=100002599293938&amp;extragetparams=%7B%22fref%22%3A%22mentions%22%7D\" data-hovercard-prefer-more-content-show=\"1\">Cleiton Roque<\/a>\u00a0e todo o PSB, n\u00e3o tenho palavras pra agradecer a confian\u00e7a em meu nome.<\/p>\n<p>Aos companheiros de luta de outros partidos que me apoiam e revolucionam a forma de unir o campo democr\u00e1tico, meu sincero agradecimento.<\/p>\n<p>Foto\u00a0<a class=\"profileLink\" href=\"https:\/\/www.facebook.com\/tullio.nunes?fref=mentions\" data-hovercard=\"\/ajax\/hovercard\/user.php?id=100000402164749&amp;extragetparams=%7B%22fref%22%3A%22mentions%22%7D\" data-hovercard-prefer-more-content-show=\"1\">Tullio Nunes<\/a><\/p>\n<\/div>\n<\/div>\n<\/div>\n<\/div>\n<\/div>\n<\/div>\n<\/div>\n<\/div>\n<div><\/div>\n<\/div>\n<\/div>\n","protected":false},"excerpt":{"rendered":"<p>Aquela hora que voc\u00ea chega num ponto que falta poucos metros pro topo. N\u00e3o h\u00e1 garantias, mas n\u00e3o d\u00e1 pra voltar. Seguir \u00e9 um dever!<\/p>\n","protected":false},"author":1,"featured_media":0,"comment_status":"closed","ping_status":"open","sticky":false,"template":"","format":"standard","meta":{"_exactmetrics_skip_tracking":false,"_exactmetrics_sitenote_active":false,"_exactmetrics_sitenote_note":"","_exactmetrics_sitenote_category":0,"jetpack_post_was_ever_published":false,"_jetpack_newsletter_access":"","_jetpack_dont_email_post_to_subs":false,"_jetpack_newsletter_tier_id":0,"_jetpack_memberships_contains_paywalled_content":false,"_jetpack_memberships_contains_paid_content":false,"footnotes":"","jetpack_publicize_message":"","jetpack_publicize_feature_enabled":true,"jetpack_social_post_already_shared":true,"jetpack_social_options":{"image_generator_settings":{"template":"highway","enabled":false},"version":2}},"categories":[1],"tags":[],"class_list":["post-18735","post","type-post","status-publish","format-standard","hentry","category-notas"],"jetpack_publicize_connections":[],"jetpack_sharing_enabled":true,"jetpack_featured_media_url":"","jetpack_shortlink":"https:\/\/wp.me\/p7wKYW-4Sb","jetpack-related-posts":[],"_links":{"self":[{"href":"http:\/\/blogdalucianaoliveira.com.br\/blog\/wp-json\/wp\/v2\/posts\/18735","targetHints":{"allow":["GET"]}}],"collection":[{"href":"http:\/\/blogdalucianaoliveira.com.br\/blog\/wp-json\/wp\/v2\/posts"}],"about":[{"href":"http:\/\/blogdalucianaoliveira.com.br\/blog\/wp-json\/wp\/v2\/types\/post"}],"author":[{"embeddable":true,"href":"http:\/\/blogdalucianaoliveira.com.br\/blog\/wp-json\/wp\/v2\/users\/1"}],"replies":[{"embeddable":true,"href":"http:\/\/blogdalucianaoliveira.com.br\/blog\/wp-json\/wp\/v2\/comments?post=18735"}],"version-history":[{"count":1,"href":"http:\/\/blogdalucianaoliveira.com.br\/blog\/wp-json\/wp\/v2\/posts\/18735\/revisions"}],"predecessor-version":[{"id":18736,"href":"http:\/\/blogdalucianaoliveira.com.br\/blog\/wp-json\/wp\/v2\/posts\/18735\/revisions\/18736"}],"wp:attachment":[{"href":"http:\/\/blogdalucianaoliveira.com.br\/blog\/wp-json\/wp\/v2\/media?parent=18735"}],"wp:term":[{"taxonomy":"category","embeddable":true,"href":"http:\/\/blogdalucianaoliveira.com.br\/blog\/wp-json\/wp\/v2\/categories?post=18735"},{"taxonomy":"post_tag","embeddable":true,"href":"http:\/\/blogdalucianaoliveira.com.br\/blog\/wp-json\/wp\/v2\/tags?post=18735"}],"curies":[{"name":"wp","href":"https:\/\/api.w.org\/{rel}","templated":true}]}}