{"id":18737,"date":"2018-07-30T11:46:14","date_gmt":"2018-07-30T15:46:14","guid":{"rendered":"http:\/\/blogdalucianaoliveira.com.br\/blog\/?p=18737"},"modified":"2018-07-30T11:47:08","modified_gmt":"2018-07-30T15:47:08","slug":"jornalista-agrega-inedita-uniao-de-frentes-populares-e-multipartidarias","status":"publish","type":"post","link":"http:\/\/blogdalucianaoliveira.com.br\/blog\/2018\/07\/30\/jornalista-agrega-inedita-uniao-de-frentes-populares-e-multipartidarias\/","title":{"rendered":"Jornalista agrega in\u00e9dita uni\u00e3o de frentes populares e multipartid\u00e1rias"},"content":{"rendered":"<p><img data-recalc-dims=\"1\" decoding=\"async\" data-attachment-id=\"316\" data-permalink=\"http:\/\/blogdalucianaoliveira.com.br\/blog\/image-50\/\" data-orig-file=\"https:\/\/i0.wp.com\/blogdalucianaoliveira.com.br\/blog\/wp-content\/uploads\/2016\/05\/image-45.jpeg?fit=726%2C573\" data-orig-size=\"726,573\" data-comments-opened=\"0\" data-image-meta=\"{&quot;aperture&quot;:&quot;0&quot;,&quot;credit&quot;:&quot;&quot;,&quot;camera&quot;:&quot;&quot;,&quot;caption&quot;:&quot;&quot;,&quot;created_timestamp&quot;:&quot;0&quot;,&quot;copyright&quot;:&quot;&quot;,&quot;focal_length&quot;:&quot;0&quot;,&quot;iso&quot;:&quot;0&quot;,&quot;shutter_speed&quot;:&quot;0&quot;,&quot;title&quot;:&quot;&quot;,&quot;orientation&quot;:&quot;0&quot;}\" data-image-title=\"image\" data-image-description=\"\" data-image-caption=\"\" data-medium-file=\"https:\/\/i0.wp.com\/blogdalucianaoliveira.com.br\/blog\/wp-content\/uploads\/2016\/05\/image-45.jpeg?fit=300%2C237\" data-large-file=\"https:\/\/i0.wp.com\/blogdalucianaoliveira.com.br\/blog\/wp-content\/uploads\/2016\/05\/image-45.jpeg?fit=600%2C474\" class=\"alignnone size-full wp-image-316\" src=\"https:\/\/oespectadorcom.files.wordpress.com\/2018\/07\/02.jpg?w=600\" sizes=\"(max-width: 656px) 100vw, 656px\" srcset=\"https:\/\/oespectadorcom.files.wordpress.com\/2018\/07\/02.jpg?w=656 656w, https:\/\/oespectadorcom.files.wordpress.com\/2018\/07\/02.jpg?w=150 150w, https:\/\/oespectadorcom.files.wordpress.com\/2018\/07\/02.jpg?w=300 300w, https:\/\/oespectadorcom.files.wordpress.com\/2018\/07\/02.jpg?w=768 768w, https:\/\/oespectadorcom.files.wordpress.com\/2018\/07\/02.jpg?w=1024 1024w, https:\/\/oespectadorcom.files.wordpress.com\/2018\/07\/02.jpg 1280w\" alt=\"02\" data-attachment-id=\"316\" data-permalink=\"https:\/\/oespectador.com\/2018\/07\/30\/jornalista-agrega-inedita-uniao-de-frentes-populares-e-multipartidarias\/attachment\/02\/\" data-orig-file=\"https:\/\/oespectadorcom.files.wordpress.com\/2018\/07\/02.jpg?w=656\" data-orig-size=\"1280,853\" data-comments-opened=\"1\" data-image-meta=\"{&quot;aperture&quot;:&quot;0&quot;,&quot;credit&quot;:&quot;&quot;,&quot;camera&quot;:&quot;&quot;,&quot;caption&quot;:&quot;&quot;,&quot;created_timestamp&quot;:&quot;0&quot;,&quot;copyright&quot;:&quot;&quot;,&quot;focal_length&quot;:&quot;0&quot;,&quot;iso&quot;:&quot;0&quot;,&quot;shutter_speed&quot;:&quot;0&quot;,&quot;title&quot;:&quot;&quot;,&quot;orientation&quot;:&quot;1&quot;}\" data-image-title=\"02\" data-image-description=\"\" data-medium-file=\"https:\/\/oespectadorcom.files.wordpress.com\/2018\/07\/02.jpg?w=656?w=300\" data-large-file=\"https:\/\/oespectadorcom.files.wordpress.com\/2018\/07\/02.jpg?w=656?w=656\" \/><\/p>\n<p><em>Ativista Luciana Oliveira \u00e9 lan\u00e7ada oficialmente candidata a deputada estadual de Rond\u00f4nia pelo PSB<\/em><\/p>\n<p><strong>POR VINICIUS CANOVA<\/strong><\/p>\n<p><strong>Porto Velho, RO \u2013\u00a0<\/strong>A jornalista Luciana Oliveira, conhecida principalmente pelo contundente ativismo praticado atrav\u00e9s de seu blog independente, foi exaltada por in\u00fameros apoiadores durante a conven\u00e7\u00e3o do PSB, ocorrida na manh\u00e3 do \u00faltimo domingo (29) em Porto Velho.<\/p>\n<p>Al\u00e9m de confirmar sua candidatura a deputada estadual, Luciana agregou in\u00e9dito complemento ao unir diversas frentes populares e lideran\u00e7as ligadas a outros partidos do campo democr\u00e1tico.\u00a0Toda essa energia imp\u00f4s ritmo exclusivo ao evento direcionando brilhantismo \u00edmpar \u00e0 profissional de imprensa. \u00a0Adiciona-se, ainda, a incurs\u00e3o espont\u00e2nea de gente do interior \u00e0 capital s\u00f3 para prestigi\u00e1-la.<!--more--><\/p>\n<p>Ao discursar, Luciana pregou austeridade com os recursos p\u00fablicos, deixou claro que \u00e9 do povo e trabalhar\u00e1 exclusivamente para ele.<\/p>\n<p>Suas palavras ecoaram por todo o ambiente designado \u00e0 realiza\u00e7\u00e3o da conven\u00e7\u00e3o emocionando parte significativa do p\u00fablico:<\/p>\n<p>\u201cEu sou o novo! Sou a Assembleia dando\u00a0 vez a quem n\u00e3o tem voz.\u00a0 Chega de mentira! Chega de privil\u00e9gios! Chega de desrespeito com o dinheiro p\u00fablico\u201d, asseverou.<\/p>\n<p>Tamb\u00e9m se comprometeu a lutar contra privil\u00e9gios e regalias da classe pol\u00edtica rondoniense.<\/p>\n<p><img data-recalc-dims=\"1\" decoding=\"async\" class=\"alignnone size-full wp-image-317\" src=\"https:\/\/oespectadorcom.files.wordpress.com\/2018\/07\/03.jpg?w=600\" sizes=\"(max-width: 656px) 100vw, 656px\" srcset=\"https:\/\/oespectadorcom.files.wordpress.com\/2018\/07\/03.jpg?w=656 656w, https:\/\/oespectadorcom.files.wordpress.com\/2018\/07\/03.jpg?w=150 150w, https:\/\/oespectadorcom.files.wordpress.com\/2018\/07\/03.jpg?w=300 300w, https:\/\/oespectadorcom.files.wordpress.com\/2018\/07\/03.jpg?w=768 768w, https:\/\/oespectadorcom.files.wordpress.com\/2018\/07\/03.jpg?w=1024 1024w, https:\/\/oespectadorcom.files.wordpress.com\/2018\/07\/03.jpg 1280w\" alt=\"03\" data-attachment-id=\"317\" data-permalink=\"https:\/\/oespectador.com\/2018\/07\/30\/jornalista-agrega-inedita-uniao-de-frentes-populares-e-multipartidarias\/attachment\/03\/\" data-orig-file=\"https:\/\/oespectadorcom.files.wordpress.com\/2018\/07\/03.jpg?w=656\" data-orig-size=\"1280,1075\" data-comments-opened=\"1\" data-image-meta=\"{&quot;aperture&quot;:&quot;0&quot;,&quot;credit&quot;:&quot;&quot;,&quot;camera&quot;:&quot;&quot;,&quot;caption&quot;:&quot;&quot;,&quot;created_timestamp&quot;:&quot;0&quot;,&quot;copyright&quot;:&quot;&quot;,&quot;focal_length&quot;:&quot;0&quot;,&quot;iso&quot;:&quot;0&quot;,&quot;shutter_speed&quot;:&quot;0&quot;,&quot;title&quot;:&quot;&quot;,&quot;orientation&quot;:&quot;1&quot;}\" data-image-title=\"03\" data-image-description=\"\" data-medium-file=\"https:\/\/oespectadorcom.files.wordpress.com\/2018\/07\/03.jpg?w=656?w=300\" data-large-file=\"https:\/\/oespectadorcom.files.wordpress.com\/2018\/07\/03.jpg?w=656?w=656\" \/><\/p>\n<p>Luciana vem com uma proposta realmente diferente: a de cumprir um mandato com um Conselho Social. \u00c9 uma forma de manter o contato com a sociedade para for\u00e7ar um controle social sobre o Legislativo.<\/p>\n<p>Institu\u00eddo, o Conselho se reunir\u00e1 a cada dois meses a fim de que a sociedade ajude a pautar a a\u00e7\u00e3o da parlamentar e interferir nas dos demais.<\/p>\n<div class=\"jetpack-video-wrapper\"><span class=\"embed-youtube\"><iframe loading=\"lazy\" class=\"youtube-player\" src=\"https:\/\/www.youtube.com\/embed\/JPb_AskfwJ4?version=3&amp;rel=1&amp;fs=1&amp;autohide=2&amp;showsearch=0&amp;showinfo=1&amp;iv_load_policy=1&amp;wmode=transparent\" width=\"300\" height=\"150\" allowfullscreen=\"allowfullscreen\" data-ratio=\"0.6671428571428571\" data-width=\"700\" data-height=\"467\" data-mce-fragment=\"1\"><\/iframe><\/span><\/div>\n<div id=\"jp-post-flair\" class=\"sharedaddy sd-like-enabled sd-sharing-enabled\"><\/div>\n","protected":false},"excerpt":{"rendered":"<p>Ativista Luciana Oliveira \u00e9 lan\u00e7ada oficialmente candidata a deputada estadual de Rond\u00f4nia pelo PSB POR VINICIUS CANOVA Porto Velho, RO \u2013\u00a0A jornalista Luciana Oliveira, conhecida principalmente pelo contundente ativismo praticado atrav\u00e9s de seu blog independente, foi exaltada por in\u00fameros apoiadores durante a conven\u00e7\u00e3o do PSB, ocorrida na manh\u00e3 do \u00faltimo domingo (29) em Porto Velho&#8230;.<a class=\"more-link\" href=\"http:\/\/blogdalucianaoliveira.com.br\/blog\/2018\/07\/30\/jornalista-agrega-inedita-uniao-de-frentes-populares-e-multipartidarias\/\">Continue a leitura <span class=\"meta-nav\">&raquo;<\/span><\/a><\/p>\n","protected":false},"author":1,"featured_media":0,"comment_status":"closed","ping_status":"open","sticky":false,"template":"","format":"standard","meta":{"_exactmetrics_skip_tracking":false,"_exactmetrics_sitenote_active":false,"_exactmetrics_sitenote_note":"","_exactmetrics_sitenote_category":0,"jetpack_post_was_ever_published":false,"_jetpack_newsletter_access":"","_jetpack_dont_email_post_to_subs":false,"_jetpack_newsletter_tier_id":0,"_jetpack_memberships_contains_paywalled_content":false,"_jetpack_memberships_contains_paid_content":false,"footnotes":"","jetpack_publicize_message":"","jetpack_publicize_feature_enabled":true,"jetpack_social_post_already_shared":true,"jetpack_social_options":{"image_generator_settings":{"template":"highway","enabled":false},"version":2}},"categories":[1],"tags":[],"class_list":["post-18737","post","type-post","status-publish","format-standard","hentry","category-notas"],"jetpack_publicize_connections":[],"jetpack_sharing_enabled":true,"jetpack_featured_media_url":"","jetpack_shortlink":"https:\/\/wp.me\/p7wKYW-4Sd","jetpack-related-posts":[],"_links":{"self":[{"href":"http:\/\/blogdalucianaoliveira.com.br\/blog\/wp-json\/wp\/v2\/posts\/18737","targetHints":{"allow":["GET"]}}],"collection":[{"href":"http:\/\/blogdalucianaoliveira.com.br\/blog\/wp-json\/wp\/v2\/posts"}],"about":[{"href":"http:\/\/blogdalucianaoliveira.com.br\/blog\/wp-json\/wp\/v2\/types\/post"}],"author":[{"embeddable":true,"href":"http:\/\/blogdalucianaoliveira.com.br\/blog\/wp-json\/wp\/v2\/users\/1"}],"replies":[{"embeddable":true,"href":"http:\/\/blogdalucianaoliveira.com.br\/blog\/wp-json\/wp\/v2\/comments?post=18737"}],"version-history":[{"count":2,"href":"http:\/\/blogdalucianaoliveira.com.br\/blog\/wp-json\/wp\/v2\/posts\/18737\/revisions"}],"predecessor-version":[{"id":18740,"href":"http:\/\/blogdalucianaoliveira.com.br\/blog\/wp-json\/wp\/v2\/posts\/18737\/revisions\/18740"}],"wp:attachment":[{"href":"http:\/\/blogdalucianaoliveira.com.br\/blog\/wp-json\/wp\/v2\/media?parent=18737"}],"wp:term":[{"taxonomy":"category","embeddable":true,"href":"http:\/\/blogdalucianaoliveira.com.br\/blog\/wp-json\/wp\/v2\/categories?post=18737"},{"taxonomy":"post_tag","embeddable":true,"href":"http:\/\/blogdalucianaoliveira.com.br\/blog\/wp-json\/wp\/v2\/tags?post=18737"}],"curies":[{"name":"wp","href":"https:\/\/api.w.org\/{rel}","templated":true}]}}